{"id":20868,"date":"2015-04-16T09:45:05","date_gmt":"2015-04-16T07:45:05","guid":{"rendered":"http:\/\/www.invarena.cz\/?p=20868"},"modified":"2015-04-16T09:45:14","modified_gmt":"2015-04-16T07:45:14","slug":"neutuchajici-nadseni-prave-to-symbolizuje-letosni-vitez-kresadla-martin-kubat-z-brodu","status":"publish","type":"post","link":"https:\/\/www.invarena.cz\/?p=20868","title":{"rendered":"Neutuchaj\u00edc\u00ed nad\u0161en\u00ed. Pr\u00e1v\u011b to symbolizuje leto\u0161n\u00ed v\u00edt\u011bz K\u0159esadla, Martin Kub\u00e1t z Brodu"},"content":{"rendered":"<p><strong>Poprv\u00e9 se do dobrovolnictv\u00ed zapojil Martin Kub\u00e1t p\u0159ed n\u011bkolika lety. Tehdy \u0161el se svoji kamar\u00e1dkou do pelh\u0159imovsk\u00e9ho Klubu Kl\u00ed\u010dek, kde se za\u010dal starat o napln\u011bn\u00ed voln\u00e9ho \u010dasu posti\u017een\u00fdch d\u011bt\u00ed.<\/strong><!--more--><\/p>\n<p>Havl\u00ed\u010dk\u016fv Brod \u2013 &#8222;Zpo\u010d\u00e1tku jsem byl trochu nesv\u016fj, ale d\u011bti mi opravdu p\u0159irostly k srdci,&#8220; \u0159\u00edk\u00e1 zanedlouho p\u011bta\u010dty\u0159icetilet\u00fd chlap\u00edk. Od t\u00e9 doby se dobrovolnick\u00e9 pr\u00e1ci v\u011bnuje doslova na pln\u00e9 pecky.<\/p>\n<p>Nezi\u0161tn\u00fdch akc\u00ed, do kter\u00fdch se b\u011bhem let zapojil, je toti\u017e opravdu hodn\u011b. A\u017e se vlastn\u011b nechce v\u011b\u0159it tomu, \u017ee to v\u0161e lze stihnout. &#8222;S\u00e1m jsem svobodn\u00fd, a to je asi jeden z hlavn\u00edch d\u016fvod\u016f, pro\u010d m\u00e1m na dobrovolnictv\u00ed tolik \u010dasu,&#8220; usm\u00edv\u00e1 se Kub\u00e1t, kter\u00fd pracuje jako posunova\u010d na dr\u00e1ze. &#8222;Nejv\u00edc \u010dasu tr\u00e1v\u00edm v havl\u00ed\u010dkobrodsk\u00e9 knihovn\u011b p\u0159i Duhov\u00fdch hr\u00e1tk\u00e1ch, to jsou d\u00edlni\u010dky pro d\u011bti. Jinak jsem se je\u0161t\u011b v posledn\u00ed dob\u011b z\u00fa\u010dastnil v knihovn\u011b akce pro d\u011bti Noc s Andersenem a \u010dten\u00ed poh\u00e1dek pro d\u011bti v nemocnici. Ve FOKUSu Vyso\u010dina jsem se na konci roku zapojil do N\u00e1rodn\u00ed potravinov\u00e9 sb\u00edrky, co\u017e byla opravdu vynikaj\u00edc\u00ed akce, a te\u010f ned\u00e1vno do p\u0159\u00edpravy Komunitn\u00edho chr\u00e1n\u011bn\u00e9ho bydlen\u00ed. Hodn\u011b jezd\u00edm do Pelh\u0159imova do zmi\u0148ovan\u00e9ho Klubu Kl\u00ed\u010dek a nav\u0161t\u011bvoval jsem tak\u00e9 Domov d\u016fchodc\u016f v Humpolci,&#8220; vypo\u010d\u00edt\u00e1v\u00e1 sv\u00e9 aktivity Martin Kub\u00e1t. Ten si za sv\u00e9 neutuchaj\u00edc\u00ed nad\u0161en\u00ed vyslou\u017eil od pracovnice havl\u00ed\u010dkobrodsk\u00e9 knihovny, Marcely Valeck\u00e9, nominaci na K\u0159esadlo 2014 a symbolickou cenu tak\u00e9 ve velk\u00e9 konkurenci nakonec z\u00edskal.<\/p>\n<p>&#8222;Velice si toho v\u00e1\u017e\u00edm,&#8220; hlesl skromn\u011b p\u0159i p\u0159ed\u00e1v\u00e1n\u00ed K\u0159esadla do mikrofonu. V\u00edc snad ani nebylo t\u0159eba \u0159\u00edkat.<\/p>\n<p>Jak se zd\u00e1, Martin Kub\u00e1t ve sv\u00e9m nad\u0161en\u00ed polevit nehodl\u00e1 ani nad\u00e1le. A to je dob\u0159e.<\/p>\n<p>JITKA \u0160TEF\u00c1\u010cKOV\u00c1<br \/>\nHavl\u00ed\u010dkobrodsk\u00fd den\u00edk<br \/>\n<a href=\"http:\/\/havlickobrodsky.denik.cz\/\">http:\/\/havlickobrodsky.denik.cz\/<\/a><\/p>\n","protected":false},"excerpt":{"rendered":"<div class=\"mh-excerpt\"><p>Poprv\u00e9 se do dobrovolnictv\u00ed zapojil Martin Kub\u00e1t p\u0159ed n\u011bkolika lety. Tehdy \u0161el se svoji kamar\u00e1dkou do pelh\u0159imovsk\u00e9ho Klubu Kl\u00ed\u010dek, kde se za\u010dal starat o napln\u011bn\u00ed <a class=\"mh-excerpt-more\" href=\"https:\/\/www.invarena.cz\/?p=20868\" title=\"Neutuchaj\u00edc\u00ed nad\u0161en\u00ed. Pr\u00e1v\u011b to symbolizuje leto\u0161n\u00ed v\u00edt\u011bz K\u0159esadla, Martin Kub\u00e1t z Brodu\">[&#8230;]<\/a><\/p>\n<\/div>","protected":false},"author":1,"featured_media":19487,"comment_status":"open","ping_status":"closed","sticky":false,"template":"","format":"standard","meta":{"footnotes":""},"categories":[9],"tags":[],"class_list":["post-20868","post","type-post","status-publish","format-standard","has-post-thumbnail","hentry","category-zpravy"],"_links":{"self":[{"href":"https:\/\/www.invarena.cz\/index.php?rest_route=\/wp\/v2\/posts\/20868","targetHints":{"allow":["GET"]}}],"collection":[{"href":"https:\/\/www.invarena.cz\/index.php?rest_route=\/wp\/v2\/posts"}],"about":[{"href":"https:\/\/www.invarena.cz\/index.php?rest_route=\/wp\/v2\/types\/post"}],"author":[{"embeddable":true,"href":"https:\/\/www.invarena.cz\/index.php?rest_route=\/wp\/v2\/users\/1"}],"replies":[{"embeddable":true,"href":"https:\/\/www.invarena.cz\/index.php?rest_route=%2Fwp%2Fv2%2Fcomments&post=20868"}],"version-history":[{"count":0,"href":"https:\/\/www.invarena.cz\/index.php?rest_route=\/wp\/v2\/posts\/20868\/revisions"}],"wp:featuredmedia":[{"embeddable":true,"href":"https:\/\/www.invarena.cz\/index.php?rest_route=\/wp\/v2\/media\/19487"}],"wp:attachment":[{"href":"https:\/\/www.invarena.cz\/index.php?rest_route=%2Fwp%2Fv2%2Fmedia&parent=20868"}],"wp:term":[{"taxonomy":"category","embeddable":true,"href":"https:\/\/www.invarena.cz\/index.php?rest_route=%2Fwp%2Fv2%2Fcategories&post=20868"},{"taxonomy":"post_tag","embeddable":true,"href":"https:\/\/www.invarena.cz\/index.php?rest_route=%2Fwp%2Fv2%2Ftags&post=20868"}],"curies":[{"name":"wp","href":"https:\/\/api.w.org\/{rel}","templated":true}]}}