{"id":20880,"date":"2015-04-17T06:03:50","date_gmt":"2015-04-17T04:03:50","guid":{"rendered":"http:\/\/www.invarena.cz\/?p=20880"},"modified":"2015-04-17T06:03:50","modified_gmt":"2015-04-17T04:03:50","slug":"litame-v-tom-vsichni-ve-vzduchu-neexistuji-bariery","status":"publish","type":"post","link":"https:\/\/www.invarena.cz\/?p=20880","title":{"rendered":"L\u00edt\u00e1me v tom v\u0161ichni \u2013 ve vzduchu neexistuj\u00ed bari\u00e9ry"},"content":{"rendered":"<p>V pond\u011bl\u00ed 27. dubna 2015 se v jedin\u00e9m v\u011btrn\u00e9m tunelu v \u010cesku \u2013 Hurricane Factory Praha &#8211; uskute\u010dn\u00ed unik\u00e1tn\u00ed projekt na podporu znev\u00fdhodn\u011bn\u00fdch osob ve spole\u010dnosti \u201eL\u00edt\u00e1me v tom v\u0161ichni.\u201c V tunelu simuluj\u00edc\u00edm voln\u00fd p\u00e1d, s proud\u011bn\u00edm vzduchu a\u017e 270 km za hodinu, spolu budou l\u00e9tat voz\u00ed\u010dk\u00e1\u0159i, amput\u00e1\u0159i, nevidom\u00ed, nesly\u0161\u00edc\u00ed, ment\u00e1ln\u011b posti\u017een\u00ed, d\u011bti z d\u011btsk\u00fdch domov\u016f, d\u011bti s onkologick\u00fdm onemocn\u011bn\u00edm a senio\u0159i.<!--more--><\/p>\n<p> Smyslem projektu je uk\u00e1zat ve\u0159ejnosti, \u017ee pokud je v\u016fle, m\u016f\u017eou i lid\u00e9 s omezen\u00edm \u017e\u00edt aktivn\u011b a plnohodnotn\u011b ve spole\u010dnosti, j\u00ed\u017e jsou p\u0159irozenou sou\u010d\u00e1st\u00ed.<\/p>\n<p>Projekt l\u00edt\u00e1me v tom v\u0161ichni organizuje neziskov\u00e1 organizace Cesta za snem, o.s. voz\u00ed\u010dk\u00e1\u0159e He\u0159mana Volfa, ve spolupr\u00e1ci se spole\u010dnost\u00ed Hurricane Factory Praha, provozovatelem jedin\u00e9ho simul\u00e1toru voln\u00e9ho p\u00e1du u n\u00e1s.<\/p>\n<p>\u201eMo\u017enost vyzkou\u0161et si l\u00e9t\u00e1n\u00ed ve v\u011btrn\u00e9m tunelu m\u011b okam\u017eit\u011b nadchla,\u201c \u0159\u00edk\u00e1 He\u0159man Volf, kter\u00fd usedl na invalidn\u00ed voz\u00edk p\u0159ed deseti lety po ne\u0161\u0165astn\u00e9m p\u00e1du na ly\u017e\u00edch.<\/p>\n<p>\u201eU\u017e jsem zkou\u0161el sk\u00e1kat z letadla v tandemu s instruktorem, ale neuspokojovalo m\u011b to.  Ve v\u0161ech aktivit\u00e1ch, kter\u00e9 d\u011bl\u00e1m, chci b\u00fdt maxim\u00e1ln\u011b sob\u011bsta\u010dn\u00fd a vyrovnat se zdrav\u00fdm lidem. Vyzkou\u0161el jsem si, \u017ee ve v\u011btrn\u00e9m tunelu mohu l\u00e9tat s\u00e1m. \u0160lo mi to stejn\u011b dob\u0159e, jako nehandicapovan\u00fdm za\u010d\u00e1te\u010dn\u00edk\u016fm. Cht\u011bl jsem, aby si pocit volnosti p\u0159i letu mohli vyzkou\u0161et i jin\u00ed. Nejen lidi na voz\u00edku, ale tak\u00e9 lid\u00e9 s amputacemi, nevidom\u00ed, nesly\u0161\u00edc\u00ed nebo lid\u00e9 s ment\u00e1ln\u00edm posti\u017een\u00edm,\u201c komentuje d\u016fvody ke vzniku projektu He\u0159man Volf.<\/p>\n<p>Den pln\u00fd l\u00e9t\u00e1n\u00ed bez bari\u00e9r bude rozd\u011blen do \u010dty\u0159 blok\u016f. V prvn\u00edm bloku si simul\u00e1tor voln\u00e9ho p\u00e1du vyzkou\u0161ej\u00ed d\u011bti z d\u011btsk\u00fdch domov\u016f a onkologick\u00fdm onemocn\u011bn\u00edm, lid\u00e9 s ment\u00e1ln\u00edm posti\u017een\u00edm a senio\u0159i. V druh\u00e9m bloku spolu budou l\u00e9tat nevidom\u00ed a nesly\u0161\u00edc\u00ed. Ve t\u0159et\u00edm voz\u00ed\u010dk\u00e1\u0159i a amput\u00e1\u0159i a posledn\u00ed, \u010dtvrt\u00fd bude v\u011bnov\u00e1n zn\u00e1m\u00fdm osobnostem a vybran\u00fdm novin\u00e1\u0159\u016fm.<\/p>\n<p>Mezi osobnosti, kter\u00e9 se projekt rozhodly podpo\u0159it, pat\u0159\u00ed Ji\u0159\u00ed Je\u017eek, nej\u00fasp\u011b\u0161n\u011bj\u0161\u00ed para-cyklista historie, David Drahon\u00ednsk\u00fd, dr\u017eitel dvou paralympijsk\u00fdch medail\u00ed z lukost\u0159elby, Stanislav Bart\u016f\u0161ek, sportovn\u00ed koment\u00e1tor \u010cesk\u00e9 televize a poko\u0159itel havajsk\u00e9ho Iron Mana a dal\u0161\u00ed. Na projektu d\u00e1le spolupracuj\u00ed Centrum Paraple, Jedli\u010dk\u016fv \u00fastav v Praze, Srdcerv\u00e1\u0159i, Neviditeln\u00fd v\u00fdstava nebo \u010cesk\u00e9 centrum znakov\u00e9ho jazyka Pevnost.  <\/p>\n<p>\u201eZakl\u00e1d\u00e1me si na tom, \u017ee l\u00e9tat v tunelu m\u016f\u017ee kdokoli od p\u011bti let v\u011bku. Proto jsme k p\u016fvodn\u00ed my\u0161lence Cesty za snem, o.s. \u201el\u00e9t\u00e1n\u00ed handicapovan\u00fdch\u201c p\u0159idali je\u0161t\u011b d\u011bti z d\u011btsk\u00fdch domov\u016f, d\u011bti s onkologick\u00fdm onemocn\u011bn\u00edm a seniory,\u201c \u0159\u00edk\u00e1 Eva Rozkovcov\u00e1, marketingov\u00e1 mana\u017eerka Hurricane Factory Praha a dod\u00e1v\u00e1: \u201eNic podobn\u00e9ho v takov\u00e9m rozm\u011bru a s tolika skupinami lid\u00ed se specifick\u00fdmi pot\u0159ebami zat\u00edm nikdo nevyzkou\u0161el. Pokud se n\u00e1m v\u0161e povede, v\u011b\u0159\u00edm, \u017ee to pro z\u00fa\u010dastn\u011bn\u00e9 bude nezapomenuteln\u00fd z\u00e1\u017eitek, ale tak\u00e9, \u017ee dok\u00e1\u017eeme zdravotn\u011b a soci\u00e1ln\u011b znev\u00fdhodn\u011bn\u00e9 motivovat k aktivn\u00edmu stylu \u017eivota.\u201c<\/p>\n<p>\u201eL\u00edt\u00e1me v tom v\u0161ichni\u201c je odv\u00e1\u017en\u00fd a nov\u00e1torsk\u00fd projekt na podporu integrace znev\u00fdhodn\u011bn\u00fdch osob do spole\u010dnosti. M\u00e1 za c\u00edl posunout mantinely mo\u017enost\u00ed aktivit s handicapem, inspirovat lidi se zdravotn\u00edmi, psychick\u00fdmi \u010di jin\u00fdmi probl\u00e9my, k odvaze zkou\u0161et nov\u00e9 v\u011bci a j\u00edt si za sv\u00fdm snem.<br \/>\nK spln\u011bn\u00ed snu sta\u010d\u00ed mnohdy jen rozhodnout se a m\u00edt ty spr\u00e1vn\u00e9 lidi kolem sebe. Ka\u017ed\u00fd z n\u00e1s tvo\u0159\u00ed celek jedn\u00e9 spole\u010dnosti. Sou\u010dasn\u011b nikdo nem\u016f\u017ee v\u011bd\u011bt, co bude z\u00edtra s n\u00edm a jeho bl\u00edzk\u00fdmi. Nejsme vtom sami. L\u00edt\u00e1me v tom v\u0161ichni!<\/p>\n<p>Tom\u00e1\u0161 Pch\u00e1lek<br \/>\nTiskov\u00e1 zpr\u00e1va<\/p>\n","protected":false},"excerpt":{"rendered":"<div class=\"mh-excerpt\"><p>V pond\u011bl\u00ed 27. dubna 2015 se v jedin\u00e9m v\u011btrn\u00e9m tunelu v \u010cesku \u2013 Hurricane Factory Praha &#8211; uskute\u010dn\u00ed unik\u00e1tn\u00ed projekt na podporu znev\u00fdhodn\u011bn\u00fdch osob ve <a class=\"mh-excerpt-more\" href=\"https:\/\/www.invarena.cz\/?p=20880\" title=\"L\u00edt\u00e1me v tom v\u0161ichni \u2013 ve vzduchu neexistuj\u00ed bari\u00e9ry\">[&#8230;]<\/a><\/p>\n<\/div>","protected":false},"author":1,"featured_media":20882,"comment_status":"open","ping_status":"closed","sticky":false,"template":"","format":"standard","meta":{"footnotes":""},"categories":[7],"tags":[],"class_list":["post-20880","post","type-post","status-publish","format-standard","has-post-thumbnail","hentry","category-spolecnost"],"_links":{"self":[{"href":"https:\/\/www.invarena.cz\/index.php?rest_route=\/wp\/v2\/posts\/20880","targetHints":{"allow":["GET"]}}],"collection":[{"href":"https:\/\/www.invarena.cz\/index.php?rest_route=\/wp\/v2\/posts"}],"about":[{"href":"https:\/\/www.invarena.cz\/index.php?rest_route=\/wp\/v2\/types\/post"}],"author":[{"embeddable":true,"href":"https:\/\/www.invarena.cz\/index.php?rest_route=\/wp\/v2\/users\/1"}],"replies":[{"embeddable":true,"href":"https:\/\/www.invarena.cz\/index.php?rest_route=%2Fwp%2Fv2%2Fcomments&post=20880"}],"version-history":[{"count":0,"href":"https:\/\/www.invarena.cz\/index.php?rest_route=\/wp\/v2\/posts\/20880\/revisions"}],"wp:featuredmedia":[{"embeddable":true,"href":"https:\/\/www.invarena.cz\/index.php?rest_route=\/wp\/v2\/media\/20882"}],"wp:attachment":[{"href":"https:\/\/www.invarena.cz\/index.php?rest_route=%2Fwp%2Fv2%2Fmedia&parent=20880"}],"wp:term":[{"taxonomy":"category","embeddable":true,"href":"https:\/\/www.invarena.cz\/index.php?rest_route=%2Fwp%2Fv2%2Fcategories&post=20880"},{"taxonomy":"post_tag","embeddable":true,"href":"https:\/\/www.invarena.cz\/index.php?rest_route=%2Fwp%2Fv2%2Ftags&post=20880"}],"curies":[{"name":"wp","href":"https:\/\/api.w.org\/{rel}","templated":true}]}}