{"id":20881,"date":"2015-04-17T01:46:22","date_gmt":"2015-04-16T23:46:22","guid":{"rendered":"http:\/\/www.invarena.cz\/?p=20881"},"modified":"2015-04-17T13:13:41","modified_gmt":"2015-04-17T11:13:41","slug":"nezapomente-navstivit-stan-proti-melanomu","status":"publish","type":"post","link":"https:\/\/www.invarena.cz\/?p=20881","title":{"rendered":"Nezapome\u0148te nav\u0161t\u00edvit stan proti melanomu"},"content":{"rendered":"<p><strong>P\u0159\u00edle\u017eitost k bezplatn\u00e9mu vy\u0161et\u0159en\u00ed ko\u017en\u00edch znam\u00e9nek budou m\u00edt lid\u00e9 27. a 28. dubna ve stanu proti melanomu v Praze na V\u00e1clavsk\u00e9m n\u00e1m\u011bst\u00ed, 11. kv\u011btna na n\u00e1m\u011bst\u00ed Svobody v Brn\u011b a 15. kv\u011btna v Avion Shopping Parku v Ostrav\u011b, v\u017edy od 10:00 do 18:00.<\/strong><!--more--><\/p>\n<p>Zv\u011bt\u0161ov\u00e1n\u00ed pigmentov\u00e9ho znam\u00e9nka do plochy, zm\u011bna barvy \u010di vyv\u00fd\u0161en\u00ed nad \u00farove\u0148 k\u016f\u017ee by podle p\u0159edn\u00edho \u010desk\u00e9ho dermatovenerologa profesora Petra Arenbergera m\u011bla lidi v\u00e9st k tomu, \u017ee si daj\u00ed k\u016f\u017ei vy\u0161et\u0159it. M\u016f\u017ee to b\u00fdt projev zhoubn\u00e9ho melanomu. Rizikov\u00e1 jsou i znam\u00e9nka o pr\u016fm\u011bru p\u0159es p\u011bt milimetr\u016f, krv\u00e1cej\u00edc\u00ed, sv\u011bd\u00edc\u00ed a s \u010derven\u00fdm lemem. Na vy\u0161et\u0159en\u00ed by m\u011bli p\u0159ij\u00edt i lid\u00e9, kter\u00fdm se objevilo nov\u00e9 znam\u00e9nko po 35. roce v\u011bku, anebo maj\u00ed v\u00edce ne\u017e 50 znam\u00e9nek.<\/p>\n<p>    &#8222;Zhoubn\u00fdch ko\u017en\u00edch melanom\u016f p\u0159ib\u00fdv\u00e1, za posledn\u00edch 40 let se jejich po\u010det v \u010cR zn\u00e1sobil sedmkr\u00e1t,&#8220; \u0159ekl dnes profesor novin\u00e1\u0159\u016fm s t\u00edm, \u017ee diagn\u00f3zu zhoubn\u00e9ho n\u00e1doru k\u016f\u017ee usly\u0161\u00ed letos 2525 \u010ce\u0161ek a \u010cech\u016f. &#8222;Vzhledem k tomu, \u017ee jde o \u010dast\u00fd n\u00e1dor, tak s touto diagn\u00f3zou bude letos v \u010cR \u017e\u00edt celkem 27.822 lid\u00ed,&#8220; up\u0159esnil p\u0159ednosta dermatovenerologick\u00e9 kliniky Fakultn\u00ed nemocnice Kr\u00e1lovsk\u00e9 Vinohrady Arenberger.<\/p>\n<p>    Dobr\u00e1 zpr\u00e1va podle profesora je, \u017ee d\u00edky osv\u011bt\u011b a preventivn\u00edm akc\u00edm p\u0159ich\u00e1z\u00ed na ko\u017en\u00ed prohl\u00eddky st\u00e1le v\u00edc lid\u00ed s n\u00e1dory v \u010dasn\u00fdch stadi\u00edch. &#8222;Na melanom se proto neum\u00edr\u00e1 tolik jako d\u0159\u00edv. Ro\u010dn\u011b je to v \u010cesku asi 365 nemocn\u00fdch,&#8220; doplnila docentka Monika Arenbergerov\u00e1 ze stejn\u00e9ho pracovi\u0161t\u011b.<\/p>\n<p>    Osv\u011bta vede lidi k tomu, aby se chr\u00e1nili proti slunci a z\u00e1rove\u0148 aby lid\u00e9 ve zv\u00fd\u0161en\u00e9m riziku chodili na preventivn\u00ed prohl\u00eddky. Tak lze omezit riziko rozvoje ko\u017en\u00ed rakoviny na minimum, shodli se oba l\u00e9ka\u0159i.<\/p>\n<p>    P\u0159\u00edle\u017eitost k bezplatn\u00e9mu vy\u0161et\u0159en\u00ed ko\u017en\u00edch znam\u00e9nek budou m\u00edt lid\u00e9 27. a 28. dubna ve stanu proti melanomu v Praze na V\u00e1clavsk\u00e9m n\u00e1m\u011bst\u00ed, 11. kv\u011btna na n\u00e1m\u011bst\u00ed Svobody v Brn\u011b a 15. kv\u011btna v Avion Shopping Parku v Ostrav\u011b, v\u017edy od 10:00 do 18:00.<\/p>\n<p>    Leto\u0161n\u00ed preventivn\u00ed akce m\u00ed\u0159\u00ed na mu\u017ee 50+. &#8222;N\u00e1\u0161 typick\u00fd pacient je mu\u017e, ve v\u011bku 54 let, kter\u00fd p\u0159ijde s relativn\u011b pokro\u010dil\u00fdm melanomem na z\u00e1dech, a\u017e kdy\u017e mu melanom za\u010dne krv\u00e1cet p\u0159es ko\u0161ili,&#8220; upozornil Arenberger. Dal\u0161\u00ed rizikovou skupinou jsou d\u00edvky a mlad\u00e9 \u017eeny od deseti do 29 let, kter\u00e9 podlehly trendu sn\u011bd\u00e9 k\u016f\u017ee. Odborn\u00edci odhaduj\u00ed, \u017ee a\u017e polovina lid\u00ed, kte\u0159\u00ed se do\u017eij\u00ed 65 let, budou m\u00edt rakovinu k\u016f\u017ee.<\/p>\n<p>    V lo\u0148sk\u00e9 akci Stan proti melanomu bylo ve t\u0159ech m\u011bstech b\u011bhem \u010dty\u0159 dn\u00ed vy\u0161et\u0159eno 3734 lid\u00ed, odhaleno bylo 34 melanom\u016f, 67 bazaliom\u016f a 29 spinaliom\u016f. V\u00edce o projektu na www.melanom.cz <\/p>\n","protected":false},"excerpt":{"rendered":"<div class=\"mh-excerpt\"><p>P\u0159\u00edle\u017eitost k bezplatn\u00e9mu vy\u0161et\u0159en\u00ed ko\u017en\u00edch znam\u00e9nek budou m\u00edt lid\u00e9 27. a 28. dubna ve stanu proti melanomu v Praze na V\u00e1clavsk\u00e9m n\u00e1m\u011bst\u00ed, 11. kv\u011btna na <a class=\"mh-excerpt-more\" href=\"https:\/\/www.invarena.cz\/?p=20881\" title=\"Nezapome\u0148te nav\u0161t\u00edvit stan proti melanomu\">[&#8230;]<\/a><\/p>\n<\/div>","protected":false},"author":1,"featured_media":3892,"comment_status":"open","ping_status":"closed","sticky":false,"template":"","format":"standard","meta":{"footnotes":""},"categories":[11],"tags":[],"class_list":["post-20881","post","type-post","status-publish","format-standard","has-post-thumbnail","hentry","category-zdravi"],"_links":{"self":[{"href":"https:\/\/www.invarena.cz\/index.php?rest_route=\/wp\/v2\/posts\/20881","targetHints":{"allow":["GET"]}}],"collection":[{"href":"https:\/\/www.invarena.cz\/index.php?rest_route=\/wp\/v2\/posts"}],"about":[{"href":"https:\/\/www.invarena.cz\/index.php?rest_route=\/wp\/v2\/types\/post"}],"author":[{"embeddable":true,"href":"https:\/\/www.invarena.cz\/index.php?rest_route=\/wp\/v2\/users\/1"}],"replies":[{"embeddable":true,"href":"https:\/\/www.invarena.cz\/index.php?rest_route=%2Fwp%2Fv2%2Fcomments&post=20881"}],"version-history":[{"count":0,"href":"https:\/\/www.invarena.cz\/index.php?rest_route=\/wp\/v2\/posts\/20881\/revisions"}],"wp:featuredmedia":[{"embeddable":true,"href":"https:\/\/www.invarena.cz\/index.php?rest_route=\/wp\/v2\/media\/3892"}],"wp:attachment":[{"href":"https:\/\/www.invarena.cz\/index.php?rest_route=%2Fwp%2Fv2%2Fmedia&parent=20881"}],"wp:term":[{"taxonomy":"category","embeddable":true,"href":"https:\/\/www.invarena.cz\/index.php?rest_route=%2Fwp%2Fv2%2Fcategories&post=20881"},{"taxonomy":"post_tag","embeddable":true,"href":"https:\/\/www.invarena.cz\/index.php?rest_route=%2Fwp%2Fv2%2Ftags&post=20881"}],"curies":[{"name":"wp","href":"https:\/\/api.w.org\/{rel}","templated":true}]}}