{"id":20894,"date":"2015-04-18T09:36:22","date_gmt":"2015-04-18T07:36:22","guid":{"rendered":"http:\/\/www.invarena.cz\/?p=20894"},"modified":"2015-04-18T09:36:51","modified_gmt":"2015-04-18T07:36:51","slug":"organizace-zajezdu-ji-drzi-pri-zivote","status":"publish","type":"post","link":"https:\/\/www.invarena.cz\/?p=20894","title":{"rendered":"Organizace z\u00e1jezd\u016f ji dr\u017e\u00ed p\u0159i \u017eivot\u011b"},"content":{"rendered":"<p><strong>Kouty \u010cesk\u00e9 republiky, Slovensko a Chorvatsko. To jsou nej\u010dast\u011bj\u0161\u00ed m\u00edsta, kam Bo\u017eena Pozneck\u00e1 ze Str\u00e1\u017enice jezd\u00ed se Svazem zdravotn\u011b posti\u017een\u00fdch.<\/strong><!--more--><\/p>\n<p>Je toti\u017e hlavn\u00ed organiz\u00e1torkou jejich z\u00e1jezd\u016f. &#8222;V\u0161e za\u010dalo p\u0159ed sedmn\u00e1cti lety, kdy byl jeden m\u016fj rodinn\u00fd p\u0159\u00edslu\u0161n\u00edk \u0159editelem v\u0161ech l\u00e1zn\u00ed. Doporu\u010dil mi, abychom jezd\u00edvali do Mari\u00e1nsk\u00fdch l\u00e1zn\u00ed,&#8220; vzpom\u00edn\u00e1 Pozneck\u00e1, kter\u00e1 krom\u011b l\u00e1ze\u0148sk\u00fdch m\u011bst br\u00e1vala klienty na t\u00fddenn\u00ed pobyty do Vysok\u00fdch Tater. &#8222;Jezd\u00edvali jsme t\u0159emi autobusy. Pamatuji si, \u017ee n\u011bkter\u00fd rok jich jelo dokonce p\u011bt, ale po\u0159\u00e1d to nesta\u010dilo. Z\u00e1jem byl opravdu velk\u00fd,&#8220; dopl\u0148uje.<\/p>\n<p>P\u0159ed necel\u00fdmi p\u011bti lety za\u010dala spolupracovat s velkou cestovkou a otev\u0159ely se tak mo\u017enosti nav\u0161t\u00edvit cel\u00fd sv\u011bt. &#8222;Dostali jsme se pod jej\u00ed k\u0159\u00eddla. Cestovn\u00ed kancel\u00e1\u0159 n\u00e1m dala mo\u017enost velk\u00fdch slev pro zdravotn\u011b posti\u017een\u00e9,&#8220; uv\u00e1d\u00ed sympatick\u00e1 \u017eena.<br \/>\nN\u011bkolikr\u00e1t ro\u010dn\u011b nav\u0161t\u011bvuj\u00ed jej\u00ed sv\u011b\u0159enci na t\u00fdden slovensk\u00e9 Bojnice, Luha\u010dovice, Vysok\u00e9 i N\u00edzk\u00e9 Tatry \u010di Chorvatsko.<\/p>\n<p>Na jednodenn\u00ed z\u00e1jezdy jezd\u00ed nej\u010dast\u011bji do term\u00e1l\u016f, Osv\u011btimi, Soln\u00fdch dol\u016f nebo na pra\u017esk\u00e9 muzik\u00e1ly. &#8222;O ty je ohromn\u00fd z\u00e1jem. P\u0159id\u00e1v\u00e1me autobusy,&#8220; seznamuje se \u017ehav\u00fdm favority Pozneck\u00e1. Krom\u011b zdravotn\u011b handicapovan\u00fdch dopl\u0148uj\u00ed autobusy i dal\u0161\u00ed z\u00e1jemci.<\/p>\n<p>Z cest m\u00e1 \u0159adu humorn\u00fdch historek. &#8222;Dokonce mi st\u00e1le pos\u00edlaj\u00ed d\u011bkovn\u00e9 dopisy,&#8220; \u0159\u00edk\u00e1 Str\u00e1\u017eni\u010danka. Energie na po\u0159\u00e1d\u00e1n\u00ed z\u00e1jezd\u016f j\u00ed nechyb\u00ed. &#8222;M\u00e1m endoprot\u00e9zy a bol\u00ed m\u011b kolena, ale d\u00edky tomu, \u017ee m\u00e1m tolik pr\u00e1ce s organizac\u00ed, zapom\u00edn\u00e1m na bolesti a nemoci. Nem\u00e1m \u010das nad nimi v\u016fbec p\u0159em\u00fd\u0161let. Pr\u00e1ce a cestov\u00e1n\u00ed m\u011b dr\u017e\u00ed p\u0159i \u017eivot\u011b,&#8220; sm\u011bje se.<\/p>\n<p>Do budoucna by je\u0161t\u011b r\u00e1da uskute\u010dnila okru\u017en\u00ed plavbu lod\u00ed, p\u0159i n\u00ed\u017e by se v\u00fdletn\u00edci pod\u00edvali do It\u00e1lie, \u0160pan\u011blska, Francie i Tuniska. &#8222;V pl\u00e1nu je jak Chorvatsko, tak i \u0158ecko. Mo\u017en\u00e1 se n\u00e1m poda\u0159\u00ed domluvit i levn\u011bj\u0161\u00ed letenky. Jestli se uklidn\u00ed situace, r\u00e1di bychom se pod\u00edvali tak\u00e9 do Svat\u00e9 zem\u011b,&#8220; dod\u00e1v\u00e1 \u017eena s t\u00edm, \u017ee u\u017e m\u00e1 \u010das od \u010dasu nutk\u00e1n\u00ed s organizac\u00ed skon\u010dit. &#8222;N\u011bkdy je opravdu \u00fanavn\u00e9 z\u00edsk\u00e1vat p\u0159\u00edsp\u011bvky a dohodnout dobr\u00e9 ceny,&#8220; uzav\u00edr\u00e1 energick\u00e1 \u017eena s t\u00edm, \u017ee u\u017e p\u0159em\u00fd\u0161l\u00ed, kam pojedou p\u0159\u00ed\u0161t\u011b.<\/p>\n<p>PETRA \u010cECHOV\u00c1<br \/>\nhttp:\/\/hodoninsky.denik.cz\/<\/p>\n","protected":false},"excerpt":{"rendered":"<div class=\"mh-excerpt\"><p>Kouty \u010cesk\u00e9 republiky, Slovensko a Chorvatsko. To jsou nej\u010dast\u011bj\u0161\u00ed m\u00edsta, kam Bo\u017eena Pozneck\u00e1 ze Str\u00e1\u017enice jezd\u00ed se Svazem zdravotn\u011b posti\u017een\u00fdch.<\/p>\n<\/div>","protected":false},"author":1,"featured_media":3027,"comment_status":"open","ping_status":"closed","sticky":false,"template":"","format":"standard","meta":{"footnotes":""},"categories":[9],"tags":[],"class_list":["post-20894","post","type-post","status-publish","format-standard","has-post-thumbnail","hentry","category-zpravy"],"_links":{"self":[{"href":"https:\/\/www.invarena.cz\/index.php?rest_route=\/wp\/v2\/posts\/20894","targetHints":{"allow":["GET"]}}],"collection":[{"href":"https:\/\/www.invarena.cz\/index.php?rest_route=\/wp\/v2\/posts"}],"about":[{"href":"https:\/\/www.invarena.cz\/index.php?rest_route=\/wp\/v2\/types\/post"}],"author":[{"embeddable":true,"href":"https:\/\/www.invarena.cz\/index.php?rest_route=\/wp\/v2\/users\/1"}],"replies":[{"embeddable":true,"href":"https:\/\/www.invarena.cz\/index.php?rest_route=%2Fwp%2Fv2%2Fcomments&post=20894"}],"version-history":[{"count":0,"href":"https:\/\/www.invarena.cz\/index.php?rest_route=\/wp\/v2\/posts\/20894\/revisions"}],"wp:featuredmedia":[{"embeddable":true,"href":"https:\/\/www.invarena.cz\/index.php?rest_route=\/wp\/v2\/media\/3027"}],"wp:attachment":[{"href":"https:\/\/www.invarena.cz\/index.php?rest_route=%2Fwp%2Fv2%2Fmedia&parent=20894"}],"wp:term":[{"taxonomy":"category","embeddable":true,"href":"https:\/\/www.invarena.cz\/index.php?rest_route=%2Fwp%2Fv2%2Fcategories&post=20894"},{"taxonomy":"post_tag","embeddable":true,"href":"https:\/\/www.invarena.cz\/index.php?rest_route=%2Fwp%2Fv2%2Ftags&post=20894"}],"curies":[{"name":"wp","href":"https:\/\/api.w.org\/{rel}","templated":true}]}}