{"id":20909,"date":"2015-04-19T10:53:35","date_gmt":"2015-04-19T08:53:35","guid":{"rendered":"http:\/\/www.invarena.cz\/?p=20909"},"modified":"2015-04-19T10:53:27","modified_gmt":"2015-04-19T08:53:27","slug":"postizeni-vratme-se-pred-drabka","status":"publish","type":"post","link":"https:\/\/www.invarena.cz\/?p=20909","title":{"rendered":"Posti\u017een\u00ed: Vra\u0165me se p\u0159ed Dr\u00e1bka!"},"content":{"rendered":"<p><strong>Zm\u011bna posuzov\u00e1n\u00ed n\u00e1roku na p\u0159\u00edsp\u011bvek na p\u00e9\u010di, jak ji zavedla Dr\u00e1bkova reforma, p\u016fsob\u00ed existen\u010dn\u00ed probl\u00e9my mnoha t\u011b\u017ece zdravotn\u011b posti\u017een\u00fdm v \u010cR. Kdy se jim a jejich rodin\u00e1m rozhodne st\u00e1t pomoci?<\/strong><!--more--><\/p>\n<p>Tak zn\u011bla ot\u00e1zka v\u010derej\u0161\u00edho semin\u00e1\u0159e ve sn\u011bmovn\u011b. P\u0159\u00edsp\u011bvek na p\u00e9\u010di je z\u00e1sadn\u00ed d\u00e1vka pro mnoho t\u011b\u017ece zdravotn\u011b posti\u017een\u00fdch, odk\u00e1zan\u00fdch na pomoc druh\u00fdch. Podle uznan\u00e9ho stupn\u011b posti\u017een\u00ed \u010din\u00ed od 800 po dvan\u00e1ct tis\u00edc korun. <\/p>\n<p>Pro ty, kte\u0159\u00ed pe\u010duj\u00ed o posti\u017een\u00e9 \u010dleny rodiny, znamen\u00e1 \u010dasto z\u00e1sadn\u00ed zdroj p\u0159\u00edjm\u016f. Dr\u00e1bkov\u00fdmi reformami je ov\u0161em tak se\u0161krtan\u00fd, \u017ee se stovky posti\u017een\u00fdch a jejich rodin dost\u00e1vaj\u00ed do t\u00ed\u017eiv\u00e9 finan\u010dn\u00ed situace. Zat\u00edmco do konce roku 2011 se posuzoval stupe\u0148 posti\u017een\u00ed podle 36 krit\u00e9ri\u00ed v z\u00e1kon\u011b o soci\u00e1ln\u00edch slu\u017eb\u00e1ch a dal\u0161\u00edch \u0161edes\u00e1ti krit\u00e9ri\u00ed v prov\u00e1d\u011bc\u00ed vyhl\u00e1\u0161ce, od roku 2012 se posuzuje podle pouh\u00fdch deseti \u017eivotn\u00edch situac\u00ed. \u00bb\u0158ada lid\u00ed je p\u0159e\u0159azov\u00e1na do leh\u010d\u00edho stupn\u011b z\u00e1vislosti, ne\u017e jak\u00fd je jejich re\u00e1ln\u00fd zdravotn\u00ed a soci\u00e1ln\u00ed handicap,\u00ab kritizovali z\u00e1stupci nada\u010dn\u00edho fondu KlaPeto, kte\u0159\u00ed opakovan\u011b jednali s ministryn\u00ed pr\u00e1ce a soci\u00e1ln\u00edch v\u011bc\u00ed Michaelou Marksovou (\u010cSSD).<\/p>\n<p>Ta u\u017e p\u0159ed v\u00edce ne\u017e rokem sl\u00edbila, \u017ee se bude v\u011bc\u00ed zab\u00fdvat. \u00bbRychl\u00fdm \u0159e\u0161en\u00edm by bylo rozd\u011blit st\u00e1vaj\u00edc\u00edch deset podm\u00ednek na dal\u0161\u00ed podstupn\u011b v prov\u00e1d\u011bc\u00ed vyhl\u00e1\u0161ce. A nebylo by zapot\u0159eb\u00ed ani absolvovat legislativn\u00ed kole\u010dko ve sn\u011bmovn\u011b,\u00ab m\u00edn\u00ed spoluzakladatelka fondu Kate\u0159ina Klasnov\u00e1.<\/p>\n<p>\u00bbPot\u0159eba valorizovat p\u0159\u00edsp\u011bvky na p\u00e9\u010di je nal\u00e9hav\u00e1, u\u017e osm let jsou stejn\u00e9, ale ceny rostou.<br \/>\nNejde jen o valorizaci, ale i o zv\u00fd\u0161en\u00ed p\u0159\u00edsp\u011bvk\u016f. Za d\u016fle\u017eit\u00e9 tak\u00e9 pova\u017euji v\u011bt\u0161\u00ed podporu neform\u00e1ln\u00ed rodinn\u00e9 p\u00e9\u010di, proto\u017ee 70 % zdravotn\u011b posti\u017een\u00fdch je v p\u00e9\u010di sv\u00e9 rodiny. A pouze 35 % z pe\u010duj\u00edc\u00edch m\u00e1 zam\u011bstn\u00e1n\u00ed,\u00ab zd\u016fraznila poslankyn\u011b Marta Semelov\u00e1 (KS\u010cM). <\/p>\n<p>Pokud jde o posuzov\u00e1n\u00ed a rozd\u011blen\u00ed posti\u017een\u00fdch do kategori\u00ed, v\u011bt\u0161ina \u00fa\u010dastn\u00edk\u016f semin\u00e1\u0159\u016f volala po tom, aby se alespo\u0148 do\u010dasn\u011b vr\u00e1tily do stavu p\u0159ed Dr\u00e1bkov\u00fdmi \u0161krty.<\/p>\n<p>U n\u00e1s pob\u00edr\u00e1 p\u0159\u00edsp\u011bvek na p\u00e9\u010di asi 305 tis\u00edc lid\u00ed, \u0159ekl Ji\u0159\u00ed Horeck\u00fd, prezident Asociace poskytovatel\u016f soci\u00e1ln\u00edch slu\u017eeb \u010cR. Ve srovn\u00e1n\u00ed s Evropou je to podpr\u016fm\u011br, t\u0159eba v Rakousku (m\u00e1 8,4 mil. obyvatel) pob\u00edralo loni p\u0159\u00edsp\u011bvek 457 tis\u00edc lid\u00ed. Na semin\u00e1\u0159i mj. zazn\u011blo, \u017ee na 80 % pe\u010duj\u00edc\u00edch o posti\u017een\u00e9 jsou \u017eeny, jen 35 % pe\u010duj\u00edc\u00edch m\u00e1 zam\u011bstn\u00e1n\u00ed a 70 % p\u00e9\u010de se uskute\u010d\u0148uje v rodin\u00e1ch.<\/p>\n<p>Sdru\u017een\u00ed zdravotn\u011b posti\u017een\u00fdch v \u010cR poslalo u\u017e loni v kv\u011btnu n\u00e1vrh na zm\u011bnu prov\u00e1d\u011bc\u00ed vyhl\u00e1\u0161ky z\u00e1kona o soci\u00e1ln\u00edch slu\u017eb\u00e1ch. Ministerstvo nyn\u00ed \u00fadajn\u011b chyst\u00e1 komplexn\u00ed novelizaci\u2026 Sdru\u017een\u00ed sepsalo petici za navr\u00e1cen\u00ed krit\u00e9ri\u00ed stupn\u011b posti\u017een\u00ed p\u0159ed Dr\u00e1bkovu reformu. \u00bbMezi lidmi je m\u011bs\u00edc a u\u017e se k n\u00ed p\u0159ihl\u00e1silo p\u0159es deset tis\u00edc lid\u00ed,\u00ab informovala Zdena Cupkov\u00e1 z fondu KlaPeto. <\/p>\n<p>\u00bbPokud MPSV do konce \u010dervna nep\u0159edstav\u00ed \u0159e\u0161en\u00ed, jak pom\u016f\u017ee lidem s posti\u017een\u00edm, kter\u00fdm byl p\u0159\u00edsp\u011bvek na p\u00e9\u010di odebr\u00e1n nebo sn\u00ed\u017een, p\u0159edlo\u017e\u00ed hnut\u00ed \u00dasvit ve sn\u011bmovn\u011b vlastn\u00ed p\u0159edlohu \u0159e\u0161\u00edc\u00ed probl\u00e9m,\u00ab \u0159ekla poslankyn\u011b Jana Hnykov\u00e1.<\/p>\n<p>\tHal\u00f3 noviny<\/p>\n","protected":false},"excerpt":{"rendered":"<div class=\"mh-excerpt\"><p>Zm\u011bna posuzov\u00e1n\u00ed n\u00e1roku na p\u0159\u00edsp\u011bvek na p\u00e9\u010di, jak ji zavedla Dr\u00e1bkova reforma, p\u016fsob\u00ed existen\u010dn\u00ed probl\u00e9my mnoha t\u011b\u017ece zdravotn\u011b posti\u017een\u00fdm v \u010cR. Kdy se jim a <a class=\"mh-excerpt-more\" href=\"https:\/\/www.invarena.cz\/?p=20909\" title=\"Posti\u017een\u00ed: Vra\u0165me se p\u0159ed Dr\u00e1bka!\">[&#8230;]<\/a><\/p>\n<\/div>","protected":false},"author":1,"featured_media":5327,"comment_status":"open","ping_status":"closed","sticky":false,"template":"","format":"standard","meta":{"footnotes":""},"categories":[6],"tags":[],"class_list":["post-20909","post","type-post","status-publish","format-standard","has-post-thumbnail","hentry","category-politika"],"_links":{"self":[{"href":"https:\/\/www.invarena.cz\/index.php?rest_route=\/wp\/v2\/posts\/20909","targetHints":{"allow":["GET"]}}],"collection":[{"href":"https:\/\/www.invarena.cz\/index.php?rest_route=\/wp\/v2\/posts"}],"about":[{"href":"https:\/\/www.invarena.cz\/index.php?rest_route=\/wp\/v2\/types\/post"}],"author":[{"embeddable":true,"href":"https:\/\/www.invarena.cz\/index.php?rest_route=\/wp\/v2\/users\/1"}],"replies":[{"embeddable":true,"href":"https:\/\/www.invarena.cz\/index.php?rest_route=%2Fwp%2Fv2%2Fcomments&post=20909"}],"version-history":[{"count":0,"href":"https:\/\/www.invarena.cz\/index.php?rest_route=\/wp\/v2\/posts\/20909\/revisions"}],"wp:featuredmedia":[{"embeddable":true,"href":"https:\/\/www.invarena.cz\/index.php?rest_route=\/wp\/v2\/media\/5327"}],"wp:attachment":[{"href":"https:\/\/www.invarena.cz\/index.php?rest_route=%2Fwp%2Fv2%2Fmedia&parent=20909"}],"wp:term":[{"taxonomy":"category","embeddable":true,"href":"https:\/\/www.invarena.cz\/index.php?rest_route=%2Fwp%2Fv2%2Fcategories&post=20909"},{"taxonomy":"post_tag","embeddable":true,"href":"https:\/\/www.invarena.cz\/index.php?rest_route=%2Fwp%2Fv2%2Ftags&post=20909"}],"curies":[{"name":"wp","href":"https:\/\/api.w.org\/{rel}","templated":true}]}}