{"id":20914,"date":"2015-04-19T10:27:45","date_gmt":"2015-04-19T08:27:45","guid":{"rendered":"http:\/\/www.invarena.cz\/?p=20914"},"modified":"2015-04-19T10:27:45","modified_gmt":"2015-04-19T08:27:45","slug":"melnicti-seniori-dostali-od-svazu-neslysicich-a-nedoslychavych-rady-i-baterie-do-sluchadel","status":"publish","type":"post","link":"https:\/\/www.invarena.cz\/?p=20914","title":{"rendered":"M\u011blni\u010dt\u00ed senio\u0159i dostali od Svazu nesly\u0161\u00edc\u00edch a nedosl\u00fdchav\u00fdch rady i baterie do sluchadel"},"content":{"rendered":"<p><strong>Centrum senior\u016f v M\u011bln\u00edku vyu\u017eilo nab\u00eddky Svazu nesly\u0161\u00edc\u00edch a nedosl\u00fdchav\u00fdch, kter\u00fd s\u00eddl\u00ed v pra\u017esk\u00e9m Karl\u00edn\u011b, uskute\u010dnit besedu pro u\u017eivatele centra.<\/strong><!--more--><\/p>\n<p>V pond\u011bl\u00ed 13. dubna proto pozvalo z\u00e1stupce \u0159editele Svazu nesly\u0161\u00edc\u00edch a nedosl\u00fdchav\u00fdch Jaroslava Paura do Domova Penzion na setk\u00e1n\u00ed s na\u0161imi seniory se sluchov\u00fdm posti\u017een\u00edm.<br \/>\nJaroslav Paur vysv\u011btlil probl\u00e9my sluchov\u011b posti\u017een\u00fdch, mo\u017enosti jejich \u0159e\u0161en\u00ed, usnadn\u011bn\u00ed komunikace i v\u00fdhody kompenza\u010dn\u00edch pom\u016fcek. N\u00e1v\u0161t\u011bvn\u00edk\u016fm tak\u00e9 se\u0159\u00eddil sluchadla a ka\u017ed\u00e9mu poskytl nejen odbornou radu, ale i nov\u00e9 baterie.<\/p>\n<p>Beseda byla velmi prosp\u011b\u0161n\u00e1, co\u017e dokazuje \u00fa\u010dast v\u00edce ne\u017e t\u0159iceti lid\u00ed jak z Centra senior\u016f v M\u011bln\u00edku, tak i bl\u00edzk\u00e9ho okol\u00ed.<\/p>\n<p>Pro velk\u00fd z\u00e1jem ze strany poslucha\u010d\u016f bylo p\u0159isl\u00edbeno opakov\u00e1n\u00ed t\u00e9to akce na podzim leto\u0161n\u00edho roku.<\/p>\n<p>Blanka Schwertnerov\u00e1, u\u017eivatelka Domova Penzion se sluchov\u00fdm posti\u017een\u00edm <\/p>\n","protected":false},"excerpt":{"rendered":"<div class=\"mh-excerpt\"><p>Centrum senior\u016f v M\u011bln\u00edku vyu\u017eilo nab\u00eddky Svazu nesly\u0161\u00edc\u00edch a nedosl\u00fdchav\u00fdch, kter\u00fd s\u00eddl\u00ed v pra\u017esk\u00e9m Karl\u00edn\u011b, uskute\u010dnit besedu pro u\u017eivatele centra.<\/p>\n<\/div>","protected":false},"author":1,"featured_media":0,"comment_status":"open","ping_status":"closed","sticky":false,"template":"","format":"standard","meta":{"footnotes":""},"categories":[9],"tags":[],"class_list":["post-20914","post","type-post","status-publish","format-standard","hentry","category-zpravy"],"_links":{"self":[{"href":"https:\/\/www.invarena.cz\/index.php?rest_route=\/wp\/v2\/posts\/20914","targetHints":{"allow":["GET"]}}],"collection":[{"href":"https:\/\/www.invarena.cz\/index.php?rest_route=\/wp\/v2\/posts"}],"about":[{"href":"https:\/\/www.invarena.cz\/index.php?rest_route=\/wp\/v2\/types\/post"}],"author":[{"embeddable":true,"href":"https:\/\/www.invarena.cz\/index.php?rest_route=\/wp\/v2\/users\/1"}],"replies":[{"embeddable":true,"href":"https:\/\/www.invarena.cz\/index.php?rest_route=%2Fwp%2Fv2%2Fcomments&post=20914"}],"version-history":[{"count":0,"href":"https:\/\/www.invarena.cz\/index.php?rest_route=\/wp\/v2\/posts\/20914\/revisions"}],"wp:attachment":[{"href":"https:\/\/www.invarena.cz\/index.php?rest_route=%2Fwp%2Fv2%2Fmedia&parent=20914"}],"wp:term":[{"taxonomy":"category","embeddable":true,"href":"https:\/\/www.invarena.cz\/index.php?rest_route=%2Fwp%2Fv2%2Fcategories&post=20914"},{"taxonomy":"post_tag","embeddable":true,"href":"https:\/\/www.invarena.cz\/index.php?rest_route=%2Fwp%2Fv2%2Ftags&post=20914"}],"curies":[{"name":"wp","href":"https:\/\/api.w.org\/{rel}","templated":true}]}}