{"id":20916,"date":"2015-04-19T10:35:55","date_gmt":"2015-04-19T08:35:55","guid":{"rendered":"http:\/\/www.invarena.cz\/?p=20916"},"modified":"2015-04-19T10:38:16","modified_gmt":"2015-04-19T08:38:16","slug":"s-parkinsonovou-nemoci-vystoupili-na-vrchol-solan","status":"publish","type":"post","link":"https:\/\/www.invarena.cz\/?p=20916","title":{"rendered":"S Parkinsonovou nemoc\u00ed vystoupili na vrchol Sol\u00e1\u0148"},"content":{"rendered":"<p><strong>Na z\u00e1va\u017enost onemocn\u011bn\u00ed upozornily 11. dubna u p\u0159\u00edle\u017eitosti Sv\u011btov\u00e9ho dne Parkinsonovy nemoci spole\u010dn\u00e9 pochody pacient\u016f a jejich bl\u00edzk\u00fdch. Ti morav\u0161t\u00ed vystoupili na Sol\u00e1\u0148 (na sn\u00edmku).<\/strong><!--more--><\/p>\n<p>T\u0159es rukou, celodenn\u00ed ztuhlost, st\u0159\u00edd\u00e1n\u00ed prudk\u00fdch z\u00e1\u0161kub\u016f a stavu nehybnosti, poruchy rovnov\u00e1hy, sehnut\u00ed t\u011bla, \u0161ourav\u00fd krok. \u017divot s Parkinsonovou chorobou nen\u00ed jednoduch\u00fd. A\u010dkoliv ji modern\u00ed medic\u00edna zat\u00edm nedok\u00e1\u017ee vyl\u00e9\u010dit, p\u0159\u00edznaky lze \u00fa\u010dinn\u011b tlumit pomoc\u00ed hlubok\u00e9 mozkov\u00e9 stimulace (DBS \u2013 deep brain stimulation). Ta dosud pomohla t\u00e9m\u011b\u0159 500 \u010desk\u00fdch pacient\u016f trp\u00edc\u00edch Parkinsonovou nemoc\u00ed. <\/p>\n<p>K typick\u00fdm projev\u016fm choroby se postupn\u011b p\u0159id\u00e1v\u00e1 celkov\u00e9 vys\u00edlen\u00ed a neschopnost v\u00e9st norm\u00e1ln\u00ed \u017eivot. V d\u016fsledku toho pacienti mnohdy trp\u00ed depresemi a vyh\u00fdbaj\u00ed se ostatn\u00edm lidem. &#8222;Nem\u011bl jsem s\u00edlu v\u016fbec nic d\u011blat. Ka\u017ed\u00fd pohyb byl stra\u0161n\u011b nam\u00e1hav\u00fd. Chodil jsem po doktorech, ale nikde mi nedok\u00e1zali \u0159\u00edci,co mi je,&#8220; vzpom\u00edn\u00e1 na prvn\u00ed p\u0159\u00edznaky fotograf Radek Fr\u00fdsa. Pr\u00e1v\u011b v\u010dasn\u00e1 diagnostika je p\u0159itom u Parkinsonovy nemoci kl\u00ed\u010dov\u00e1, aby bylo mo\u017en\u00e9 fyzick\u00fd a psychick\u00fd stav pacienta efektivn\u011b kontrolovat.<\/p>\n<p>&#8222;Pacienti jsou nej\u010dast\u011bji l\u00e9\u010deni speci\u00e1ln\u00ed farmakoterapi\u00ed,&#8220; vysv\u011btluje p\u0159ednosta Neurologick\u00e9 kliniky Fakultn\u00ed nemocnice Olomouc, prof. Petr Ka\u0148ovsk\u00fd. &#8222;U pokro\u010dil\u00fdch st\u00e1di\u00ed nemoci pracujeme v na\u0161\u00ed neuromodula\u010dn\u00ed laborato\u0159i s metodou DBS, kter\u00e1 spo\u010d\u00edv\u00e1 ve vys\u00edl\u00e1n\u00ed rychl\u00fdch elektrick\u00fdch impuls\u016f do ur\u010dit\u00fdch m\u00edst v mozku. Syst\u00e9m byl ve FN Olomouc od roku 2008 implantov\u00e1n t\u00e9m\u011b\u0159 100 pacient\u016fm. S v\u00fdhledem na p\u0159esun indikace do \u010dasn\u011bj\u0161\u00edho st\u00e1dia nemoci o\u010dek\u00e1v\u00e1me dal\u0161\u00ed n\u00e1r\u016fst implantac\u00ed,&#8220; dod\u00e1v\u00e1 Petr Ka\u0148ovsk\u00fd.<\/p>\n<p>To, \u017ee trp\u00ed Parkinsonovou chorobou, se pan Fr\u00fdsa dozv\u011bd\u011bl a\u017e po \u010dty\u0159ech letech. V d\u016fsledku nemoci p\u0159i\u0161el o sv\u00e9 podnik\u00e1n\u00ed, rozpadlo se mu man\u017eelstv\u00ed a skon\u010dil v invalidn\u00edm d\u016fchodu. Polykal st\u00e1le v\u00edce pr\u00e1\u0161k\u016f, onemocn\u011bn\u00ed se v\u0161ak pro n\u011bj stalo nesnesiteln\u00fdm. Rozhodl se proto, \u017ee podstoup\u00ed l\u00e9\u010dbu terapi\u00ed DBS a dodnes nelituje. &#8222;Dnes, \u010dty\u0159i roky od implantace, se c\u00edt\u00edm mnohem l\u00e9pe. Beru minimum l\u00e9k\u016f a za\u010dal jsem zase fotit,&#8220; pochvaluje si.<\/p>\n<p>Parkinsonova nemoc je jedn\u00edm z nej\u010dast\u011bj\u0161\u00edch neurodegenerativn\u00edch onemocn\u011bn\u00ed \u2013 v sou\u010dasnosti j\u00ed trp\u00ed v\u00edce ne\u017e \u0161est milion\u016f lid\u00ed na cel\u00e9m sv\u011bt\u011b. V \u010cesk\u00e9 republice je podle \u00dastavu zdravotnick\u00fdch \u00fadaj\u016f a statistiky (\u00daZIS) t\u00e9m\u011b\u0159 26 tis\u00edc pacient\u016f a jejich po\u010det se m\u00e1 podle v\u00fdzkum\u016f do roku 2030 zdvojn\u00e1sobit. Nemoc p\u0159itom nepostihuje jen seniory \u2013 pr\u016fm\u011brn\u011b se objevuje u\u017e kolem 58 let a p\u0159ibli\u017en\u011b u 10%pacient\u016f propukne je\u0161t\u011b p\u0159ed \u010dty\u0159ic\u00e1t\u00fdmi narozeninami.<br \/>\nRadek Fr\u00fdsa spolu s ostatn\u00edmi pacienty upozornil na pot\u00ed\u017ee spojen\u00e9 s nemoc\u00ed v sobotu 11. dubna v\u00fdstupem na moravsk\u00fd vrchol Sol\u00e1\u0148.<\/p>\n<p>Bc. Egon Havrlant tiskov\u00fd mluv\u010d\u00ed Fakultn\u00ed nemocnice Olomouc<br \/>\nfoto: commons.wikimedia.org<\/p>\n","protected":false},"excerpt":{"rendered":"<div class=\"mh-excerpt\"><p>Na z\u00e1va\u017enost onemocn\u011bn\u00ed upozornily 11. dubna u p\u0159\u00edle\u017eitosti Sv\u011btov\u00e9ho dne Parkinsonovy nemoci spole\u010dn\u00e9 pochody pacient\u016f a jejich bl\u00edzk\u00fdch. Ti morav\u0161t\u00ed vystoupili na Sol\u00e1\u0148 (na sn\u00edmku).<\/p>\n<\/div>","protected":false},"author":1,"featured_media":20917,"comment_status":"open","ping_status":"closed","sticky":false,"template":"","format":"standard","meta":{"footnotes":""},"categories":[9],"tags":[],"class_list":["post-20916","post","type-post","status-publish","format-standard","has-post-thumbnail","hentry","category-zpravy"],"_links":{"self":[{"href":"https:\/\/www.invarena.cz\/index.php?rest_route=\/wp\/v2\/posts\/20916","targetHints":{"allow":["GET"]}}],"collection":[{"href":"https:\/\/www.invarena.cz\/index.php?rest_route=\/wp\/v2\/posts"}],"about":[{"href":"https:\/\/www.invarena.cz\/index.php?rest_route=\/wp\/v2\/types\/post"}],"author":[{"embeddable":true,"href":"https:\/\/www.invarena.cz\/index.php?rest_route=\/wp\/v2\/users\/1"}],"replies":[{"embeddable":true,"href":"https:\/\/www.invarena.cz\/index.php?rest_route=%2Fwp%2Fv2%2Fcomments&post=20916"}],"version-history":[{"count":0,"href":"https:\/\/www.invarena.cz\/index.php?rest_route=\/wp\/v2\/posts\/20916\/revisions"}],"wp:featuredmedia":[{"embeddable":true,"href":"https:\/\/www.invarena.cz\/index.php?rest_route=\/wp\/v2\/media\/20917"}],"wp:attachment":[{"href":"https:\/\/www.invarena.cz\/index.php?rest_route=%2Fwp%2Fv2%2Fmedia&parent=20916"}],"wp:term":[{"taxonomy":"category","embeddable":true,"href":"https:\/\/www.invarena.cz\/index.php?rest_route=%2Fwp%2Fv2%2Fcategories&post=20916"},{"taxonomy":"post_tag","embeddable":true,"href":"https:\/\/www.invarena.cz\/index.php?rest_route=%2Fwp%2Fv2%2Ftags&post=20916"}],"curies":[{"name":"wp","href":"https:\/\/api.w.org\/{rel}","templated":true}]}}