{"id":20919,"date":"2015-04-19T10:43:24","date_gmt":"2015-04-19T08:43:24","guid":{"rendered":"http:\/\/www.invarena.cz\/?p=20919"},"modified":"2015-04-19T10:43:24","modified_gmt":"2015-04-19T08:43:24","slug":"prvni-dil-rock-point-horske-vyzvy-se-i-ve-snehu-vydaril","status":"publish","type":"post","link":"https:\/\/www.invarena.cz\/?p=20919","title":{"rendered":"Prvn\u00ed d\u00edl Rock Point \u2013 Horsk\u00e9 v\u00fdzvy se i ve sn\u011bhu vyda\u0159il"},"content":{"rendered":"<p><strong>Seri\u00e1l extr\u00e9mn\u00edch horsk\u00fdch b\u011bh\u016f m\u00e1 za sebou \u00favodn\u00ed \u010d\u00e1st, kter\u00e1 se tradi\u010dn\u011b b\u011b\u017e\u00ed v Jesen\u00edk\u00e1ch, letos dokonce pom\u00e1hal dobr\u00e9 v\u011bci &#8211; polovina startovn\u00e9ho z n\u011bj sm\u011b\u0159ovala na l\u00e9\u010dbu Luk\u00e1\u0161ka B\u00edl\u00e9ho.<\/strong><!--more--><\/p>\n<p>Po\u0159adatel\u00e9 seri\u00e1lu horsk\u00fdch b\u011bh\u016f a trekingu dvojic Rock Point \u2013 Horsk\u00e1 v\u00fdzva op\u011bt pom\u00e1hali. V Koutech nad Desnou, kde leto\u0161n\u00ed &#8222;tour&#8220; odstartovala svoji \u010dty\u0159d\u00edlnou misi, se poprv\u00e9 \u0161el nesout\u011b\u017en\u00ed Pochod s Mixitkou. Pr\u00e1v\u011b polovina startovn\u00e9ho z n\u011bj sm\u011b\u0159ovala na l\u00e9\u010dbu Luk\u00e1\u0161ka B\u00edl\u00e9ho.<\/p>\n<p>&#8222;Luk\u00e1\u0161ek je \u0160umper\u00e1k, kter\u00fd je po d\u011btsk\u00e9 mozkov\u00e9 obrn\u011b upoutan\u00fd na invalidn\u00ed voz\u00edk. Prakticky ka\u017edou na\u0161\u00ed akc\u00ed se mu sna\u017e\u00edme pomoci, aby se t\u0159eba jednou mohl s\u00e1m postavit na nohy a b\u00fdt klidn\u011b na startu n\u011bjak\u00e9ho z na\u0161ich z\u00e1vod\u016f,&#8220; p\u0159\u00e1l si \u0159editel seri\u00e1lu Rock Point \u2013 Horsk\u00e1 v\u00fdzva Pavel Zitta.<\/p>\n<p>Organiz\u00e1to\u0159i proto letos poprv\u00e9 zorganizovali \u010dtrn\u00e1ctikilometrov\u00fd nesout\u011b\u017en\u00ed pochod. Na \u00favodn\u00ed &#8222;\u0161taci&#8220; v Jesen\u00edk\u00e1ch se ho z\u00fa\u010dastnily v\u00edce ne\u017e dv\u011b des\u00edtky chodc\u016f. &#8222;Ze startovn\u00e9ho jsme na poprv\u00e9 vybrali 1 440 korun, kter\u00e9 Luk\u00e1\u0161kovi p\u0159ed\u00e1me. Byla to premi\u00e9ra pochodu a v\u011b\u0159\u00edm, \u017ee v dal\u0161\u00edch z\u00e1vodech i t\u011bchto \u00fa\u010dastn\u00edk\u016f p\u0159ibude a s t\u00edm vzroste tak\u00e9 finan\u010dn\u00ed pomoc,&#8220; podotkl Zitta.<br \/>\nSeri\u00e1l Rock Point \u2013 Horsk\u00e1 v\u00fdzva m\u00e1 st\u00e1le stoupaj\u00edc\u00ed tendenci co do po\u010dtu startuj\u00edc\u00edch. P\u0159i prvn\u00edm z\u00e1vod\u011b leto\u0161n\u00edho ro\u010dn\u00edku do Jesen\u00edk\u016f dorazilo na dev\u011bt stovek z\u00e1vodn\u00edk\u016f, co\u017e je dosavadn\u00ed rekord. &#8222;Jsem stra\u0161n\u011b r\u00e1d, \u017ee se lidem my\u0161lenka p\u0159ekon\u00e1vat vlastn\u00ed v\u00fdzvy v horsk\u00e9 p\u0159\u00edrod\u011b l\u00edb\u00ed. V\u00edm, \u017ee st\u00e1le nejsme jako po\u0159adatel\u00e9 stoprocentn\u00ed, ale d\u011bl\u00e1me maximum pro to, aby se lid\u00e9 st\u00e1le r\u00e1di vraceli, a jednou jsme mohli p\u0159ekonat i vysn\u011bnou tis\u00edcovku spokojen\u00fdch a motivovan\u00fdch b\u011b\u017ec\u016f na startu,&#8220; \u0159ekl \u0159editel z\u00e1vodu.<\/p>\n<p>Leto\u0161n\u00ed Rock Point \u2013 Horsk\u00e1 v\u00fdzva je sestavena ze \u010dty\u0159 samostatn\u011b bodovan\u00fdch z\u00e1vod\u016f v Jesen\u00edk\u00e1ch, Krkono\u0161\u00edch, Kru\u0161n\u00fdch hor\u00e1ch a na \u0160umav\u011b. Z nich sice vzejde i celkov\u00fd v\u00edt\u011bz, ale naprosto ka\u017ed\u00fd m\u00e1 mo\u017enost startovat zcela nez\u00e1visle t\u0159eba jen v jedin\u00e9m z\u00e1vod\u011b. V\u017edy jsou p\u0159ipraveny t\u0159i d\u00e9lky tras \u2013 Long (64km),Half(35km)aShort(14 km) a sou\u010dasn\u011b charitativn\u00ed, nesout\u011b\u017en\u00ed Pochod s Mixitkou na kr\u00e1tk\u00e9 trati. Ka\u017ed\u00e1 z\u00e1vodn\u00ed d\u00e9lka je nav\u00edc rozd\u011blena hned do p\u011bti kategori\u00ed dvojic \u2013 mu\u017ei, \u017eeny, mix a na mu\u017ee a \u017eeny byla rozd\u011blena tak\u00e9 t\u0159\u00edda dogtreking, tedy b\u011b\u017ece se psem. &#8222;V\u011b\u0159\u00edm, \u017ee jsme pokryli a motivovali \u0161irokou paletu potenci\u00e1ln\u00edch \u00fa\u010dastn\u00edk\u016f. P\u0159i na\u0161ich z\u00e1vodech chceme d\u00e1t prostor \u00fapln\u011b ka\u017ed\u00e9mu, kdo se jednodu\u0161e nechce v\u00e1let doma u televize,&#8220; sd\u011blil Pavel Zitta.<\/p>\n<p>Dal\u0161\u00ed, tedy druh\u00e1, zast\u00e1vka je na programu v Krkono\u0161\u00edch u\u017e za necel\u00e9 dva m\u011bs\u00edce \u2013 12. a 13. \u010dervna, kdy se b\u011b\u017eci na trasu vydaj\u00ed z Pece pod Sn\u011b\u017ekou. Do 18. kv\u011btna je otev\u0159ena v\u00fdhodn\u011bj\u0161\u00ed on\u00adline registrace, ale p\u0159ihl\u00e1sit se je v\u017edy mo\u017en\u00e9 i na m\u00edst\u011b. <\/p>\n<p>\tPATRIK P\u00c1TEK<\/p>\n<p>http:\/\/www.bruntalsky.denik.cz\/ <\/p>\n","protected":false},"excerpt":{"rendered":"<div class=\"mh-excerpt\"><p>Seri\u00e1l extr\u00e9mn\u00edch horsk\u00fdch b\u011bh\u016f m\u00e1 za sebou \u00favodn\u00ed \u010d\u00e1st, kter\u00e1 se tradi\u010dn\u011b b\u011b\u017e\u00ed v Jesen\u00edk\u00e1ch, letos dokonce pom\u00e1hal dobr\u00e9 v\u011bci &#8211; polovina startovn\u00e9ho z n\u011bj <a class=\"mh-excerpt-more\" href=\"https:\/\/www.invarena.cz\/?p=20919\" title=\"Prvn\u00ed d\u00edl Rock Point \u2013 Horsk\u00e9 v\u00fdzvy se i ve sn\u011bhu vyda\u0159il\">[&#8230;]<\/a><\/p>\n<\/div>","protected":false},"author":1,"featured_media":0,"comment_status":"open","ping_status":"closed","sticky":false,"template":"","format":"standard","meta":{"footnotes":""},"categories":[9],"tags":[],"class_list":["post-20919","post","type-post","status-publish","format-standard","hentry","category-zpravy"],"_links":{"self":[{"href":"https:\/\/www.invarena.cz\/index.php?rest_route=\/wp\/v2\/posts\/20919","targetHints":{"allow":["GET"]}}],"collection":[{"href":"https:\/\/www.invarena.cz\/index.php?rest_route=\/wp\/v2\/posts"}],"about":[{"href":"https:\/\/www.invarena.cz\/index.php?rest_route=\/wp\/v2\/types\/post"}],"author":[{"embeddable":true,"href":"https:\/\/www.invarena.cz\/index.php?rest_route=\/wp\/v2\/users\/1"}],"replies":[{"embeddable":true,"href":"https:\/\/www.invarena.cz\/index.php?rest_route=%2Fwp%2Fv2%2Fcomments&post=20919"}],"version-history":[{"count":0,"href":"https:\/\/www.invarena.cz\/index.php?rest_route=\/wp\/v2\/posts\/20919\/revisions"}],"wp:attachment":[{"href":"https:\/\/www.invarena.cz\/index.php?rest_route=%2Fwp%2Fv2%2Fmedia&parent=20919"}],"wp:term":[{"taxonomy":"category","embeddable":true,"href":"https:\/\/www.invarena.cz\/index.php?rest_route=%2Fwp%2Fv2%2Fcategories&post=20919"},{"taxonomy":"post_tag","embeddable":true,"href":"https:\/\/www.invarena.cz\/index.php?rest_route=%2Fwp%2Fv2%2Ftags&post=20919"}],"curies":[{"name":"wp","href":"https:\/\/api.w.org\/{rel}","templated":true}]}}