{"id":20931,"date":"2015-04-20T10:54:13","date_gmt":"2015-04-20T08:54:13","guid":{"rendered":"http:\/\/www.invarena.cz\/?p=20931"},"modified":"2015-04-20T10:54:13","modified_gmt":"2015-04-20T08:54:13","slug":"kanka-se-prezula-z-lodicek-rovnou-do-lyzaku","status":"publish","type":"post","link":"https:\/\/www.invarena.cz\/?p=20931","title":{"rendered":"Ka\u0148ka se p\u0159ezula z lodi\u010dek rovnou do ly\u017e\u00e1k\u016f"},"content":{"rendered":"<p><strong>V\u00fdt\u011b\u017eek leto\u0161n\u00edho prezen\u010dn\u00edho plesu Centra Ka\u0148ka byl jako ka\u017edoro\u010dn\u011b v\u011bnov\u00e1n na financov\u00e1n\u00ed sportovn\u011b rehabilita\u010dn\u00edho ly\u017ea\u0159sk\u00e9ho pobytu d\u011bt\u00ed s posti\u017een\u00edm z t\u00e1borsk\u00e9 Ka\u0148ky v Krkono\u0161\u00edch.<\/strong><!--more--><\/p>\n<p>D\u00e1 se tedy s nads\u00e1zkou \u0159\u00edci, \u017ee se Ka\u0148ka p\u0159ezula z lodi\u010dek rovnou do ly\u017e\u00e1k\u016f a na konci b\u0159ezna tradi\u010dn\u011b vyrazila za sn\u011bhem a kr\u00e1sami do krkono\u0161sk\u00e9ho \u010cern\u00e9ho Dolu.<\/p>\n<p>Monoly\u017ea\u0159sk\u00fd t\u00fdm Centra Ka\u0148ka se letos ust\u00e1lil na cel\u00fdch \u0161esti \u010dlenech. Pro tyto d\u011bti je pasivn\u00ed monoly\u017ee jedinou mo\u017enost\u00ed si u\u017e\u00edvat svah \u2013 jsou sv\u00e1\u017eeni sv\u00fdmi pro\u0161kolen\u00fdmi asistenty a pozornost, kterou jejich ly\u017ea\u0159sk\u00e9 um\u011bn\u00ed na svaz\u00edch vzbuzuje, je opr\u00e1vn\u011bn\u00e1. V\u00edce o ly\u017eov\u00e1n\u00ed hendikepovan\u00fdch najdete na webu: www.monoski.info.<\/p>\n<p>Na v\u00fdcvik s Ka\u0148kou v\u0161ak nejezd\u00ed pouze monoly\u017ea\u0159i. Letos si od nejmen\u0161\u00edch boba\u0159\u016f, p\u0159es za\u010d\u00e1te\u010dn\u00edky, m\u00edrn\u011b pokro\u010dil\u00e9 a\u017e po t\u00fdm &#8222;rychl\u00fdch \u010f\u00e1bl\u016f&#8220; a monoly\u017ea\u0159\u016f pobyt na hor\u00e1ch s bohat\u00fdm aktivn\u00edm celodenn\u00edm programem u\u017eilo 31 d\u011bt\u00ed s posti\u017een\u00edm i jejich zdrav\u00fdch vrstevn\u00edk\u016f. N\u011bkter\u00e9 d\u011bti jezd\u00ed s doprovodem rodi\u010d\u016f, jin\u00e9 s Ka\u0148kou vyraz\u00ed samy. Pro rodiny d\u011bt\u00ed s posti\u017een\u00edm je to leckdy jedin\u00e1 mo\u017enost u\u017e\u00edt si spole\u010dnou dovolenou. V pe\u010dov\u00e1n\u00ed o d\u00edt\u011b s posti\u017een\u00edm toti\u017e rodi\u010de \u010dasto na v\u011bt\u0161inu dne vyst\u0159\u00eddaj\u00ed pracovn\u00edci Ka\u0148ky. Tradice t\u011bchto zimn\u00edch pobyt\u016f byla v Centru Ka\u0148ka zalo\u017eena ji\u017e v roce 2003 jako jeden z n\u00e1stroj\u016f komplexn\u00ed p\u00e9\u010de nejenom o d\u011bti s posti\u017een\u00edm, ale hlavn\u011b o jejich rodiny a pe\u010dovatele.<\/p>\n<p>LUDMILA BUDILOV\u00c1<br \/>\nT\u00e1borsk\u00fd den\u00edk<br \/>\n<a href=\"http:\/\/taborsky.denik.cz\/\">http:\/\/taborsky.denik.cz\/<\/a><\/p>\n","protected":false},"excerpt":{"rendered":"<div class=\"mh-excerpt\"><p>V\u00fdt\u011b\u017eek leto\u0161n\u00edho prezen\u010dn\u00edho plesu Centra Ka\u0148ka byl jako ka\u017edoro\u010dn\u011b v\u011bnov\u00e1n na financov\u00e1n\u00ed sportovn\u011b rehabilita\u010dn\u00edho ly\u017ea\u0159sk\u00e9ho pobytu d\u011bt\u00ed s posti\u017een\u00edm z t\u00e1borsk\u00e9 Ka\u0148ky v Krkono\u0161\u00edch.<\/p>\n<\/div>","protected":false},"author":1,"featured_media":14745,"comment_status":"open","ping_status":"closed","sticky":false,"template":"","format":"standard","meta":{"footnotes":""},"categories":[9],"tags":[],"class_list":["post-20931","post","type-post","status-publish","format-standard","has-post-thumbnail","hentry","category-zpravy"],"_links":{"self":[{"href":"https:\/\/www.invarena.cz\/index.php?rest_route=\/wp\/v2\/posts\/20931","targetHints":{"allow":["GET"]}}],"collection":[{"href":"https:\/\/www.invarena.cz\/index.php?rest_route=\/wp\/v2\/posts"}],"about":[{"href":"https:\/\/www.invarena.cz\/index.php?rest_route=\/wp\/v2\/types\/post"}],"author":[{"embeddable":true,"href":"https:\/\/www.invarena.cz\/index.php?rest_route=\/wp\/v2\/users\/1"}],"replies":[{"embeddable":true,"href":"https:\/\/www.invarena.cz\/index.php?rest_route=%2Fwp%2Fv2%2Fcomments&post=20931"}],"version-history":[{"count":0,"href":"https:\/\/www.invarena.cz\/index.php?rest_route=\/wp\/v2\/posts\/20931\/revisions"}],"wp:featuredmedia":[{"embeddable":true,"href":"https:\/\/www.invarena.cz\/index.php?rest_route=\/wp\/v2\/media\/14745"}],"wp:attachment":[{"href":"https:\/\/www.invarena.cz\/index.php?rest_route=%2Fwp%2Fv2%2Fmedia&parent=20931"}],"wp:term":[{"taxonomy":"category","embeddable":true,"href":"https:\/\/www.invarena.cz\/index.php?rest_route=%2Fwp%2Fv2%2Fcategories&post=20931"},{"taxonomy":"post_tag","embeddable":true,"href":"https:\/\/www.invarena.cz\/index.php?rest_route=%2Fwp%2Fv2%2Ftags&post=20931"}],"curies":[{"name":"wp","href":"https:\/\/api.w.org\/{rel}","templated":true}]}}