{"id":20944,"date":"2015-04-21T08:54:50","date_gmt":"2015-04-21T06:54:50","guid":{"rendered":"http:\/\/www.invarena.cz\/?p=20944"},"modified":"2015-04-22T10:29:40","modified_gmt":"2015-04-22T08:29:40","slug":"platnost-prukazu-ztp-mi-konci-v-roce-2016-budu-si-muset-prukaz-znova-vymenit","status":"publish","type":"post","link":"https:\/\/www.invarena.cz\/?p=20944","title":{"rendered":"Platnost pr\u016fkazu ZTP mi kon\u010d\u00ed v roce 2016. Budu si muset pr\u016fkaz znova vym\u011bnit?"},"content":{"rendered":"<p><strong>Dotaz: Dnes jsem byla na v\u00fdm\u011bnu pouk\u00e1zky ZTP. M\u00e1m tam platnost do \u010dervna 2016. Bylo mi \u0159e\u010deno, \u017ee v dubnu budu muset \u017e\u00e1dat o nov\u00e9 posouzen\u00ed, proto\u017ee tam nen\u00ed naps\u00e1no neomezen\u011b nebo trvale. Mus\u00edm znovu \u017e\u00e1dat o ZTP a mobilitu? je to tak? Ka\u017ed\u00fd tvrd\u00ed n\u011bco jin\u00e9ho.<\/strong><br \/>\n<!--more--><\/p>\n<p><strong>Odpov\u011b\u010f:<\/strong><br \/>\nPokud m\u00e1 V\u00e1\u0161 nov\u00fd pr\u016fkaz ZTP uvedenou platnost do \u010dervna roku 2016, sd\u011blili V\u00e1m na \u00fa\u0159ad\u011b spr\u00e1vn\u011b, \u017ee si budete muset \u017e\u00e1dat o nov\u00e9 posouzen\u00ed. Bude mo\u017en\u00e1 lep\u0161\u00ed, kdy\u017e si \u017e\u00e1dost o pr\u016fkaz ZTP a p\u0159\u00edsp\u011bvek na mobilitu pod\u00e1te sp\u00ed\u0161e u\u017e v b\u0159eznu roku 2016, n\u011bkdy cel\u00e9 spr\u00e1vn\u00ed \u0159\u00edzen\u00ed m\u016f\u017ee trvat i d\u00e9le ne\u017e t\u0159i m\u011bs\u00edce, vyhnete se tak p\u0159\u00edpadn\u00e9 p\u0159eklenovac\u00ed dob\u011b, kdy by V\u00e1\u0161 st\u00e1vaj\u00edc\u00ed pr\u016fkaz u\u017e nebyl platn\u00fd, ale o n\u00e1roku na nov\u00fd by je\u0161t\u011b nebylo rozhodnuto.<\/p>\n<p>V\u017edy je d\u016fle\u017eit\u00e9 uveden\u00e9 datum platnosti na pr\u016fkazu. N\u011bkte\u0159\u00ed lid\u00e9 toti\u017e maj\u00ed mnohdy p\u0159iznan\u00fd pr\u016fkaz na del\u0161\u00ed dobu ne\u017e maj\u00ed uvedenou platnost na pr\u016fkazu. Proto je dobr\u00e9 p\u0159i v\u00fdm\u011bn\u011b pr\u016fkazu s sebou m\u00edt i p\u016fvodn\u00ed rozhodnut\u00ed o p\u0159izn\u00e1n\u00ed pr\u016fkazu OZP, aby mohlo b\u00fdt na nov\u00e9m pr\u016fkazu uvedeno spr\u00e1vn\u00e9 datum platnosti, kter\u00e9 bude stejn\u00e9 jak na rozhodnut\u00ed o n\u00e1roku na pr\u016fkaz tak p\u0159\u00edmo i na pr\u016fkazu.<\/p>\n<p>Ji\u0159\u00ed Marek<br \/>\ninvArena<\/p>\n","protected":false},"excerpt":{"rendered":"<div class=\"mh-excerpt\"><p>Dotaz: Dnes jsem byla na v\u00fdm\u011bnu pouk\u00e1zky ZTP. M\u00e1m tam platnost do \u010dervna 2016. Bylo mi \u0159e\u010deno, \u017ee v dubnu budu muset \u017e\u00e1dat o nov\u00e9 <a class=\"mh-excerpt-more\" href=\"https:\/\/www.invarena.cz\/?p=20944\" title=\"Platnost pr\u016fkazu ZTP mi kon\u010d\u00ed v roce 2016. Budu si muset pr\u016fkaz znova vym\u011bnit?\">[&#8230;]<\/a><\/p>\n<\/div>","protected":false},"author":3,"featured_media":19436,"comment_status":"open","ping_status":"closed","sticky":false,"template":"","format":"standard","meta":{"footnotes":""},"categories":[18],"tags":[],"class_list":["post-20944","post","type-post","status-publish","format-standard","has-post-thumbnail","hentry","category-poradna"],"_links":{"self":[{"href":"https:\/\/www.invarena.cz\/index.php?rest_route=\/wp\/v2\/posts\/20944","targetHints":{"allow":["GET"]}}],"collection":[{"href":"https:\/\/www.invarena.cz\/index.php?rest_route=\/wp\/v2\/posts"}],"about":[{"href":"https:\/\/www.invarena.cz\/index.php?rest_route=\/wp\/v2\/types\/post"}],"author":[{"embeddable":true,"href":"https:\/\/www.invarena.cz\/index.php?rest_route=\/wp\/v2\/users\/3"}],"replies":[{"embeddable":true,"href":"https:\/\/www.invarena.cz\/index.php?rest_route=%2Fwp%2Fv2%2Fcomments&post=20944"}],"version-history":[{"count":0,"href":"https:\/\/www.invarena.cz\/index.php?rest_route=\/wp\/v2\/posts\/20944\/revisions"}],"wp:featuredmedia":[{"embeddable":true,"href":"https:\/\/www.invarena.cz\/index.php?rest_route=\/wp\/v2\/media\/19436"}],"wp:attachment":[{"href":"https:\/\/www.invarena.cz\/index.php?rest_route=%2Fwp%2Fv2%2Fmedia&parent=20944"}],"wp:term":[{"taxonomy":"category","embeddable":true,"href":"https:\/\/www.invarena.cz\/index.php?rest_route=%2Fwp%2Fv2%2Fcategories&post=20944"},{"taxonomy":"post_tag","embeddable":true,"href":"https:\/\/www.invarena.cz\/index.php?rest_route=%2Fwp%2Fv2%2Ftags&post=20944"}],"curies":[{"name":"wp","href":"https:\/\/api.w.org\/{rel}","templated":true}]}}