{"id":20948,"date":"2015-04-21T12:08:14","date_gmt":"2015-04-21T10:08:14","guid":{"rendered":"http:\/\/www.invarena.cz\/?p=20948"},"modified":"2015-04-21T12:24:32","modified_gmt":"2015-04-21T10:24:32","slug":"sluchove-postizenym-pomaha-novy-web","status":"publish","type":"post","link":"https:\/\/www.invarena.cz\/?p=20948","title":{"rendered":"Sluchov\u011b posti\u017een\u00fdm pom\u00e1h\u00e1 nov\u00fd web"},"content":{"rendered":"<p><strong>Den z\u00e1zrak\u016f p\u0159ichystali nesly\u0161\u00edc\u00edmu mlad\u00edkovi v tureck\u00e9m Istanbulu jeho soused\u00e9 z ulice. Nau\u010dili se znakovou \u0159e\u010d a cel\u00fd den s n\u00edm &#8222;mluvili&#8220; jeho jazykem.<\/strong><!--more--><\/p>\n<p>Zahrani\u010dn\u00ed video se \u0161\u00ed\u0159ilo jako lavina soci\u00e1ln\u00ed s\u00edt\u00ed, doj\u00edmalo a sb\u00edralo liky. I mne dojalo. Pak jsem se ale za\u010dala pt\u00e1t sama sebe: &#8222;Co bylo druh\u00fd den? Bylo v\u0161e zase p\u0159i star\u00e9m? Nen\u00ed to smutn\u00e9?&#8230;&#8220; Bari\u00e9ra v komunikaci tr\u00e1p\u00ed i na\u0161e, \u010desk\u00e9 nesly\u0161\u00edc\u00ed. Prolomit ji pom\u00e1h\u00e1 nov\u00fd webov\u00fd port\u00e1l pracovn\u00edch p\u0159\u00edle\u017eitost\u00ed pro sluchov\u011b posti\u017een\u00e9 z cel\u00e9 \u010cesk\u00e9 republiky. Unik\u00e1tn\u00ed web www.neslysimpracuji.cz nenab\u00edz\u00ed jen pracovn\u00ed p\u0159\u00edle\u017eitosti, ale tak\u00e9 praktick\u00e9 p\u0159\u00edru\u010dky pro nesly\u0161\u00edc\u00ed, zam\u011bstnavatele a \u00fa\u0159ady pr\u00e1ce. Nav\u00edc ve\u0161ker\u00e9 informace jsou &#8222;p\u0159elo\u017een\u00e9&#8220; do znakov\u00e9 \u0159e\u010di. Je to prost\u011b web u\u0161it\u00fd na m\u00edru sluchov\u011b posti\u017een\u00fdm, kter\u00e9mu rozum\u00edme i my, zdrav\u00e1 majorita. Je bez bari\u00e9r.<\/p>\n<p>Tuhle \u00fa\u017easnou vla\u0161tovku vypustila do sv\u011bta spole\u010dnost Tich\u00fd sv\u011bt, kter\u00e1 ji p\u0159edstavila b\u011bhem semin\u00e1\u0159e na Krajsk\u00e9m \u00fa\u0159ad\u011b LK koncem b\u0159ezna. Na\u0161\u00ed povinnost\u00ed by m\u011blo b\u00fdt ji nechat uhn\u00edzdit na webech obc\u00ed, kraje a jin\u00fdch st\u00e1tn\u00edch instituc\u00ed.<\/p>\n<p>Tak abychom se nemuseli z\u00edtra pt\u00e1t, jestli je zase v\u0161e p\u0159i star\u00e9m a dobr\u00fd skutek nep\u0159i\u0161el nazmar.<\/p>\n<p>Proto navrhnu veden\u00ed m\u011bsta v Liberci, aby tento u\u017eite\u010dn\u00fd odkaz, o kter\u00e9m \u0159ada nesly\u0161\u00edc\u00edch v\u016fbec nev\u00ed, vlo\u017eili na tituln\u00ed stranu webu m\u011bsta. Mnoha lidem s vadami sluchu by mohl pomoci naj\u00edt pr\u00e1ci a t\u00edm i p\u0159esv\u011bd\u010den\u00ed, \u017ee mohou b\u00fdt na\u0161\u00ed spole\u010dnosti u\u017eite\u010dn\u00ed.<\/p>\n<p>Mgr. Martina Rosenbergov\u00e1 zastupitelka m\u011bsta Liberec<\/p>\n<p>Libereck\u00fd den\u00edk<br \/>\n<a href=\"http:\/\/www.liberecky.denik.cz\/\">http:\/\/www.liberecky.denik.cz\/<\/a><\/p>\n","protected":false},"excerpt":{"rendered":"<div class=\"mh-excerpt\"><p>Den z\u00e1zrak\u016f p\u0159ichystali nesly\u0161\u00edc\u00edmu mlad\u00edkovi v tureck\u00e9m Istanbulu jeho soused\u00e9 z ulice. Nau\u010dili se znakovou \u0159e\u010d a cel\u00fd den s n\u00edm &#8222;mluvili&#8220; jeho jazykem.<\/p>\n<\/div>","protected":false},"author":1,"featured_media":6438,"comment_status":"open","ping_status":"closed","sticky":false,"template":"","format":"standard","meta":{"footnotes":""},"categories":[9],"tags":[],"class_list":["post-20948","post","type-post","status-publish","format-standard","has-post-thumbnail","hentry","category-zpravy"],"_links":{"self":[{"href":"https:\/\/www.invarena.cz\/index.php?rest_route=\/wp\/v2\/posts\/20948","targetHints":{"allow":["GET"]}}],"collection":[{"href":"https:\/\/www.invarena.cz\/index.php?rest_route=\/wp\/v2\/posts"}],"about":[{"href":"https:\/\/www.invarena.cz\/index.php?rest_route=\/wp\/v2\/types\/post"}],"author":[{"embeddable":true,"href":"https:\/\/www.invarena.cz\/index.php?rest_route=\/wp\/v2\/users\/1"}],"replies":[{"embeddable":true,"href":"https:\/\/www.invarena.cz\/index.php?rest_route=%2Fwp%2Fv2%2Fcomments&post=20948"}],"version-history":[{"count":0,"href":"https:\/\/www.invarena.cz\/index.php?rest_route=\/wp\/v2\/posts\/20948\/revisions"}],"wp:featuredmedia":[{"embeddable":true,"href":"https:\/\/www.invarena.cz\/index.php?rest_route=\/wp\/v2\/media\/6438"}],"wp:attachment":[{"href":"https:\/\/www.invarena.cz\/index.php?rest_route=%2Fwp%2Fv2%2Fmedia&parent=20948"}],"wp:term":[{"taxonomy":"category","embeddable":true,"href":"https:\/\/www.invarena.cz\/index.php?rest_route=%2Fwp%2Fv2%2Fcategories&post=20948"},{"taxonomy":"post_tag","embeddable":true,"href":"https:\/\/www.invarena.cz\/index.php?rest_route=%2Fwp%2Fv2%2Ftags&post=20948"}],"curies":[{"name":"wp","href":"https:\/\/api.w.org\/{rel}","templated":true}]}}