{"id":20953,"date":"2015-04-21T12:20:43","date_gmt":"2015-04-21T10:20:43","guid":{"rendered":"http:\/\/www.invarena.cz\/?p=20953"},"modified":"2015-04-21T12:20:43","modified_gmt":"2015-04-21T10:20:43","slug":"ac-je-neslysici-zvladl-autoskolu-a-muze-ridit-kamion","status":"publish","type":"post","link":"https:\/\/www.invarena.cz\/?p=20953","title":{"rendered":"A\u010d je nesly\u0161\u00edc\u00ed, zvl\u00e1dl auto\u0161kolu a m\u016f\u017ee \u0159\u00eddit kamion"},"content":{"rendered":"<p><strong>P\u0159ed n\u011bkolika dny ud\u011blal V\u00e1clav Kyl\u00ed\u0161ek z \u00dast\u00ed \u0159idi\u010dsk\u00fd pr\u016fkaz skupiny C a m\u016f\u017ee \u0159\u00eddit kamion. Na tom by nebylo nic divn\u00e9ho, kdyby nebyl nesly\u0161\u00edc\u00ed.<\/strong> <!--more--><\/p>\n<p>\u00daST\u00cd NAD LABEM Pouze odez\u00edr\u00e1 ze rt\u016f a n\u011bjak\u00e9 zvuky k n\u011bmu dolehnou d\u00edky dv\u011bma sluchadl\u016fm. &#8222;V\u011bd\u011bl jsem, \u017ee to zvl\u00e1dnu, strach jsem nem\u011bl. A\u017e v den zkou\u0161ky, zato ohromn\u00fd,&#8220; l\u00ed\u010d\u00ed Kyl\u00ed\u0161ek.<\/p>\n<p>Nesly\u0161\u00edc\u00edch, kte\u0159\u00ed maj\u00ed &#8222;pap\u00edry na kamion&#8220;, je v cel\u00e9 zemi jen n\u011bkolik. Kyl\u00ed\u0161kovi se to povedlo paradoxn\u011b kv\u016fli tomu, \u017ee loni p\u0159i\u0161el o pr\u00e1ci ve stavebn\u00ed firm\u011b, kde posledn\u00ed roky sed\u011bl za p\u00e1kami mal\u00e9ho bagru i naklada\u010de. O pomoc p\u0159i hled\u00e1n\u00ed zam\u011bstn\u00e1n\u00ed se obr\u00e1til na \u00fasteckou pobo\u010dku Tich\u00e9ho sv\u011bta, kter\u00fd pom\u00e1h\u00e1 nesly\u0161\u00edc\u00edm s poradenstv\u00edm, vzd\u011bl\u00e1v\u00e1n\u00edm, tlumo\u010den\u00edm\u2026<\/p>\n<p>&#8222;My jsme mu pomohli obvol\u00e1vat zam\u011bstnavatele. \u0158\u00edk\u00e1m, \u017ee se narodil s volantem v ruce, jen mu sudi\u010dky do u\u0161\u00ed zapomn\u011bly zapnout zvuk,&#8220; sm\u011bje se mana\u017eerka \u00fasteck\u00e9 pobo\u010dky Tich\u00e9ho sv\u011bta Karin Va\u0148kov\u00e1.<\/p>\n<p>Za n\u011bkolik t\u00fddn\u016f se jim spole\u010dn\u011b poda\u0159ilo pr\u00e1ci naj\u00edt v pra\u017esk\u00e9 firm\u011b zab\u00fdvaj\u00edc\u00ed se recyklac\u00ed odpad\u016f. Hned zde dostal brig\u00e1du a smlouvu nast\u00e1lo s podm\u00ednkou, \u017ee si ud\u011bl\u00e1 strojn\u00ed zkou\u0161ky a \u0159idi\u010dsk\u00fd pr\u016fkaz skupiny C, aby mohl jezdit s velk\u00fdm bagrem a naklada\u010dem. A za\u010dalo nekone\u010dn\u00e9 vy\u0159izov\u00e1n\u00ed pap\u00edr\u016f, posudk\u016f od l\u00e9ka\u0159e. V\u0161e dopadlo dob\u0159e a poprv\u00e9 v \u017eivot\u011b \u0161el do auto\u0161koly, p\u0159esto\u017ee auto \u0159\u00edd\u00ed od 18 let. Za socialismu do n\u00ed toti\u017e nemusel.<\/p>\n<p>Sta\u010dilo, kdy\u017e se v\u0161e nau\u010dil pod dohledem otce, pak koupili kolek a p\u0159ihl\u00e1sil se k ofici\u00e1ln\u00edm test\u016fm a zkou\u0161ce s komisa\u0159em. &#8222;V auto\u0161kole to bylo fajn, jen instruktor si posteskl, \u017ee si se mnou nepokec\u00e1. Kv\u016fli posti\u017een\u00ed m\u00e1m lep\u0161\u00ed perifern\u00ed vid\u011bn\u00ed, v\u011bt\u0161\u00ed p\u0159ehled, v\u00edc situaci kolem vozu sleduji,&#8220; \u0159\u00edk\u00e1 Kyl\u00ed\u0161ek.<\/p>\n<p>Pro auto\u0161kolu bylo rozhoduj\u00edc\u00ed, \u017ee m\u011bl posudek o zdravotn\u00ed zp\u016fsobilosti k \u0159\u00edzen\u00ed. Pak u\u017e byla v\u00fduka jen o trp\u011blivosti.<\/p>\n<p>&#8222;Bylo to v\u00edc pr\u00e1ce, jen jsem musel v\u00edc vysv\u011btlovat, co\u017e b\u011bhem j\u00edzdy ne\u0161lo, proto\u017ee odez\u00edr\u00e1 ze rt\u016f. To jsme pak museli zastavit a v\u0161e si \u0159\u00edci. A leckdy jsem si tak\u00e9 musel za volant sednout a n\u011bkolikr\u00e1t mu uk\u00e1zat, jak bych si to p\u0159edstavoval, jak by m\u011bl jezdit vzhledem k bezpe\u010dnosti silni\u010dn\u00edho provozu. Nakonec ho u zkou\u0161ky chv\u00e1lil i komisa\u0159,&#8220; p\u0159ibl\u00ed\u017eil Michal Pavelka, u\u010ditel \u00fasteck\u00e9 auto\u0161koly, kter\u00fd u\u017e \u0159\u00eddit nau\u010dil t\u0159eba i \u017e\u00e1ka bez ruky.<\/p>\n<p>Zat\u00edmco j\u00edzdy dopadly na jedni\u010dku, kamenem \u00farazu se staly testy, kter\u00e9 Kyl\u00ed\u0161ek ud\u011blal a\u017e na t\u0159et\u00ed pokus. A jakmile hned po prvn\u00edch neusp\u011bl, p\u0159i\u0161el i o \u0159idi\u010d\u00e1k B na osobn\u00ed v\u016fz. &#8222;V\u016fbec jsem s t\u00edm nepo\u010d\u00edtal, ten t\u00fdden jsem m\u00e1lem um\u0159el,&#8220; l\u00ed\u010d\u00ed Kyl\u00ed\u0161ek.<\/p>\n<p>Ne\u00fasp\u011bch u test\u016f je z \u010d\u00e1sti pochopiteln\u00fd, \u010de\u0161tina je toti\u017e pro nesly\u0161\u00edc\u00ed, kte\u0159\u00ed se dorozum\u00edvaj\u00ed pro n\u011b rodn\u00fdm znakov\u00fdm jazykem, zcela ciz\u00ed \u0159e\u010d. &#8222;V\u0161echny ot\u00e1zky, kde byly obr\u00e1zky nebo zna\u010dky, jsem m\u011bl v\u017edy dob\u0159e, m\u00e1tly m\u011b ty slovn\u00ed. Odpov\u011bdi si byly tak stra\u0161n\u011b podobn\u00e9,&#8220; vysv\u011btluje Kyl\u00ed\u0161ek, kter\u00fd byl po prvn\u00edm ne\u00fasp\u011bchu u test\u016f r\u00e1zem v &#8222;kategorii chodc\u016f&#8220;. Nejprve musel ud\u011blat \u0159idi\u010d\u00e1k skupiny B a pak mohl b\u00fdt p\u0159ipu\u0161t\u011bn ke zkou\u0161k\u00e1m na vytou\u017een\u00fd kamion.<\/p>\n<p>Dopadlo to dob\u0159e a m\u00e1 tak zaji\u0161t\u011bnou pr\u00e1ci a u\u017e sp\u0159\u00e1d\u00e1 dal\u0161\u00ed sny. Cht\u011bl by z bagru p\u0159esedlat na kamion, ud\u011blat si je\u0161t\u011b \u0159idi\u010d\u00e1k E na po\u0159\u00e1dn\u00fd p\u0159\u00edv\u011bs a jezdit s n\u00e1kladem po cel\u00e9m \u010cesku. Tento sen jeho u\u010ditel auto\u0161koly u\u017e tak optimisticky nevid\u00ed.<\/p>\n<p>&#8222;C\u00e9\u010dko si d\u011blal kv\u016fli pr\u00e1ci na bagru, s t\u00edm souhlas\u00edm. Kdyby m\u011bl jezdit s kamionem, byl bych proti. Nedovedu si p\u0159edstavit, jak by fungovalo t\u0159eba \u0159e\u0161en\u00ed dopravn\u00ed nehody, p\u0159ivol\u00e1n\u00ed policie,&#8220; vysv\u011btlil Pavelka.<\/p>\n<p>\u0158editelka Tich\u00e9ho sv\u011bta Marie Hor\u00e1kov\u00e1 ale v\u011b\u0159\u00ed, \u017ee to nen\u00ed nemo\u017en\u00e9. &#8222;Zku\u0161enost ze zahrani\u010d\u00ed je jin\u00e1, nesly\u0161\u00edc\u00ed tam jako profesion\u00e1ln\u00ed \u0159idi\u010di pracuj\u00ed,&#8220; uv\u00e1d\u00ed Hor\u00e1kov\u00e1.<\/p>\n<p>Andrea Angermannov\u00e1, redaktorka MF DNES<\/p>\n<p>Mlad\u00e1 fronta DNES<\/p>\n","protected":false},"excerpt":{"rendered":"<div class=\"mh-excerpt\"><p>P\u0159ed n\u011bkolika dny ud\u011blal V\u00e1clav Kyl\u00ed\u0161ek z \u00dast\u00ed \u0159idi\u010dsk\u00fd pr\u016fkaz skupiny C a m\u016f\u017ee \u0159\u00eddit kamion. Na tom by nebylo nic divn\u00e9ho, kdyby nebyl nesly\u0161\u00edc\u00ed.<\/p>\n<\/div>","protected":false},"author":1,"featured_media":17351,"comment_status":"open","ping_status":"closed","sticky":false,"template":"","format":"standard","meta":{"footnotes":""},"categories":[9],"tags":[],"class_list":["post-20953","post","type-post","status-publish","format-standard","has-post-thumbnail","hentry","category-zpravy"],"_links":{"self":[{"href":"https:\/\/www.invarena.cz\/index.php?rest_route=\/wp\/v2\/posts\/20953","targetHints":{"allow":["GET"]}}],"collection":[{"href":"https:\/\/www.invarena.cz\/index.php?rest_route=\/wp\/v2\/posts"}],"about":[{"href":"https:\/\/www.invarena.cz\/index.php?rest_route=\/wp\/v2\/types\/post"}],"author":[{"embeddable":true,"href":"https:\/\/www.invarena.cz\/index.php?rest_route=\/wp\/v2\/users\/1"}],"replies":[{"embeddable":true,"href":"https:\/\/www.invarena.cz\/index.php?rest_route=%2Fwp%2Fv2%2Fcomments&post=20953"}],"version-history":[{"count":0,"href":"https:\/\/www.invarena.cz\/index.php?rest_route=\/wp\/v2\/posts\/20953\/revisions"}],"wp:featuredmedia":[{"embeddable":true,"href":"https:\/\/www.invarena.cz\/index.php?rest_route=\/wp\/v2\/media\/17351"}],"wp:attachment":[{"href":"https:\/\/www.invarena.cz\/index.php?rest_route=%2Fwp%2Fv2%2Fmedia&parent=20953"}],"wp:term":[{"taxonomy":"category","embeddable":true,"href":"https:\/\/www.invarena.cz\/index.php?rest_route=%2Fwp%2Fv2%2Fcategories&post=20953"},{"taxonomy":"post_tag","embeddable":true,"href":"https:\/\/www.invarena.cz\/index.php?rest_route=%2Fwp%2Fv2%2Ftags&post=20953"}],"curies":[{"name":"wp","href":"https:\/\/api.w.org\/{rel}","templated":true}]}}