{"id":20954,"date":"2015-04-21T12:24:08","date_gmt":"2015-04-21T10:24:08","guid":{"rendered":"http:\/\/www.invarena.cz\/?p=20954"},"modified":"2015-04-21T12:24:08","modified_gmt":"2015-04-21T10:24:08","slug":"zase-chci-utocit-paralympijsky-cyklista-jezek-opet-mysli-na-medaile","status":"publish","type":"post","link":"https:\/\/www.invarena.cz\/?p=20954","title":{"rendered":"Zase chci \u00fato\u010dit. Paralympijsk\u00fd cyklista Je\u017eek op\u011bt mysl\u00ed na medaile"},"content":{"rendered":"<p><strong>P\u016fjde to. Znovu a znovu si to opakuje. Tak\u00e9 nyn\u00ed, kdy\u017e u\u017e t\u0159et\u00ed t\u00fdden naj\u00ed\u017ed\u00ed kilometry na Mallorce a tvrd\u011b se p\u0159ipravuje na vstup do silni\u010dn\u00ed sezony. Ji\u0159\u00ed Je\u017eek, se \u0161esti zlat\u00fdmi medailemi nej\u00fasp\u011b\u0161n\u011bj\u0161\u00ed paralympijsk\u00fd cyklista na sv\u011bt\u011b, kter\u00fd v z\u00e1v\u011bru lo\u0148sk\u00e9ho l\u00e9ta na MS v Americe m\u00e1lem p\u0159i\u0161el o \u017eivot, se znovu hl\u00e1s\u00ed o slovo.<\/strong><!--more--><\/p>\n<p>Cel\u00fd \u010dl\u00e1nek <a href=\"http:\/\/sport.idnes.cz\/jezek-mallorka-priprava-0wa-\/cyklistika.aspx?c=A150420_130053_cyklistika_elv\">ZDE<\/a><\/p>\n","protected":false},"excerpt":{"rendered":"<div class=\"mh-excerpt\"><p>P\u016fjde to. Znovu a znovu si to opakuje. Tak\u00e9 nyn\u00ed, kdy\u017e u\u017e t\u0159et\u00ed t\u00fdden naj\u00ed\u017ed\u00ed kilometry na Mallorce a tvrd\u011b se p\u0159ipravuje na vstup do <a class=\"mh-excerpt-more\" href=\"https:\/\/www.invarena.cz\/?p=20954\" title=\"Zase chci \u00fato\u010dit. Paralympijsk\u00fd cyklista Je\u017eek op\u011bt mysl\u00ed na medaile\">[&#8230;]<\/a><\/p>\n<\/div>","protected":false},"author":1,"featured_media":2987,"comment_status":"open","ping_status":"closed","sticky":false,"template":"","format":"standard","meta":{"footnotes":""},"categories":[9],"tags":[],"class_list":["post-20954","post","type-post","status-publish","format-standard","has-post-thumbnail","hentry","category-zpravy"],"_links":{"self":[{"href":"https:\/\/www.invarena.cz\/index.php?rest_route=\/wp\/v2\/posts\/20954","targetHints":{"allow":["GET"]}}],"collection":[{"href":"https:\/\/www.invarena.cz\/index.php?rest_route=\/wp\/v2\/posts"}],"about":[{"href":"https:\/\/www.invarena.cz\/index.php?rest_route=\/wp\/v2\/types\/post"}],"author":[{"embeddable":true,"href":"https:\/\/www.invarena.cz\/index.php?rest_route=\/wp\/v2\/users\/1"}],"replies":[{"embeddable":true,"href":"https:\/\/www.invarena.cz\/index.php?rest_route=%2Fwp%2Fv2%2Fcomments&post=20954"}],"version-history":[{"count":0,"href":"https:\/\/www.invarena.cz\/index.php?rest_route=\/wp\/v2\/posts\/20954\/revisions"}],"wp:featuredmedia":[{"embeddable":true,"href":"https:\/\/www.invarena.cz\/index.php?rest_route=\/wp\/v2\/media\/2987"}],"wp:attachment":[{"href":"https:\/\/www.invarena.cz\/index.php?rest_route=%2Fwp%2Fv2%2Fmedia&parent=20954"}],"wp:term":[{"taxonomy":"category","embeddable":true,"href":"https:\/\/www.invarena.cz\/index.php?rest_route=%2Fwp%2Fv2%2Fcategories&post=20954"},{"taxonomy":"post_tag","embeddable":true,"href":"https:\/\/www.invarena.cz\/index.php?rest_route=%2Fwp%2Fv2%2Ftags&post=20954"}],"curies":[{"name":"wp","href":"https:\/\/api.w.org\/{rel}","templated":true}]}}