{"id":2096,"date":"2013-03-09T12:56:57","date_gmt":"2013-03-09T11:56:57","guid":{"rendered":"http:\/\/www.invarena.cz\/?p=2096"},"modified":"2013-03-11T10:42:59","modified_gmt":"2013-03-11T09:42:59","slug":"dotace-pro-zacinajici-vcelare","status":"publish","type":"post","link":"https:\/\/www.invarena.cz\/?p=2096","title":{"rendered":"Dotace pro za\u010d\u00ednaj\u00edc\u00ed v\u010dela\u0159e"},"content":{"rendered":"<p>P\u0159ivyd\u011bl\u00e1vat si chovem v\u010del a v\u00fdrobou zdrav\u00e9ho dom\u00e1c\u00edho medu? Pro\u010d ne. Hendikepovan\u00ed, kte\u0159\u00ed bydl\u00ed na vesnici a maj\u00ed pozemek vhodn\u00fd pro chov v\u010del, si mohou za\u017e\u00e1dat o dotaci u krajsk\u00e9ho \u00fa\u0159adu.<!--more--><\/p>\n<p>Ka\u017ed\u00fd kraj m\u00e1 p\u0159itom jin\u00e9 podm\u00ednky. Nap\u0159\u00edklad Olomouck\u00fd kraj d\u00e1v\u00e1 za\u010d\u00ednaj\u00edc\u00edm v\u010dela\u0159\u016fm 50 % uznateln\u00fdch n\u00e1klad\u016f, Pardubick\u00fd kraj zase 70 % uznateln\u00fdch n\u00e1klad\u016f. Zb\u00fdvaj\u00edc\u00ed \u010d\u00e1st mus\u00ed v\u010dela\u0159 zaplatit z vlastn\u00ed kapsy, ev. si dofinancov\u00e1n\u00ed sehnat jinde.<\/p>\n<p>Kolik kraje nap\u0159\u00edklad d\u00e1vaj\u00ed?<\/p>\n<p><strong>Olomouck\u00fd kraj<\/strong><br \/>\nMinim\u00e1ln\u011b: 3 000,- K\u010d<br \/>\nMaxim\u00e1ln\u011b: 10 000,- K\u010d<\/p>\n<p><strong>Pardubick\u00fd kraj<\/strong><br \/>\nMinim\u00e1ln\u011b: 10 tis\u00edc K\u010d<br \/>\nMaxim\u00e1ln\u011b: 12 tis\u00edc K\u010d<\/p>\n<p><strong>Plze\u0148sk\u00fd kraj<\/strong><br \/>\nmax.12\u00a0000,-K\u010d<\/p>\n<p>Pen\u00edze se d\u00e1vaj\u00ed na: po\u0159\u00edzen\u00ed 3 v\u010delstev, po\u0159\u00edzen\u00ed 3 \u00fal\u016f s p\u0159\u00edslu\u0161enstv\u00edm a na po\u0159\u00edzen\u00ed v\u010dela\u0159sk\u00fdch pot\u0159eb a pom\u016fcek.<\/dd>\n<dd><\/dd>\n<dd>\n<p>V p\u0159\u00edpad\u011b uzav\u0159en\u00ed smlouvy se mus\u00ed za\u010d\u00ednaj\u00edc\u00ed v\u010dela\u0159 zav\u00e1zat, \u017ee bude chovat v\u010dely po dovu nejm\u00e9n\u011b 3 let a odborn\u011b na jejich chovu spolupracovat se svazem v\u010dela\u0159\u016f.<\/dd>\n<dd><\/dd>\n<dd>O dotaci v\u011bt\u0161inou mohou \u017e\u00e1dat fyzick\u00e9 osoby trvale bydl\u00edc\u00ed v kraji, kter\u00e9 nevlastn\u00ed \u017e\u00e1dn\u00e9 \u00faly ani v\u010delstva. Bli\u017e\u0161\u00ed informace poskytne krajsk\u00fd \u00fa\u0159ad nebo \u010cesk\u00fd svaz v\u010dela\u0159\u016f http:\/\/www.vcelarstvi.cz<\/dd>\n<dd><\/dd>\n<\/dl>\n<p>&nbsp;<\/p>\n<p>&nbsp;<\/p>\n","protected":false},"excerpt":{"rendered":"<div class=\"mh-excerpt\"><p>P\u0159ivyd\u011bl\u00e1vat si chovem v\u010del a v\u00fdrobou zdrav\u00e9ho dom\u00e1c\u00edho medu? Pro\u010d ne. Hendikepovan\u00ed, kte\u0159\u00ed bydl\u00ed na vesnici a maj\u00ed pozemek vhodn\u00fd pro chov v\u010del, si mohou <a class=\"mh-excerpt-more\" href=\"https:\/\/www.invarena.cz\/?p=2096\" title=\"Dotace pro za\u010d\u00ednaj\u00edc\u00ed v\u010dela\u0159e\">[&#8230;]<\/a><\/p>\n<\/div>","protected":false},"author":1,"featured_media":2104,"comment_status":"open","ping_status":"open","sticky":false,"template":"","format":"standard","meta":{"footnotes":""},"categories":[1],"tags":[],"class_list":["post-2096","post","type-post","status-publish","format-standard","has-post-thumbnail","hentry","category-nezarazene"],"_links":{"self":[{"href":"https:\/\/www.invarena.cz\/index.php?rest_route=\/wp\/v2\/posts\/2096","targetHints":{"allow":["GET"]}}],"collection":[{"href":"https:\/\/www.invarena.cz\/index.php?rest_route=\/wp\/v2\/posts"}],"about":[{"href":"https:\/\/www.invarena.cz\/index.php?rest_route=\/wp\/v2\/types\/post"}],"author":[{"embeddable":true,"href":"https:\/\/www.invarena.cz\/index.php?rest_route=\/wp\/v2\/users\/1"}],"replies":[{"embeddable":true,"href":"https:\/\/www.invarena.cz\/index.php?rest_route=%2Fwp%2Fv2%2Fcomments&post=2096"}],"version-history":[{"count":0,"href":"https:\/\/www.invarena.cz\/index.php?rest_route=\/wp\/v2\/posts\/2096\/revisions"}],"wp:featuredmedia":[{"embeddable":true,"href":"https:\/\/www.invarena.cz\/index.php?rest_route=\/wp\/v2\/media\/2104"}],"wp:attachment":[{"href":"https:\/\/www.invarena.cz\/index.php?rest_route=%2Fwp%2Fv2%2Fmedia&parent=2096"}],"wp:term":[{"taxonomy":"category","embeddable":true,"href":"https:\/\/www.invarena.cz\/index.php?rest_route=%2Fwp%2Fv2%2Fcategories&post=2096"},{"taxonomy":"post_tag","embeddable":true,"href":"https:\/\/www.invarena.cz\/index.php?rest_route=%2Fwp%2Fv2%2Ftags&post=2096"}],"curies":[{"name":"wp","href":"https:\/\/api.w.org\/{rel}","templated":true}]}}