{"id":20981,"date":"2015-04-23T09:58:28","date_gmt":"2015-04-23T07:58:28","guid":{"rendered":"http:\/\/www.invarena.cz\/?p=20981"},"modified":"2015-04-23T09:58:39","modified_gmt":"2015-04-23T07:58:39","slug":"verejne-ochrankyni-prav-pribyva-stiznosti-souvisejicich-s-vyplacenim-duchodu","status":"publish","type":"post","link":"https:\/\/www.invarena.cz\/?p=20981","title":{"rendered":"Ve\u0159ejn\u00e9 ochr\u00e1nkyni pr\u00e1v p\u0159ib\u00fdv\u00e1 st\u00ed\u017enost\u00ed souvisej\u00edc\u00edch s vypl\u00e1cen\u00edm d\u016fchod\u016f"},"content":{"rendered":"<p><strong>Ve\u0159ejn\u00e9mu ochr\u00e1nci pr\u00e1v p\u0159ib\u00fdv\u00e1 st\u00ed\u017enost\u00ed souvisej\u00edc\u00edch s vypl\u00e1cen\u00edm d\u016fchod\u016f. Za leto\u0161n\u00ed prvn\u00ed \u010dtvrtlet\u00ed se na ombudsmanku obr\u00e1tilo t\u00e9m\u011b\u0159 350 lid\u00ed, co\u017e je o 15 procent v\u00edce ne\u017e v p\u0159edchoz\u00edm \u010dtvrtlet\u00ed.<\/strong><!--more--><\/p>\n<p>ilustra\u010dn\u00ed foto: PhotoRack<\/p>\n<p>Ve\u0159ejn\u00e9mu ochr\u00e1nci pr\u00e1v p\u0159ib\u00fdv\u00e1 st\u00ed\u017enost\u00ed souvisej\u00edc\u00edch s vypl\u00e1cen\u00edm d\u016fchod\u016f. Za leto\u0161n\u00ed prvn\u00ed \u010dtvrtlet\u00ed se na ombudsmanku obr\u00e1tilo t\u00e9m\u011b\u0159 350 lid\u00ed, co\u017e je o 15 procent v\u00edce ne\u017e v p\u0159edchoz\u00edm \u010dtvrtlet\u00ed.<\/p>\n<p> Zna\u010dn\u00e1 \u010d\u00e1st podn\u011bt\u016f je opr\u00e1vn\u011bn\u00e1, potvrzuje mluv\u010d\u00ed kancel\u00e1\u0159e ve\u0159ejn\u00e9 ochr\u00e1nkyn\u011b pr\u00e1v Iva Hrazd\u00edlkov\u00e1.<\/p>\n<p>Iva HRAZD\u00cdLKOV\u00c1:  V p\u0159\u00edpad\u011b starobn\u00edch d\u016fchod\u016f \u0161lo o nedo\u0161et\u0159en\u00ed dob poji\u0161t\u011bn\u00ed, u invalidn\u00edch d\u016fchod\u016f se jednalo p\u0159edev\u0161\u00edm o \u0161patn\u00e9 stanoven\u00ed datumu vzniku invalidity. <\/p>\n<p>\t\u010cRo <\/p>\n","protected":false},"excerpt":{"rendered":"<div class=\"mh-excerpt\"><p>Ve\u0159ejn\u00e9mu ochr\u00e1nci pr\u00e1v p\u0159ib\u00fdv\u00e1 st\u00ed\u017enost\u00ed souvisej\u00edc\u00edch s vypl\u00e1cen\u00edm d\u016fchod\u016f. Za leto\u0161n\u00ed prvn\u00ed \u010dtvrtlet\u00ed se na ombudsmanku obr\u00e1tilo t\u00e9m\u011b\u0159 350 lid\u00ed, co\u017e je o 15 procent <a class=\"mh-excerpt-more\" href=\"https:\/\/www.invarena.cz\/?p=20981\" title=\"Ve\u0159ejn\u00e9 ochr\u00e1nkyni pr\u00e1v p\u0159ib\u00fdv\u00e1 st\u00ed\u017enost\u00ed souvisej\u00edc\u00edch s vypl\u00e1cen\u00edm d\u016fchod\u016f\">[&#8230;]<\/a><\/p>\n<\/div>","protected":false},"author":1,"featured_media":18086,"comment_status":"open","ping_status":"closed","sticky":false,"template":"","format":"standard","meta":{"footnotes":""},"categories":[7],"tags":[],"class_list":["post-20981","post","type-post","status-publish","format-standard","has-post-thumbnail","hentry","category-spolecnost"],"_links":{"self":[{"href":"https:\/\/www.invarena.cz\/index.php?rest_route=\/wp\/v2\/posts\/20981","targetHints":{"allow":["GET"]}}],"collection":[{"href":"https:\/\/www.invarena.cz\/index.php?rest_route=\/wp\/v2\/posts"}],"about":[{"href":"https:\/\/www.invarena.cz\/index.php?rest_route=\/wp\/v2\/types\/post"}],"author":[{"embeddable":true,"href":"https:\/\/www.invarena.cz\/index.php?rest_route=\/wp\/v2\/users\/1"}],"replies":[{"embeddable":true,"href":"https:\/\/www.invarena.cz\/index.php?rest_route=%2Fwp%2Fv2%2Fcomments&post=20981"}],"version-history":[{"count":0,"href":"https:\/\/www.invarena.cz\/index.php?rest_route=\/wp\/v2\/posts\/20981\/revisions"}],"wp:featuredmedia":[{"embeddable":true,"href":"https:\/\/www.invarena.cz\/index.php?rest_route=\/wp\/v2\/media\/18086"}],"wp:attachment":[{"href":"https:\/\/www.invarena.cz\/index.php?rest_route=%2Fwp%2Fv2%2Fmedia&parent=20981"}],"wp:term":[{"taxonomy":"category","embeddable":true,"href":"https:\/\/www.invarena.cz\/index.php?rest_route=%2Fwp%2Fv2%2Fcategories&post=20981"},{"taxonomy":"post_tag","embeddable":true,"href":"https:\/\/www.invarena.cz\/index.php?rest_route=%2Fwp%2Fv2%2Ftags&post=20981"}],"curies":[{"name":"wp","href":"https:\/\/api.w.org\/{rel}","templated":true}]}}