{"id":20995,"date":"2015-04-23T03:20:16","date_gmt":"2015-04-23T01:20:16","guid":{"rendered":"http:\/\/www.invarena.cz\/?p=20995"},"modified":"2015-04-23T19:53:12","modified_gmt":"2015-04-23T17:53:12","slug":"jsem-invalidni-ale-invalidni-duchod-nedostanu-proc","status":"publish","type":"post","link":"https:\/\/www.invarena.cz\/?p=20995","title":{"rendered":"Jsem invalidn\u00ed, ale invalidn\u00ed d\u016fchod nedostanu. Pro\u010d?"},"content":{"rendered":"<p><strong>Dotaz: Byl jsem uzn\u00e1n jako invalidn\u00ed ve t\u0159et\u00edm stupni. D\u016fchod pr\u00fd ale nedostanu. \u00dadajn\u011b kv\u016fli n\u011bjak\u00e9mu poji\u0161t\u011bn\u00ed. Chci se zeptat o co jde a co s t\u00edm mohu d\u011blat?<\/strong><br \/>\n<!--more--><br \/>\n<strong><br \/>\nOdpov\u011b\u010f:<\/strong><br \/>\nTo, \u017ee je \u010dlov\u011bk uzn\u00e1n jako invalidn\u00ed je\u0161t\u011b skute\u010dn\u011b nemus\u00ed znamenat, \u017ee m\u00e1 automaticky n\u00e1rok na vypl\u00e1cen\u00ed invalidn\u00edho d\u016fchodu. Na ten toti\u017e m\u00e1te n\u00e1rok pouze v p\u0159\u00edpad\u011b, \u017ee spl\u0148ujete pot\u0159ebnou dobu d\u016fchodov\u00e9ho poji\u0161t\u011bn\u00ed a nebo kdy\u017e V\u00e1m byla p\u0159izn\u00e1na invalidita z d\u016fvod\u016f pracovn\u00edho \u00farazu.<\/p>\n<p>Podm\u00ednka doby poji\u0161t\u011bn\u00ed pro p\u0159izn\u00e1n\u00ed invalidn\u00edho d\u016fchodu je u poji\u0161t\u011bnce:<br \/>\n\u2022 do 20 let m\u00e9n\u011b ne\u017e 1 rok,<br \/>\n\u2022 od 20 do 22 let 1 rok,<br \/>\n\u2022 od 22 let do 24 let 2 roky,<br \/>\n\u2022 od 24 let do 26 let 3 roky,<br \/>\n\u2022 od 26 let do 28 let 4 roky,<br \/>\n\u2022 nad 28 let 5 let.<br \/>\nDo doby poji\u0161t\u011bn\u00ed se zapo\u010d\u00edt\u00e1v\u00e1 tak\u00e9 studium na st\u0159edn\u00ed \u010di vysok\u00e9 \u0161kole.<br \/>\nAbyste mohl pob\u00edrat invalidn\u00ed d\u016fchod t\u0159et\u00edho stupn\u011b, budete muset u\u010dinit n\u011bjak\u00fd z n\u00e1sleduj\u00edc\u00edch krok\u016f.<\/p>\n<p>Pokud V\u00e1m to zdravotn\u00ed stav alespo\u0148 trochu dovoluje, bylo by z dlouhodob\u00e9ho hlediska nejlep\u0161\u00ed, abyste si na\u0161el n\u011bjak\u00e9 zam\u011bstn\u00e1n\u00ed a nebo se stal osobou samostatn\u011b v\u00fdd\u011ble\u010dn\u011b \u010dinnou.<\/p>\n<p>Dal\u0161\u00ed mo\u017enost\u00ed, kter\u00e1 by m\u011bla tak\u00e9 v\u00e9st k z\u00edsk\u00e1n\u00ed zam\u011bstn\u00e1n\u00ed, je nechat se na \u00da\u0159ad\u011b pr\u00e1ce zapsat do evidence uchaze\u010d\u016f o zam\u011bstn\u00e1n\u00ed. To v p\u0159\u00edpad\u011b invalidity lze, nem\u00e1teli ale na rozhodnut\u00ed o invalidit\u011b uvedeno, \u017ee nejste schopen vykon\u00e1vat v\u00fdd\u011ble\u010dnou \u010dinnost ani za zcela mimo\u0159\u00e1dn\u00fdch podm\u00ednek. V takov\u00e9m p\u0159\u00edpad\u011b V\u00e1s na \u00da\u0159ad\u011b pr\u00e1ce odm\u00edtnou.<\/p>\n<p>Z\u00edskat pot\u0159ebnou dobu poji\u0161t\u011bn\u00ed m\u016f\u017eete je\u0161t\u011b d\u00edky tzv. dobrovoln\u00e9mu d\u016fchodov\u00e9mu poji\u0161t\u011bn\u00ed. K n\u011bmu se m\u016f\u017eete p\u0159ihl\u00e1sit na sv\u00e9 pobo\u010dce \u010cesk\u00e9 spr\u00e1vy soci\u00e1ln\u00edho zabezpe\u010den\u00ed. V praxi to znamen\u00e1, \u017ee si pot\u0159ebnou dobu poji\u0161t\u011bn\u00ed doplat\u00edte. V roce 2015 \u010dinn\u00ed nejni\u017e\u0161\u00ed mo\u017en\u00e1 m\u011bs\u00ed\u010dn\u00ed \u010d\u00e1stka na dobrovoln\u00e9 d\u016fchodov\u00e9 poji\u0161t\u011bn\u00ed celkem 1863 K\u010d.<\/p>\n<p>Ji\u0159\u00ed Marek<br \/>\ninvArena<\/p>\n","protected":false},"excerpt":{"rendered":"<div class=\"mh-excerpt\"><p>Dotaz: Byl jsem uzn\u00e1n jako invalidn\u00ed ve t\u0159et\u00edm stupni. D\u016fchod pr\u00fd ale nedostanu. \u00dadajn\u011b kv\u016fli n\u011bjak\u00e9mu poji\u0161t\u011bn\u00ed. Chci se zeptat o co jde a co <a class=\"mh-excerpt-more\" href=\"https:\/\/www.invarena.cz\/?p=20995\" title=\"Jsem invalidn\u00ed, ale invalidn\u00ed d\u016fchod nedostanu. Pro\u010d?\">[&#8230;]<\/a><\/p>\n<\/div>","protected":false},"author":3,"featured_media":4333,"comment_status":"open","ping_status":"closed","sticky":false,"template":"","format":"standard","meta":{"footnotes":""},"categories":[18],"tags":[],"class_list":["post-20995","post","type-post","status-publish","format-standard","has-post-thumbnail","hentry","category-poradna"],"_links":{"self":[{"href":"https:\/\/www.invarena.cz\/index.php?rest_route=\/wp\/v2\/posts\/20995","targetHints":{"allow":["GET"]}}],"collection":[{"href":"https:\/\/www.invarena.cz\/index.php?rest_route=\/wp\/v2\/posts"}],"about":[{"href":"https:\/\/www.invarena.cz\/index.php?rest_route=\/wp\/v2\/types\/post"}],"author":[{"embeddable":true,"href":"https:\/\/www.invarena.cz\/index.php?rest_route=\/wp\/v2\/users\/3"}],"replies":[{"embeddable":true,"href":"https:\/\/www.invarena.cz\/index.php?rest_route=%2Fwp%2Fv2%2Fcomments&post=20995"}],"version-history":[{"count":0,"href":"https:\/\/www.invarena.cz\/index.php?rest_route=\/wp\/v2\/posts\/20995\/revisions"}],"wp:featuredmedia":[{"embeddable":true,"href":"https:\/\/www.invarena.cz\/index.php?rest_route=\/wp\/v2\/media\/4333"}],"wp:attachment":[{"href":"https:\/\/www.invarena.cz\/index.php?rest_route=%2Fwp%2Fv2%2Fmedia&parent=20995"}],"wp:term":[{"taxonomy":"category","embeddable":true,"href":"https:\/\/www.invarena.cz\/index.php?rest_route=%2Fwp%2Fv2%2Fcategories&post=20995"},{"taxonomy":"post_tag","embeddable":true,"href":"https:\/\/www.invarena.cz\/index.php?rest_route=%2Fwp%2Fv2%2Ftags&post=20995"}],"curies":[{"name":"wp","href":"https:\/\/api.w.org\/{rel}","templated":true}]}}