{"id":20998,"date":"2015-04-23T15:00:09","date_gmt":"2015-04-23T13:00:09","guid":{"rendered":"http:\/\/www.invarena.cz\/?p=20998"},"modified":"2015-04-23T15:18:10","modified_gmt":"2015-04-23T13:18:10","slug":"pro-nevidome-lidi-poradame-i-turnaje","status":"publish","type":"post","link":"https:\/\/www.invarena.cz\/?p=20998","title":{"rendered":"Pro nevidom\u00e9 lidi po\u0159\u00e1d\u00e1me i turnaje"},"content":{"rendered":"<p><strong>S nemoc\u00ed zraku se Renata Janderov\u00e1 p\u0159ed lety sama pot\u00fdkala. Pak se za\u010dala anga\u017eovat v organizaci, kter\u00e1 lidem s t\u011b\u017ek\u00fdm zrakov\u00fdm handicapem pom\u00e1h\u00e1.<\/strong><!--more--><\/p>\n<p>\u0160umperk \u2013 &#8222;V\u017edy je velmi d\u016fle\u017eit\u00e9, v jak\u00e9 \u017eivotn\u00ed f\u00e1zi \u010dlov\u011bk o zrak p\u0159ich\u00e1z\u00ed. V\u011bt\u0161ina na\u0161ich klient\u016f p\u0159est\u00e1v\u00e1 vid\u011bt postupn\u011b, tak\u017ee se sice na zhor\u0161ov\u00e1n\u00ed stavu mohou p\u0159ipravit, ale p\u0159esto je to obrovsk\u00e1 \u017eivotn\u00ed zm\u011bna,&#8220; \u0159\u00edk\u00e1 Renata Jandrtov\u00e1, kter\u00e1 nyn\u00ed p\u016fsob\u00ed jako p\u0159edsedkyn\u011b \u0161umpersk\u00e9 pobo\u010dky Sjednocen\u00e9 organizace nevidom\u00fdch a slabozrak\u00fdch.<\/p>\n<p>Energick\u00e1 \u017eena se v r\u00e1mci sv\u00e9 \u010dinnosti sna\u017e\u00ed pomoci lidem se zrakov\u00fdm posti\u017een\u00edm zlep\u0161it kvalitu jejich \u017eivota. &#8222;Pro nevidom\u00e9 existuje \u0159ada u\u017eite\u010dn\u00fdch pom\u016fcek, \u010dasto jsou \u2018mluv\u00edc\u00ed\u2018.<\/p>\n<p>Pravideln\u011b proto po\u0159\u00e1d\u00e1me kurzy sebeobsluhy, na kter\u00fdch se klienti u\u010d\u00ed t\u0159eba va\u0159it, p\u00e9ct \u010di nacvi\u010dujeme b\u011b\u017en\u00e9 \u00fakony, nad nimi\u017e zdrav\u00fd \u010dlov\u011bk ani nep\u0159em\u00fd\u0161l\u00ed,&#8220; vyjmenov\u00e1v\u00e1 konkr\u00e9tn\u00ed \u010dinnosti.<\/p>\n<p>Nevidom\u00fdm nebo t\u011bm, kte\u0159\u00ed maj\u00ed jen zbytky zraku, nab\u00edz\u00ed k dispozici tak\u00e9 knihy. &#8222;Bu\u010f na zvukov\u00fdch nosi\u010d\u00edch nebo v Braillov\u011b p\u00edsmu. Po\u0159\u00e1d\u00e1me tak\u00e9 v\u00fdtvarn\u00e9 a \u0159emesln\u00e9 d\u00edlny,&#8220; popisuje Renata Jandrtov\u00e1 a z\u00e1rove\u0148 upozor\u0148uje, \u017ee lidem nab\u00edzej\u00ed i sportovn\u00ed vy\u017eit\u00ed. &#8222;Po\u0159\u00e1d\u00e1me nap\u0159\u00edklad turnaje v show downu, co\u017e je obdoba stoln\u00edho tenisu pro nevidom\u00e9. M\u00ed\u010dky p\u0159i pohybu ch\u0159est\u00ed, tak\u017ee hr\u00e1\u010di spol\u00e9haj\u00ed na sv\u016fj sluch,&#8220; popisuje, podle \u010deho se sportovn\u00ed nad\u0161enci orientuj\u00ed.<\/p>\n<p>S tvrzen\u00edm n\u011bkter\u00fdch odborn\u00edk\u016f, \u017ee zrakov\u00e1 vada vy\u010dle\u0148uje posti\u017een\u00e9 od v\u011bc\u00ed, a sluchov\u00e1 vada zase od lid\u00ed, Renata Jandrtov\u00e1 nesouhlas\u00ed. &#8222;Nejv\u011bt\u0161\u00edm probl\u00e9mem pro lidi s t\u011b\u017ek\u00fdm zrakov\u00fdm handicapem je izolace. Kdy\u017e \u010dlov\u011bk nevid\u00ed, tak nev\u00ed, zda je n\u011bkdo vedle n\u011bj, koho by mohl po\u017e\u00e1dat o pomoc. Je slo\u017eit\u00e9 se orientovat ve vlastn\u00edm byt\u011b, na ulici, s\u00e1m se naj\u00edst a v\u016fbec se o sebe postarat,&#8220; popisuje Renata Jandrtov\u00e1 a p\u0159itom vyzdvihuje pomoc dobrovoln\u00edk\u016f. Mezi ty pat\u0159\u00ed nejen ti, kte\u0159\u00ed pom\u00e1haj\u00ed klient\u016fm organizace p\u0159i n\u00e1kupech, \u010di je doprov\u00e1zej\u00ed k l\u00e9ka\u0159i.<\/p>\n<p>&#8222;Spolupracujeme tak\u00e9 se \u0161kolami, kter\u00e9 n\u00e1m pom\u00e1haj\u00ed s celost\u00e1tn\u00ed podzimn\u00ed sb\u00edrkou B\u00edl\u00e1 pastelka, jedn\u00e1 se nap\u0159\u00edklad o studentky st\u0159edn\u00ed zdravotnick\u00e9 \u0161koly. Vybran\u00e9 pen\u00edze pou\u017e\u00edv\u00e1me p\u0159edev\u0161\u00edm k n\u00e1kupu a realizaci v\u00fdukov\u00fdch program\u016f pro nevidom\u00e9 a zaji\u0161t\u011bn\u00ed chodu na\u0161\u00ed pobo\u010dky,&#8220; vysv\u011btluje Renata Jandrtov\u00e1. Podle n\u00ed se u\u017e sb\u00edrka dostala do pov\u011bdom\u00ed lid\u00ed. &#8222;Symbolickou b\u00edlou pastelku si v posledn\u00edch letech kupuj\u00ed ochotn\u011b,&#8220; uzav\u00edr\u00e1.<\/p>\n<p>23.04.2015<br \/>\nOlomouck\u00fd den\u00edk<br \/>\n<a href=\"http:\/\/www.olomoucky.denik.cz\/\">http:\/\/www.olomoucky.denik.cz\/<\/a><\/p>\n","protected":false},"excerpt":{"rendered":"<div class=\"mh-excerpt\"><p>S nemoc\u00ed zraku se Renata Janderov\u00e1 p\u0159ed lety sama pot\u00fdkala. Pak se za\u010dala anga\u017eovat v organizaci, kter\u00e1 lidem s t\u011b\u017ek\u00fdm zrakov\u00fdm handicapem pom\u00e1h\u00e1.<\/p>\n<\/div>","protected":false},"author":1,"featured_media":1782,"comment_status":"open","ping_status":"closed","sticky":false,"template":"","format":"standard","meta":{"footnotes":""},"categories":[9],"tags":[],"class_list":["post-20998","post","type-post","status-publish","format-standard","has-post-thumbnail","hentry","category-zpravy"],"_links":{"self":[{"href":"https:\/\/www.invarena.cz\/index.php?rest_route=\/wp\/v2\/posts\/20998","targetHints":{"allow":["GET"]}}],"collection":[{"href":"https:\/\/www.invarena.cz\/index.php?rest_route=\/wp\/v2\/posts"}],"about":[{"href":"https:\/\/www.invarena.cz\/index.php?rest_route=\/wp\/v2\/types\/post"}],"author":[{"embeddable":true,"href":"https:\/\/www.invarena.cz\/index.php?rest_route=\/wp\/v2\/users\/1"}],"replies":[{"embeddable":true,"href":"https:\/\/www.invarena.cz\/index.php?rest_route=%2Fwp%2Fv2%2Fcomments&post=20998"}],"version-history":[{"count":0,"href":"https:\/\/www.invarena.cz\/index.php?rest_route=\/wp\/v2\/posts\/20998\/revisions"}],"wp:featuredmedia":[{"embeddable":true,"href":"https:\/\/www.invarena.cz\/index.php?rest_route=\/wp\/v2\/media\/1782"}],"wp:attachment":[{"href":"https:\/\/www.invarena.cz\/index.php?rest_route=%2Fwp%2Fv2%2Fmedia&parent=20998"}],"wp:term":[{"taxonomy":"category","embeddable":true,"href":"https:\/\/www.invarena.cz\/index.php?rest_route=%2Fwp%2Fv2%2Fcategories&post=20998"},{"taxonomy":"post_tag","embeddable":true,"href":"https:\/\/www.invarena.cz\/index.php?rest_route=%2Fwp%2Fv2%2Ftags&post=20998"}],"curies":[{"name":"wp","href":"https:\/\/api.w.org\/{rel}","templated":true}]}}