{"id":21003,"date":"2015-04-23T15:24:24","date_gmt":"2015-04-23T13:24:24","guid":{"rendered":"http:\/\/www.invarena.cz\/?p=21003"},"modified":"2015-04-23T19:51:11","modified_gmt":"2015-04-23T17:51:11","slug":"pechova-si-z-berlina-veze-same-rekordy","status":"publish","type":"post","link":"https:\/\/www.invarena.cz\/?p=21003","title":{"rendered":"Pechov\u00e1 si z Berl\u00edna veze sam\u00e9 rekordy"},"content":{"rendered":"<p><strong>Sv\u00e1 osobn\u00ed maxima vylep\u0161ila na otev\u0159en\u00e9m mistrovstv\u00ed N\u011bmecka handicapovan\u00e1 plavkyn\u011b Koh-i-nooru \u010cesk\u00e9 Bud\u011bjovice Mark\u00e9ta Pechov\u00e1.<\/strong> <!--more--><\/p>\n<p>ilustra\u010dn\u00ed foto: USAG-Humphreys \/ Flickr.com<\/p>\n<p>Berl\u00edn \u2013 N\u011bmeck\u00fd \u0161ampion\u00e1t je pro plavce s handicapem velice presti\u017en\u00ed. Do Berl\u00edna p\u0159icestovalo 560 plavc\u016f v\u0161ech druh\u016f posti\u017een\u00ed ze 156 zem\u00ed sv\u011bta.<\/p>\n<p>\u010ceskobud\u011bjovick\u00e1 plavkyn\u011b m\u011bla v Berl\u00edn\u011b nabit\u00fd program. Za \u010dty\u0159i dny absolvovala p\u011bt z\u00e1vod\u016f. &#8222;Na\u0161t\u011bst\u00ed jsem m\u011bla \u010dasov\u00fd harmonogram z\u00e1vod\u016f dob\u0159e rozvr\u017een\u00fd. Jeden den jsem m\u011bla na programu dva z\u00e1vody, v dal\u0161\u00edch dnech u\u017e jenom jeden. Plavat v\u00edc discipl\u00edn v jednom dni je toti\u017e hodn\u011b n\u00e1ro\u010dn\u00e9, zvl\u00e1\u0161\u0165 kdy\u017e mus\u00ed \u010dlov\u011bk tr\u00e1vit na baz\u00e9nu cel\u00fd den,&#8220; \u0159\u00edk\u00e1 Pechov\u00e1.<\/p>\n<p>Nejv\u011bt\u0161\u00ed radost j\u00ed ud\u011blalo \u010dtvrt\u00e9 m\u00edsto v discipl\u00edn\u011b 800 metr\u016f voln\u00fdm zp\u016fsobem. Sv\u00e9 nejlep\u0161\u00ed \u010dasy ov\u0161em zaplavala i v ostatn\u00edch discipl\u00edn\u00e1ch (2x 12. m\u00edsto a 2x 18. m\u00edsto). &#8222;Zlep\u0161ila jsem se hodn\u011b. V m\u00e9 kategorii posti\u017een\u00ed startovalo 159 plavky\u0148 a jak\u00e9koliv um\u00edst\u011bn\u00ed v prvn\u00ed polovin\u011b startovn\u00edho pole je velk\u00fdm \u00fasp\u011bchem. Mus\u00edm pod\u011bkovat hlavn\u011b sv\u00fdm tren\u00e9rk\u00e1m Son\u011b \u0160est\u00e1kov\u00e9 a Ev\u011b \u0160mausov\u00e9,&#8220; usm\u00edv\u00e1 se Mark\u00e9ta Pechov\u00e1.<\/p>\n<p>Krom\u011b toho si plavkyn\u011b Koh-i-nooru polep\u0161ila i v \u017eeb\u0159\u00ed\u010dku mezin\u00e1rodn\u00ed federace.<\/p>\n<p>Nyn\u00ed u\u017e se Pechov\u00e1 t\u011b\u0161\u00ed na z\u00e1vody v d\u00e1lkov\u00e9m plav\u00e1n\u00ed, kter\u00e9 se chyst\u00e1 obj\u00ed\u017ed\u011bt. Zam\u00ed\u0159\u00ed na Lipno, na vodn\u00ed kan\u00e1l v Ra\u010dic\u00edch a \u010dekaj\u00ed ji t\u00e9\u017e z\u00e1vody v pra\u017esk\u00e9 Vltav\u011b. &#8222;P\u016fjde o m\u011b\u0159en\u00ed sil s neposti\u017een\u00fdmi z\u00e1vodnicemi, proto\u017ee z\u00e1vody handicapovan\u00fdch v d\u00e1lkov\u00e9m plav\u00e1n\u00ed u n\u00e1s nejsou. Na evropsk\u00e9 a sv\u011btov\u00e9 z\u00e1vody d\u00e1lkov\u00e9ho plav\u00e1n\u00ed ve sv\u00e9 kategorii se mohu kvalifikovat pr\u00e1v\u011b na dom\u00e1c\u00edch akc\u00edch,&#8220; t\u011b\u0161\u00ed se na dlouh\u00e9 trat\u011b Pechov\u00e1.<\/p>\n<p>\u010ceskobud\u011bjovick\u00fd den\u00edk<br \/>\n<a href=\"http:\/\/ceskobudejovicky.denik.cz\/\">http:\/\/ceskobudejovicky.denik.cz\/<\/a><\/p>\n","protected":false},"excerpt":{"rendered":"<div class=\"mh-excerpt\"><p>Sv\u00e1 osobn\u00ed maxima vylep\u0161ila na otev\u0159en\u00e9m mistrovstv\u00ed N\u011bmecka handicapovan\u00e1 plavkyn\u011b Koh-i-nooru \u010cesk\u00e9 Bud\u011bjovice Mark\u00e9ta Pechov\u00e1.<\/p>\n<\/div>","protected":false},"author":1,"featured_media":21009,"comment_status":"open","ping_status":"closed","sticky":false,"template":"","format":"standard","meta":{"footnotes":""},"categories":[7],"tags":[],"class_list":["post-21003","post","type-post","status-publish","format-standard","has-post-thumbnail","hentry","category-spolecnost"],"_links":{"self":[{"href":"https:\/\/www.invarena.cz\/index.php?rest_route=\/wp\/v2\/posts\/21003","targetHints":{"allow":["GET"]}}],"collection":[{"href":"https:\/\/www.invarena.cz\/index.php?rest_route=\/wp\/v2\/posts"}],"about":[{"href":"https:\/\/www.invarena.cz\/index.php?rest_route=\/wp\/v2\/types\/post"}],"author":[{"embeddable":true,"href":"https:\/\/www.invarena.cz\/index.php?rest_route=\/wp\/v2\/users\/1"}],"replies":[{"embeddable":true,"href":"https:\/\/www.invarena.cz\/index.php?rest_route=%2Fwp%2Fv2%2Fcomments&post=21003"}],"version-history":[{"count":0,"href":"https:\/\/www.invarena.cz\/index.php?rest_route=\/wp\/v2\/posts\/21003\/revisions"}],"wp:featuredmedia":[{"embeddable":true,"href":"https:\/\/www.invarena.cz\/index.php?rest_route=\/wp\/v2\/media\/21009"}],"wp:attachment":[{"href":"https:\/\/www.invarena.cz\/index.php?rest_route=%2Fwp%2Fv2%2Fmedia&parent=21003"}],"wp:term":[{"taxonomy":"category","embeddable":true,"href":"https:\/\/www.invarena.cz\/index.php?rest_route=%2Fwp%2Fv2%2Fcategories&post=21003"},{"taxonomy":"post_tag","embeddable":true,"href":"https:\/\/www.invarena.cz\/index.php?rest_route=%2Fwp%2Fv2%2Ftags&post=21003"}],"curies":[{"name":"wp","href":"https:\/\/api.w.org\/{rel}","templated":true}]}}