{"id":21017,"date":"2015-04-24T06:42:57","date_gmt":"2015-04-24T04:42:57","guid":{"rendered":"http:\/\/www.invarena.cz\/?p=21017"},"modified":"2015-04-24T06:42:57","modified_gmt":"2015-04-24T04:42:57","slug":"jablonec-rozsiruje-sluzby-pro-nemocne-predskolaky","status":"publish","type":"post","link":"https:\/\/www.invarena.cz\/?p=21017","title":{"rendered":"Jablonec roz\u0161i\u0159uje slu\u017eby pro nemocn\u00e9 p\u0159ed\u0161kol\u00e1ky"},"content":{"rendered":"<p><strong>Jablonec nad Nisou roz\u0161i\u0159uje slu\u017eby pro p\u0159ed\u0161kol\u00e1ky, kte\u0159\u00ed pot\u0159ebuj\u00ed speci\u00e1ln\u00ed p\u00e9\u010di. Do mate\u0159sk\u00e9 \u0161koly tak budou moci chodit i d\u011bti zdravotn\u011b znev\u00fdhodn\u011bn\u00e9, jako jsou alergici, astmatici, ale i d\u011bti s cukrovkou, atopick\u00fdm ekz\u00e9mem \u010di epilepsi\u00ed, kter\u00e9 do b\u011b\u017en\u00fdch p\u0159ed\u0161koln\u00edch za\u0159\u00edzen\u00ed v\u011bt\u0161inou nep\u0159ij\u00edmaj\u00ed.<\/strong><!--more--><\/p>\n<p> D\u011bt\u00ed se zdravotn\u00edm handicapem p\u0159ib\u00fdv\u00e1, m\u011bsto se proto rozhodlo roz\u0161\u00ed\u0159it zdravotn\u00ed program Mate\u0159sk\u00e9 \u0161koly Husova, \u0159ekla dnes \u010cTK mluv\u010d\u00ed magistr\u00e1tu Mark\u00e9ta Hozov\u00e1.<\/p>\n<p>    D\u011bti s diagn\u00f3zami, jako je alergie, astma, cukrovka, atopick\u00fd ekz\u00e9m, nebo epilepsie, dnes nejsou v\u00fdjime\u010dn\u00e9. &#8222;Jejich po\u010det se zvy\u0161uje a tlak rodi\u010d\u016f na p\u0159ijet\u00ed do \u0161kolek se z\u00e1konit\u011b stup\u0148uje. Dlouhodob\u011b vid\u00edme rezervu v za\u0159\u00edzen\u00ed, kter\u00e9 by poskytovalo speci\u00e1ln\u00ed p\u00e9\u010di zdravotn\u011b znev\u00fdhodn\u011bn\u00fdm d\u011btem. Proto jsme se rozhodli tuto problematiku \u0159e\u0161it zdravotn\u00edm programem,&#8220; \u0159ekl prim\u00e1tor\u016fv n\u00e1m\u011bstek Pavel Svoboda (\u010cSSD).<\/p>\n<p>    Jablonec z\u0159izuje 18 mate\u0159sk\u00fdch \u0161kol pro t\u00e9m\u011b\u0159 1630 d\u011bt\u00ed, v\u011bt\u0161ina z nich ale nab\u00edz\u00ed standardn\u00ed v\u00fdchovn\u00fd program. Jen \u0161kolka v are\u00e1lu nemocnice p\u0159ednostn\u011b poskytuje p\u00e9\u010di d\u011btem mlad\u0161\u00edm t\u0159\u00ed let. M\u0160 speci\u00e1ln\u00ed v Palack\u00e9ho ulici se zase zam\u011b\u0159uje na d\u011bti s vadami \u0159e\u010di a d\u011bti s t\u011blesn\u00fdmi a ment\u00e1ln\u00edmi vadami. M\u0160 Husova \u0159adu let spolupracuje se zdravotn\u00edky a nab\u00edz\u00ed p\u00e9\u010di o d\u011bti s respira\u010dn\u00edmi onemocn\u011bn\u00edmi a alergiemi.<\/p>\n<p>    M\u011bsto v M\u0160 Husova plat\u00ed slu\u017eby fyzioterapeutky a l\u00e9ka\u0159ky alergolo\u017eky. Roz\u0161\u00ed\u0159en\u00ed zdravotn\u00edho programu ale umo\u017en\u00ed \u0161kolce p\u0159ijmout i d\u011bti s dal\u0161\u00edmi diagn\u00f3zami. &#8222;Na dofinancov\u00e1n\u00ed mzdov\u00fdch n\u00e1klad\u016f je t\u0159eba zhruba 400.000 korun ro\u010dn\u011b, letos bude pot\u0159eba jen 130.000 korun na obdob\u00ed od z\u00e1\u0159\u00ed do prosince,&#8220; \u0159ekl Svoboda.<\/p>\n<p>    Do \u0161kolky bude t\u0159eba tak\u00e9 investovat. Postupn\u011b se tam mus\u00ed vym\u011bnit koberce za lina, zrekonstruovat soci\u00e1ln\u00ed za\u0159\u00edzen\u00ed a zmodernizovat sauna. &#8222;Prioritou je v\u0161ak pos\u00edlen\u00ed po\u010dtu zam\u011bstnanc\u016f, a to o p\u016fl \u00favazku u\u010ditelky a p\u016fl \u00favazku zdravotn\u00edka,&#8220; doplnila Miroslava R\u00fd\u017eakov\u00e1 z magistr\u00e1tu. Jen zdravotn\u00edk m\u016f\u017ee podle n\u00ed pravideln\u011b m\u011b\u0159it hodnoty cukru a pod\u00e1vat l\u00e9ky, zasahovat odborn\u011b p\u0159i epileptick\u00fdch z\u00e1chvatech, pravideln\u011b o\u0161et\u0159ovat d\u011bti s ekz\u00e9mem a sledovat dietn\u00ed j\u00eddeln\u00ed\u010dky. <\/p>\n<p>ilustra\u010dn\u00ed foto: C\\&#8217;est moi! Flickr<\/p>\n","protected":false},"excerpt":{"rendered":"<div class=\"mh-excerpt\"><p>Jablonec nad Nisou roz\u0161i\u0159uje slu\u017eby pro p\u0159ed\u0161kol\u00e1ky, kte\u0159\u00ed pot\u0159ebuj\u00ed speci\u00e1ln\u00ed p\u00e9\u010di. Do mate\u0159sk\u00e9 \u0161koly tak budou moci chodit i d\u011bti zdravotn\u011b znev\u00fdhodn\u011bn\u00e9, jako jsou alergici, <a class=\"mh-excerpt-more\" href=\"https:\/\/www.invarena.cz\/?p=21017\" title=\"Jablonec roz\u0161i\u0159uje slu\u017eby pro nemocn\u00e9 p\u0159ed\u0161kol\u00e1ky\">[&#8230;]<\/a><\/p>\n<\/div>","protected":false},"author":1,"featured_media":14681,"comment_status":"open","ping_status":"closed","sticky":false,"template":"","format":"standard","meta":{"footnotes":""},"categories":[9],"tags":[],"class_list":["post-21017","post","type-post","status-publish","format-standard","has-post-thumbnail","hentry","category-zpravy"],"_links":{"self":[{"href":"https:\/\/www.invarena.cz\/index.php?rest_route=\/wp\/v2\/posts\/21017","targetHints":{"allow":["GET"]}}],"collection":[{"href":"https:\/\/www.invarena.cz\/index.php?rest_route=\/wp\/v2\/posts"}],"about":[{"href":"https:\/\/www.invarena.cz\/index.php?rest_route=\/wp\/v2\/types\/post"}],"author":[{"embeddable":true,"href":"https:\/\/www.invarena.cz\/index.php?rest_route=\/wp\/v2\/users\/1"}],"replies":[{"embeddable":true,"href":"https:\/\/www.invarena.cz\/index.php?rest_route=%2Fwp%2Fv2%2Fcomments&post=21017"}],"version-history":[{"count":0,"href":"https:\/\/www.invarena.cz\/index.php?rest_route=\/wp\/v2\/posts\/21017\/revisions"}],"wp:featuredmedia":[{"embeddable":true,"href":"https:\/\/www.invarena.cz\/index.php?rest_route=\/wp\/v2\/media\/14681"}],"wp:attachment":[{"href":"https:\/\/www.invarena.cz\/index.php?rest_route=%2Fwp%2Fv2%2Fmedia&parent=21017"}],"wp:term":[{"taxonomy":"category","embeddable":true,"href":"https:\/\/www.invarena.cz\/index.php?rest_route=%2Fwp%2Fv2%2Fcategories&post=21017"},{"taxonomy":"post_tag","embeddable":true,"href":"https:\/\/www.invarena.cz\/index.php?rest_route=%2Fwp%2Fv2%2Ftags&post=21017"}],"curies":[{"name":"wp","href":"https:\/\/api.w.org\/{rel}","templated":true}]}}