{"id":21022,"date":"2015-04-24T14:27:38","date_gmt":"2015-04-24T12:27:38","guid":{"rendered":"http:\/\/www.invarena.cz\/?p=21022"},"modified":"2015-04-24T14:27:38","modified_gmt":"2015-04-24T12:27:38","slug":"misto-obchodu-venuje-svou-karieru-chlapci-s-postizenim","status":"publish","type":"post","link":"https:\/\/www.invarena.cz\/?p=21022","title":{"rendered":"M\u00edsto obchodu v\u011bnuje svou kari\u00e9ru chlapci s posti\u017een\u00edm"},"content":{"rendered":"<p><strong>S nedostatkem pracovn\u00edk\u016f se ji\u017e del\u0161\u00ed dobu pot\u00fdk\u00e1 oblast soci\u00e1ln\u00edch slu\u017eeb. Jejich poskytovatel\u00e9 postr\u00e1daj\u00ed jak ter\u00e9nn\u00ed pracovn\u00edky, tak pracovn\u00edky v p\u0159\u00edm\u00e9 p\u00e9\u010di, ale nap\u0159\u00edklad i kvalifikovan\u00e9 zam\u011bstnance, kte\u0159\u00ed by poskytovali poradenstv\u00ed. To potvrzuje i Lenka Kadlecov\u00e1, krajsk\u00e1 radn\u00ed pro soci\u00e1lno.<\/strong> <!--more--><\/p>\n<p>&#8222;Je pravda, \u017ee na tato m\u00edsta se lid\u00e9 p\u0159\u00edli\u0161 nehrnou. Nejsp\u00ed\u0161 je to zp\u016fsobeno faktem, \u017ee tyto pr\u00e1ce jsou lidmi vn\u00edm\u00e1ny jako velmi psychicky a fyzicky n\u00e1ro\u010dn\u00e9. Nap\u0159\u00edklad za\u0159\u00edzen\u00ed pro seniory jsou p\u0159epln\u011bn\u00e1 a p\u00e9\u010de o seniory je mnohdy vy\u010derp\u00e1vaj\u00edc\u00ed. Je to pravda, na druhou stranu to m\u016f\u017ee b\u00fdt pr\u00e1ce \u010dlov\u011bka velmi napl\u0148uj\u00edc\u00ed a obohacuj\u00edc\u00ed. Co se t\u00fd\u010de mezd, tak zcela jist\u011b by si tyto profese zaslou\u017eily mnohem vy\u0161\u0161\u00ed finan\u010dn\u00ed ohodnocen\u00ed, ov\u0161em j\u00e1 mohu \u0159\u00edci, \u017ee n\u011bkte\u0159\u00ed \u0159editel\u00e9 na\u0161ich za\u0159\u00edzen\u00ed jsou natolik v\u00fdborn\u00fdmi mana\u017eery, \u017ee si lidsk\u00e9 pr\u00e1ce v\u00e1\u017e\u00ed a dok\u00e1\u017eou sv\u00e9 zam\u011bstnance dob\u0159e odm\u011bnit,&#8220; \u0159\u00edk\u00e1 Lenka Kadlecov\u00e1.<\/p>\n<p>Podle n\u00ed jsou nejvhodn\u011bj\u0161\u00edmi p\u0159edpoklady pro pr\u00e1ci v soci\u00e1ln\u00edch slu\u017eb\u00e1ch p\u0159edev\u0161\u00edm chu\u0165 pe\u010dovat o jin\u00e9 lidi, vl\u00eddn\u00fd p\u0159\u00edstup k nim, klidn\u00e1 povaha a trp\u011blivost.<\/p>\n<p>Napln\u011bn\u00ed v p\u00e9\u010di po chlapce s Williamov\u00fdm syndromem &#8211; P\u0159\u00edkladem, jak \u010dlov\u011bk m\u016f\u017ee na pr\u00e1ci v soci\u00e1lnu zm\u011bnit sv\u016fj pohled, je Kate\u0159ina Dvo\u0159\u00e1kov\u00e1, kter\u00e1 si v minulosti neum\u011bla p\u0159edstavit, \u017ee by takov\u00e9 zam\u011bstn\u00e1n\u00ed vykon\u00e1vala. P\u0159edev\u0161\u00edm pr\u00e1v\u011b kv\u016fli ni\u017e\u0161\u00edm plat\u016fm. Patn\u00e1ct let se, jak sama \u0159\u00edk\u00e1, honila za pen\u011bzi. Jako obchodn\u00ed z\u00e1stupkyn\u011b k\u0159i\u017eovala celou republiku, drtivou \u010d\u00e1st dne tr\u00e1vila na cest\u00e1ch v pr\u00e1ci, s t\u00edm se pojil stres &#8211; klasick\u00fd odraz dne\u0161n\u00ed doby. Dnes je ji\u017e druh\u00fdm rokem asistentkou chlape\u010dka s Williamov\u00fdm syndromem a v pr\u00e1ci na\u0161la zal\u00edben\u00ed.<\/p>\n<p>&#8222;A\u010dkoliv m\u011b to podv\u011bdom\u011b k takov\u00e9 pr\u00e1ci t\u00e1hlo, my\u0161lenky na ni jsem vyt\u011bs\u0148ovala pr\u00e1v\u011b kv\u016fli pen\u011bz\u016fm. Zlom nastal, kdy\u017e jsem p\u0159i\u0161la o m\u00edsto. Najednou jsem si \u0159ekla, \u017ee jsem k tomu dozr\u00e1la, \u017ee u\u017e nem\u00e1m pot\u0159ebu d\u011blat kari\u00e9ru, \u017ee chci naopak pom\u00e1hat jin\u00fdm,&#8220; \u0159\u00edk\u00e1 Kate\u0159ina Dvo\u0159\u00e1kov\u00e1.<\/p>\n<p>Nastoupila do organizace zaji\u0161\u0165uj\u00edc\u00ed soci\u00e1ln\u00ed slu\u017eby, kde se poprv\u00e9 setkala se sv\u00fdm nyn\u011bj\u0161\u00edm sv\u011b\u0159encem. Tehdy nav\u0161t\u011bvoval mate\u0159skou \u0161kolu. Vadilo j\u00ed v\u0161ak, \u017ee se u n\u011bj st\u0159\u00edd\u00e1 n\u011bkolik asistentek, p\u0159i\u010dem\u017e zrovna pr\u00e1v\u011b d\u011bti s t\u00edmto druhem zdravotn\u00edho posti\u017een\u00ed jsou t\u011bmi, kte\u0159\u00ed pot\u0159ebuj\u00ed sv\u016fj vlastn\u00ed \u0159\u00e1d, potk\u00e1vat se se stejn\u00fdmi tv\u00e1\u0159emi. To jim dod\u00e1v\u00e1 jistotu.<\/p>\n<p>&#8222;Kdy\u017e chlapec nastupoval do \u0161koly, setkali jsme se s obrovsk\u00fdm pochopen\u00edm a pomoc\u00ed ze strany \u0161koly. Pan\u00ed \u0159editelka Moravcov\u00e1 ze Z\u00e1kladn\u00ed \u0161koly Sokolovsk\u00e1 v Liberci vy\u0161la rodin\u011b chlapce vst\u0159\u00edc nejenom t\u00edm, \u017ee jej p\u0159ijala, ale tak\u00e9 zajistila prost\u0159edky z kraje, abych se mohla st\u00e1t jedinou asistentkou chlapce a ve \u0161kole se mu dennodenn\u011b v\u011bnovat. Stala jsem se zam\u011bstnankyn\u00ed p\u0159\u00edmo \u0161koly, ov\u0161em jen na polovi\u010dn\u00ed \u00favazek. Nicm\u00e9n\u011b na \u0161koln\u00ed doch\u00e1zku chlapce to sta\u010d\u00ed,&#8220; pokra\u010duje ve vypr\u00e1v\u011bn\u00ed.<\/p>\n<p>\u0158editelka nav\u00edc pro\u0161kolila ostatn\u00ed person\u00e1l a nachystala speci\u00e1ln\u00ed m\u00edstnost, kde by Kate\u0159ina Dvo\u0159\u00e1kov\u00e1 se sv\u00fdm sv\u011b\u0159encem mohla pob\u00fdvat, kdyby chlapec t\u0159\u00eddn\u00ed prost\u0159ed\u00ed nezvl\u00e1dal. K tomu v\u0161ak nedo\u0161lo. Podle asistentky d\u011bl\u00e1 chlapec neuv\u011b\u0159iteln\u00e9 pokroky, skv\u011ble se poda\u0159ilo jej za\u010dlenit do t\u0159\u00eddn\u00edho kolektivu, s d\u011btmi komunikuje, hraje si s nimi. A ostatn\u00ed d\u011bti mu pom\u00e1haj\u00ed.<\/p>\n<p>&#8222;M\u016fj asistentsk\u00fd den vypad\u00e1 tak, \u017ee si chlapce p\u0159evezmu v p\u016fl osm\u00e9 od maminky, dovedu jej do t\u0159\u00eddy a sednu si k n\u011bmu do lavice. Spole\u010dn\u011b pracujeme na v\u0161ech \u00fakolech, kter\u00e9 maj\u00ed i ostatn\u00ed d\u011bti, jen ob\u010das, nap\u0159\u00edklad u po\u010d\u00edt\u00e1n\u00ed, vol\u00edme pomalej\u0161\u00ed tempo. S t\u0159\u00eddn\u00ed u\u010ditelkou chyst\u00e1me detailn\u00ed t\u00fddenn\u00ed pl\u00e1ny, m\u00e1me pochopiteln\u011b nastaven\u00fd individu\u00e1ln\u00ed pl\u00e1n. Chlapce doprov\u00e1z\u00edm po \u0161kole v\u0161ude. Na toaletu, do j\u00eddelny. Skute\u010dn\u011b se od n\u011bj ani nehnu, skrze m\u011b komunikuje ve \u0161kole se sv\u00fdm okol\u00edm. Jsem doslova a do p\u00edsmene jeho prav\u00e1 ruka,&#8220; \u0159\u00edk\u00e1 asistentka.<\/p>\n<p>Co j\u00ed pr\u00e1ce d\u00e1v\u00e1? Podle jej\u00edch slov ji naprosto napl\u0148uje a obohacuje. S po\u010d\u00e1tkem p\u00e9\u010de o autistick\u00e9ho chlapce se j\u00ed zcela zm\u011bnily priority a \u017eivotn\u00ed hodnoty. T\u011b\u0161\u00ed se ka\u017ed\u00fd den do pr\u00e1ce a z\u00e1rove\u0148 denn\u011b d\u011bkuje sv\u00e9mu osudu jak za dv\u011b naprosto zdrav\u00e9 d\u011bti, tak i \u017ee j\u00ed do cesty p\u0159ihr\u00e1l nyn\u011bj\u0161\u00edho sv\u011b\u0159ence.<\/p>\n<p>&#8222;A\u017e v moment\u011b, kdy se \u010dlov\u011bk st\u0159etne s realitou v podob\u011b n\u011bjak\u00e9ho handicapu u d\u00edt\u011bte, docen\u00ed, co mnoz\u00ed ozna\u010duj\u00ed jako kli\u0161\u00e9 &#8211; \u017ee zdrav\u00ed je nejd\u016fle\u017eit\u011bj\u0161\u00ed. Nav\u00edc na t\u00e9to pr\u00e1ci je skv\u011bl\u00e9, \u017ee \u010dlov\u011bk hned vid\u00ed na vlastn\u00ed o\u010di zp\u011btnou vazbu. Pokroky jsou neuv\u011b\u0159iteln\u00e9, nikdo si d\u0159\u00edve neum\u011bl p\u0159edstavit, \u017ee chlapec n\u011bkdy bez obav vstoup\u00ed do t\u0159\u00eddy s t\u0159iadvaceti d\u011btmi. Zaznamen\u00e1v\u00e1m si denn\u011b dal\u0161\u00ed mety, kter\u00e9 jsme p\u0159e\u0161li.&#8220;<\/p>\n<p>Na dotaz, zda ji takov\u00e9 povol\u00e1n\u00ed psychicky nevy\u010derp\u00e1v\u00e1, odpov\u00edd\u00e1, \u017ee naopak. \u010cas str\u00e1ven\u00fd s chlapcem ji nab\u00edj\u00ed. Je od p\u0159\u00edrody \u017eivotn\u00edm optimistou a je r\u00e1da, \u017ee se o sv\u016fj pozitivn\u00ed p\u0159\u00edstup ke v\u0161emu m\u016f\u017ee pod\u011blit s n\u011bk\u00fdm dal\u0161\u00edm a pomoci mu tak. Podle sv\u00fdch slov m\u00e1 v pl\u00e1nu se tomu v\u011bnovat maxim\u00e1ln\u00ed mo\u017enou dobu, kter\u00e1 p\u016fjde. Aby mohla, ve sv\u00fdch dev\u011btat\u0159iceti letech se pustila do roz\u0161\u00ed\u0159en\u00ed sv\u00e9 kvalifikace. Proch\u00e1z\u00ed speci\u00e1ln\u00edm kurzem, kter\u00fd ji v budoucnu umo\u017en\u00ed pracovat jako asistent pedagoga handicapovan\u00fdch d\u011bt\u00ed.<\/p>\n<p>Pavl\u00edna Str\u00e1nsk\u00e1<br \/>\nMlad\u00e1 fronta DNES<\/p>\n","protected":false},"excerpt":{"rendered":"<div class=\"mh-excerpt\"><p>S nedostatkem pracovn\u00edk\u016f se ji\u017e del\u0161\u00ed dobu pot\u00fdk\u00e1 oblast soci\u00e1ln\u00edch slu\u017eeb. Jejich poskytovatel\u00e9 postr\u00e1daj\u00ed jak ter\u00e9nn\u00ed pracovn\u00edky, tak pracovn\u00edky v p\u0159\u00edm\u00e9 p\u00e9\u010di, ale nap\u0159\u00edklad i <a class=\"mh-excerpt-more\" href=\"https:\/\/www.invarena.cz\/?p=21022\" title=\"M\u00edsto obchodu v\u011bnuje svou kari\u00e9ru chlapci s posti\u017een\u00edm\">[&#8230;]<\/a><\/p>\n<\/div>","protected":false},"author":1,"featured_media":18792,"comment_status":"open","ping_status":"closed","sticky":false,"template":"","format":"standard","meta":{"footnotes":""},"categories":[9],"tags":[],"class_list":["post-21022","post","type-post","status-publish","format-standard","has-post-thumbnail","hentry","category-zpravy"],"_links":{"self":[{"href":"https:\/\/www.invarena.cz\/index.php?rest_route=\/wp\/v2\/posts\/21022","targetHints":{"allow":["GET"]}}],"collection":[{"href":"https:\/\/www.invarena.cz\/index.php?rest_route=\/wp\/v2\/posts"}],"about":[{"href":"https:\/\/www.invarena.cz\/index.php?rest_route=\/wp\/v2\/types\/post"}],"author":[{"embeddable":true,"href":"https:\/\/www.invarena.cz\/index.php?rest_route=\/wp\/v2\/users\/1"}],"replies":[{"embeddable":true,"href":"https:\/\/www.invarena.cz\/index.php?rest_route=%2Fwp%2Fv2%2Fcomments&post=21022"}],"version-history":[{"count":0,"href":"https:\/\/www.invarena.cz\/index.php?rest_route=\/wp\/v2\/posts\/21022\/revisions"}],"wp:featuredmedia":[{"embeddable":true,"href":"https:\/\/www.invarena.cz\/index.php?rest_route=\/wp\/v2\/media\/18792"}],"wp:attachment":[{"href":"https:\/\/www.invarena.cz\/index.php?rest_route=%2Fwp%2Fv2%2Fmedia&parent=21022"}],"wp:term":[{"taxonomy":"category","embeddable":true,"href":"https:\/\/www.invarena.cz\/index.php?rest_route=%2Fwp%2Fv2%2Fcategories&post=21022"},{"taxonomy":"post_tag","embeddable":true,"href":"https:\/\/www.invarena.cz\/index.php?rest_route=%2Fwp%2Fv2%2Ftags&post=21022"}],"curies":[{"name":"wp","href":"https:\/\/api.w.org\/{rel}","templated":true}]}}