{"id":21023,"date":"2015-04-25T08:31:56","date_gmt":"2015-04-25T06:31:56","guid":{"rendered":"http:\/\/www.invarena.cz\/?p=21023"},"modified":"2015-04-25T08:31:56","modified_gmt":"2015-04-25T06:31:56","slug":"podnikatel-vymyslel-jak-vydelat-na-invalidech-policie-mu-zabavila-desitky-milionu","status":"publish","type":"post","link":"https:\/\/www.invarena.cz\/?p=21023","title":{"rendered":"Podnikatel vymyslel, jak vyd\u011blat na invalidech. Policie mu zabavila des\u00edtky milion\u016f"},"content":{"rendered":"<p><strong>St\u0159edo\u010desk\u00fd podnikatel Ale\u0161 Michl p\u0159i\u0161el na zp\u016fsob, jak vyd\u011blat na \u0161t\u011bdr\u00fdch dotac\u00edch, kter\u00e9 st\u00e1t vypl\u00e1c\u00ed firm\u00e1m, je\u017e zam\u011bstnaj\u00ed posti\u017een\u00e9 lidi. S dal\u0161\u00edmi byznysmeny z\u00edskali od \u00fa\u0159adu pr\u00e1ce p\u0159\u00edsp\u011bvky za v\u00edce ne\u017e 484 milion\u016f korun. Jen\u017ee protikorup\u010dn\u00ed policie zjistila, \u017ee se jednalo nejsp\u00ed\u0161 o podvod.<\/strong><!--more--><\/p>\n<p>Prvn\u00ed trojici obvinili kriminalist\u00e9 ji\u017e loni. Te\u010f odhalili hlavn\u00ed postavu cel\u00e9 kauzy \u2013 podnikatele Ale\u0161e Michla. Ten m\u011bl podle vy\u0161et\u0159ovatel\u016f p\u0159\u00edstup k \u00fa\u010dt\u016fm podnik\u016f, na kter\u00e9 \u00fa\u0159ad pr\u00e1ce pen\u00edze odes\u00edlal.<\/p>\n<p>Policist\u00e9 tvrd\u00ed, \u017ee z nich n\u00e1sledn\u011b vybral nejm\u00e9n\u011b 42,9 milionu a dal\u0161\u00edch 38,6 milionu si p\u0159evedl na sv\u00e9 soukrom\u00e9 konto. V polovin\u011b b\u0159ezna proto Michl p\u0159ibyl na seznam &#8222;Bohu\u017eel je to pravda,&#8220; potvrdil Michl. &#8222;St\u00ed\u017enost jsem podal, jinak se k tomu vyjad\u0159ovat nechci,&#8220; dodal.<br \/>\nVy\u0161et\u0159ovatel\u00e9 zmrazili i jeho majetek v hodnot\u011b p\u0159es 35 milion\u016f korun. Jde o rodinnou vilu, pozemky o rozloze p\u0159es 27 tis\u00edc metr\u016f \u010dtvere\u010dn\u00edch nebo gar\u00e1\u017e.<\/p>\n<p>Patn\u00e1ct firem Fungovalo to tak, \u017ee firmy \u017e\u00e1daly mezi roky 2009 a 2012 od st\u00e1tu pen\u00edze na mzdy, kter\u00e9 ale nebyly posti\u017een\u00fdm lidem nikdy vyplaceny. Detektivov\u00e9 naopak zdokumentovali, \u017ee podstatn\u00e1 \u010d\u00e1st skon\u010dila na \u00fa\u010dtech byznysmen\u016f.<\/p>\n<p>Policie je p\u0159esv\u011bd\u010den\u00e1, \u017ee Michlova role byla v tomto p\u0159\u00edpad\u011b kl\u00ed\u010dov\u00e1. Firm\u00e1m poskytoval pen\u00edze na to, aby mohly odv\u00e1d\u011bt za zam\u011bstnance da\u0148, soci\u00e1ln\u00ed a zdravotn\u00ed poji\u0161t\u011bn\u00ed. &#8222;Za co\u017e obdr\u017eel provizi ve v\u00fd\u0161i 500 korun m\u011bs\u00ed\u010dn\u011b za ka\u017edou zam\u011bstnanou osobu se zdravotn\u00edm posti\u017een\u00edm,&#8220; napsali policist\u00e9 do usnesen\u00ed.<br \/>\nV kauze figuruje celkem 15 firem a vy\u0161et\u0159ovatel\u00e9 zjistili, \u017ee pro n\u011b v roce 2012 \u00fadajn\u011b pracovalo \u0161est a p\u016fl tis\u00edce handicapovan\u00fdch. Skupina podnikatel\u016f p\u0159itom \u010derpala na jednoho invalidu p\u0159\u00edsp\u011bvek ve v\u00fd\u0161i osm tis\u00edc korun, ka\u017ed\u00e9mu v\u0161ak vypl\u00e1cela pouze dva tis\u00edce korun. Nav\u00edc pen\u00edze od \u00fa\u0159adu pr\u00e1ce po\u017eadovali, i kdy\u017e posti\u017een\u00ed nevykon\u00e1vali \u017e\u00e1dnou nebo jen minim\u00e1ln\u00ed pr\u00e1ci.<br \/>\nSponzo\u0159i politiky Policist\u00e9 maj\u00ed proti podnikatel\u016fm jako d\u016fkaz i videoz\u00e1znamy. Ty z\u00edskali d\u00edky skryt\u00fdm kamer\u00e1m, kter\u00e9 na sob\u011b m\u011bli posti\u017een\u00ed v dob\u011b, kdy s nimi jednali o pr\u00e1ci.<br \/>\nDetektivov\u00e9 rovn\u011b\u017e zjistili, \u017ee prakticky jedin\u00fdm p\u0159\u00edjmem firem, kter\u00e9 se podvod\u016f \u00fa\u010dastnily, byly p\u0159\u00edsp\u011bvky na podporu pr\u00e1ce invalid\u016f. Jednou z t\u011bchto spole\u010dnost\u00ed je nap\u0159\u00edklad Besico Real, kter\u00e1 darovala V\u011bcem ve\u0159ejn\u00fdm v roce 2011, tedy v dob\u011b, kdy strana sed\u011bla s ODS a TOP 09 ve vl\u00e1d\u011b, dva miliony korun.<br \/>\nMichl krom\u011b toho, \u017ee m\u011bl p\u0159\u00edstup k \u00fa\u010dt\u016fm v\u0161ech 15 firem, vy\u017eadoval dokl\u00e1d\u00e1n\u00ed po\u010dtu posti\u017een\u00fdch, kte\u0159\u00ed byli v dan\u00e9m m\u011bs\u00edci zam\u011bstn\u00e1ni. Nebo d\u00e1val pokyny k anga\u017eov\u00e1n\u00ed dal\u0161\u00edch invalid\u016f. V sou\u010dasn\u00e9 dob\u011b p\u016fsob\u00ed mimo jin\u00e9 jako ekonom v t\u0159etiligov\u00e9m fotbalov\u00e9m t\u00fdmu Loko Vltav\u00edn. Policie jej st\u00edh\u00e1 na svobod\u011b.<br \/>\nJi\u017e d\u0159\u00edve vy\u0161et\u0159ovatel\u00e9 zmrazili kv\u016fli p\u0159\u00edpadu majetek v objemu p\u0159es 122 milion\u016f korun, kter\u00fd pat\u0159\u00ed dal\u0161\u00edm obvin\u011bn\u00fdm. Ti podali proti rozhodnut\u00ed policie st\u00ed\u017enost. Vrchn\u00ed soud to ale zam\u00edtl, a tak na n\u011bm d\u00e1l z\u016fst\u00e1v\u00e1 policejn\u00ed plomba. Jde t\u0159eba o pra\u017esk\u00fd autoservis.<\/p>\n<p>Radek Nohl<br \/>\nHospod\u00e1\u0159sk\u00e9 noviny<\/p>\n","protected":false},"excerpt":{"rendered":"<div class=\"mh-excerpt\"><p>St\u0159edo\u010desk\u00fd podnikatel Ale\u0161 Michl p\u0159i\u0161el na zp\u016fsob, jak vyd\u011blat na \u0161t\u011bdr\u00fdch dotac\u00edch, kter\u00e9 st\u00e1t vypl\u00e1c\u00ed firm\u00e1m, je\u017e zam\u011bstnaj\u00ed posti\u017een\u00e9 lidi. S dal\u0161\u00edmi byznysmeny z\u00edskali od <a class=\"mh-excerpt-more\" href=\"https:\/\/www.invarena.cz\/?p=21023\" title=\"Podnikatel vymyslel, jak vyd\u011blat na invalidech. Policie mu zabavila des\u00edtky milion\u016f\">[&#8230;]<\/a><\/p>\n<\/div>","protected":false},"author":1,"featured_media":1346,"comment_status":"open","ping_status":"closed","sticky":false,"template":"","format":"standard","meta":{"footnotes":""},"categories":[9],"tags":[],"class_list":["post-21023","post","type-post","status-publish","format-standard","has-post-thumbnail","hentry","category-zpravy"],"_links":{"self":[{"href":"https:\/\/www.invarena.cz\/index.php?rest_route=\/wp\/v2\/posts\/21023","targetHints":{"allow":["GET"]}}],"collection":[{"href":"https:\/\/www.invarena.cz\/index.php?rest_route=\/wp\/v2\/posts"}],"about":[{"href":"https:\/\/www.invarena.cz\/index.php?rest_route=\/wp\/v2\/types\/post"}],"author":[{"embeddable":true,"href":"https:\/\/www.invarena.cz\/index.php?rest_route=\/wp\/v2\/users\/1"}],"replies":[{"embeddable":true,"href":"https:\/\/www.invarena.cz\/index.php?rest_route=%2Fwp%2Fv2%2Fcomments&post=21023"}],"version-history":[{"count":0,"href":"https:\/\/www.invarena.cz\/index.php?rest_route=\/wp\/v2\/posts\/21023\/revisions"}],"wp:featuredmedia":[{"embeddable":true,"href":"https:\/\/www.invarena.cz\/index.php?rest_route=\/wp\/v2\/media\/1346"}],"wp:attachment":[{"href":"https:\/\/www.invarena.cz\/index.php?rest_route=%2Fwp%2Fv2%2Fmedia&parent=21023"}],"wp:term":[{"taxonomy":"category","embeddable":true,"href":"https:\/\/www.invarena.cz\/index.php?rest_route=%2Fwp%2Fv2%2Fcategories&post=21023"},{"taxonomy":"post_tag","embeddable":true,"href":"https:\/\/www.invarena.cz\/index.php?rest_route=%2Fwp%2Fv2%2Ftags&post=21023"}],"curies":[{"name":"wp","href":"https:\/\/api.w.org\/{rel}","templated":true}]}}