{"id":21026,"date":"2015-04-25T08:49:43","date_gmt":"2015-04-25T06:49:43","guid":{"rendered":"http:\/\/www.invarena.cz\/?p=21026"},"modified":"2015-04-25T08:49:43","modified_gmt":"2015-04-25T06:49:43","slug":"libereckemu-kraji-chybi-letos-na-socialnich-sluzby-asi-33-mil-kc","status":"publish","type":"post","link":"https:\/\/www.invarena.cz\/?p=21026","title":{"rendered":"Libereck\u00e9mu kraji chyb\u00ed letos na soci\u00e1ln\u00edch slu\u017eby asi 33 mil. K\u010d"},"content":{"rendered":"<p><strong>Libereck\u00e9mu kraji chyb\u00ed pen\u00edze na zaji\u0161t\u011bn\u00ed soci\u00e1ln\u00edch slu\u017eeb. Poskytovatel\u00e9 \u017e\u00e1dali letos na sv\u016fj provoz zhruba 400 milion\u016f korun, kraj ale dostal ze st\u00e1tn\u00edho rozpo\u010dtu jen 313,8 milionu, zhruba o 1,5 milionu korun m\u00e9n\u011b ne\u017e loni. <\/strong><!--more--><\/p>\n<p>V \u010d\u00e1stce je ale zahrnuto i 31 milion\u016f korun na zv\u00fd\u0161en\u00ed mezd zam\u011bstnanc\u016f v soci\u00e1ln\u00edch slu\u017eb\u00e1ch, tak\u017ee re\u00e1ln\u011b na zaji\u0161t\u011bn\u00ed slu\u017eeb v kraji chyb\u00ed zhruba 33 milion\u016f, \u0159ekla dnes \u010cTK n\u00e1m\u011bstkyn\u011b hejtmana pro soci\u00e1ln\u00ed oblast Lenka Kadlecov\u00e1 (\u010cSSD) po jedn\u00e1n\u00ed sn\u011bmovn\u00edho v\u00fdboru pro soci\u00e1ln\u00ed politiku s \u0159editeli organizac\u00ed v Liberci.<\/p>\n<p>    T\u0159eba D\u016fm senior\u016f v Liberci-Franti\u0161kov\u011b, kter\u00fd se sv\u00fdmi 200 klienty pat\u0159\u00ed k nejv\u011bt\u0161\u00edm krajsk\u00fdm za\u0159\u00edzen\u00edm, dostal letos na sv\u016fj provoz nejmen\u0161\u00ed dotaci od zah\u00e1jen\u00ed provozu v roce 2003. &#8222;P\u0159esto\u017ee byly nav\u00fd\u0161eny prost\u0159edky na mzdy, tak pr\u016fm\u011brn\u00e1 mzda v na\u0161em za\u0159\u00edzen\u00ed \u010din\u00ed 16.500 korun hrub\u00e9ho v\u010detn\u011b managementu,&#8220; \u0159ekla \u010cTK \u0159editelka domu Ludmila \u0160lechtov\u00e1. Sna\u017e\u00ed se \u0161et\u0159it, kde se d\u00e1, nikoli ale na \u00fakor klient\u016f \u010di person\u00e1lu, kter\u00fd p\u00e9\u010di o seniory zaji\u0161\u0165uje. &#8222;Redukovali jsme ale nap\u0159\u00edklad po\u010det lid\u00ed na \u00fadr\u017eb\u011b, tak\u017ee na ten cel\u00fd n\u00e1\u0161 rozlehl\u00fd are\u00e1l m\u00e1me dnes jen dva lidi. \u00daklid n\u00e1m zaji\u0161\u0165uje extern\u00ed firma,&#8220; dodala \u0160lechtov\u00e1.<\/p>\n<p>    Financov\u00e1n\u00ed soci\u00e1ln\u00edch slu\u017eeb p\u0159evzaly od leto\u0161n\u00edho roku kraje. O dotace na slu\u017eby \u017e\u00e1dalo v Libereck\u00e9m kraji 108 organizac\u00ed. \u0160et\u0159it musej\u00ed zejm\u00e9na krajsk\u00e9 organizace, na jejich\u017e provoz z\u00edskal kraj jen 133,5 milionu korun, loni m\u011bl o 11 milion\u016f v\u00edc. Kraj je z\u0159izovatelem 18 za\u0159\u00edzen\u00ed soci\u00e1ln\u00edch slu\u017eeb, jde o pobytov\u00e1 za\u0159\u00edzen\u00ed, kter\u00e1 zaji\u0161\u0165uj\u00ed 80 procent l\u016f\u017ekov\u00e9 p\u00e9\u010de v kraji, a jejich provoz je proto velmi drah\u00fd. Na provoz t\u011bchto za\u0159\u00edzen\u00ed mus\u00ed letos kraj p\u0159idat ze sv\u00e9ho rozpo\u010dtu dal\u0161\u00edch 95 milion\u016f korun, aby slu\u017eby zajistil.<\/p>\n<p>    Pr\u00e1v\u011b financov\u00e1n\u00ed soci\u00e1ln\u00edch slu\u017eeb a tak\u00e9 soci\u00e1ln\u011b-zdravotn\u00ed p\u00e9\u010de pat\u0159ilo k hlavn\u00edm t\u00e9mat\u016fm spole\u010dn\u00e9ho v\u00fdjezdn\u00edho zased\u00e1n\u00ed sn\u011bmovn\u00edho v\u00fdboru pro zdravotnictv\u00ed a v\u00fdboru pro soci\u00e1ln\u00ed politiku, kter\u00e9 se od st\u0159edy konalo v Libereck\u00e9m kraji. &#8222;Nejz\u00e1sadn\u011bj\u0161\u00ed probl\u00e9m je kolem pen\u011bz,&#8220; \u0159ekl p\u0159edseda soci\u00e1ln\u00edho v\u00fdboru Jaroslav Zavadil (\u010cSSD). Je\u0161t\u011b v dubnu chce proto jednat s ministrem financ\u00ed Andrejem Babi\u0161em (ANO) mimo jin\u00e9 pr\u00e1v\u011b o dofinancov\u00e1n\u00ed soci\u00e1ln\u00edch slu\u017eeb v kraj\u00edch. <\/p>\n<p>ilustra\u010dn\u00ed foto: photoXpress<\/p>\n","protected":false},"excerpt":{"rendered":"<div class=\"mh-excerpt\"><p>Libereck\u00e9mu kraji chyb\u00ed pen\u00edze na zaji\u0161t\u011bn\u00ed soci\u00e1ln\u00edch slu\u017eeb. Poskytovatel\u00e9 \u017e\u00e1dali letos na sv\u016fj provoz zhruba 400 milion\u016f korun, kraj ale dostal ze st\u00e1tn\u00edho rozpo\u010dtu jen <a class=\"mh-excerpt-more\" href=\"https:\/\/www.invarena.cz\/?p=21026\" title=\"Libereck\u00e9mu kraji chyb\u00ed letos na soci\u00e1ln\u00edch slu\u017eby asi 33 mil. K\u010d\">[&#8230;]<\/a><\/p>\n<\/div>","protected":false},"author":1,"featured_media":19893,"comment_status":"open","ping_status":"closed","sticky":false,"template":"","format":"standard","meta":{"footnotes":""},"categories":[1],"tags":[],"class_list":["post-21026","post","type-post","status-publish","format-standard","has-post-thumbnail","hentry","category-nezarazene"],"_links":{"self":[{"href":"https:\/\/www.invarena.cz\/index.php?rest_route=\/wp\/v2\/posts\/21026","targetHints":{"allow":["GET"]}}],"collection":[{"href":"https:\/\/www.invarena.cz\/index.php?rest_route=\/wp\/v2\/posts"}],"about":[{"href":"https:\/\/www.invarena.cz\/index.php?rest_route=\/wp\/v2\/types\/post"}],"author":[{"embeddable":true,"href":"https:\/\/www.invarena.cz\/index.php?rest_route=\/wp\/v2\/users\/1"}],"replies":[{"embeddable":true,"href":"https:\/\/www.invarena.cz\/index.php?rest_route=%2Fwp%2Fv2%2Fcomments&post=21026"}],"version-history":[{"count":0,"href":"https:\/\/www.invarena.cz\/index.php?rest_route=\/wp\/v2\/posts\/21026\/revisions"}],"wp:featuredmedia":[{"embeddable":true,"href":"https:\/\/www.invarena.cz\/index.php?rest_route=\/wp\/v2\/media\/19893"}],"wp:attachment":[{"href":"https:\/\/www.invarena.cz\/index.php?rest_route=%2Fwp%2Fv2%2Fmedia&parent=21026"}],"wp:term":[{"taxonomy":"category","embeddable":true,"href":"https:\/\/www.invarena.cz\/index.php?rest_route=%2Fwp%2Fv2%2Fcategories&post=21026"},{"taxonomy":"post_tag","embeddable":true,"href":"https:\/\/www.invarena.cz\/index.php?rest_route=%2Fwp%2Fv2%2Ftags&post=21026"}],"curies":[{"name":"wp","href":"https:\/\/api.w.org\/{rel}","templated":true}]}}