{"id":21027,"date":"2015-04-25T09:23:04","date_gmt":"2015-04-25T07:23:04","guid":{"rendered":"http:\/\/www.invarena.cz\/?p=21027"},"modified":"2015-04-25T09:23:04","modified_gmt":"2015-04-25T07:23:04","slug":"dva-nove-domovy-senioru-nabidnou-celkem-136-mist","status":"publish","type":"post","link":"https:\/\/www.invarena.cz\/?p=21027","title":{"rendered":"Dva nov\u00e9 domovy senior\u016f nab\u00eddnou celkem 136 m\u00edst"},"content":{"rendered":"<p><strong>V p\u0159\u00edhrani\u010d\u00ed se zlep\u0161\u00ed komfort pro seniory, kte\u0159\u00ed pot\u0159ebuj\u00ed p\u00e9\u010di v domov\u011b d\u016fchodc\u016f. Jiho\u010desk\u00fd kraj vybuduje nov\u00e1 soci\u00e1ln\u00ed l\u016f\u017eka v Da\u010dic\u00edch a v Kaplici. Senio\u0159i se do nich maj\u00ed nast\u011bhovat u\u017e v roce 2017.<\/strong><!--more--><\/p>\n<p>\u010cESK\u00c9 BUD\u011aJOVICE V Da\u010dic\u00edch na Jind\u0159ichohradecku se v domov pro seniory zm\u011bn\u00ed nevyu\u017e\u00edvan\u00e1 budova v nemocni\u010dn\u00edm are\u00e1lu. V Kaplici na \u010ceskokrumlovsku nech\u00e1 kraj p\u0159estav\u011bt p\u016fvodn\u00ed d\u016fm a roz\u0161\u00ed\u0159\u00ed ho o dal\u0161\u00ed pavilon.<br \/>\nN\u00e1klady na investici v Da\u010dic\u00edch se odhaduj\u00ed na 90 milion\u016f korun, v Kaplici na polovinu. V obou nov\u00fdch domovech vznikne celkem 136 l\u016f\u017eek, d\u016fchodci je maj\u00ed obsadit u\u017e za\u010d\u00e1tkem roku 2017. Stavb\u011b obou soci\u00e1ln\u00edch za\u0159\u00edzen\u00ed dali ve \u010dtvrtek zelenou kraj\u0161t\u00ed zastupitel\u00e9. Nov\u00fd domov v Da\u010dic\u00edch m\u00e1 z\u010d\u00e1sti slou\u017eit jako n\u00e1hrada za Domov senior\u016f Bud\u00ed\u0161kovice, kter\u00fd dnes s\u00eddl\u00ed v rozlehl\u00e9m z\u00e1meck\u00e9m objektu a nehod\u00ed se k modernizaci. &#8222;Vyu\u017eit\u00edm nemocni\u010dn\u00ed budovy v Da\u010dic\u00edch se kraji poda\u0159\u00ed i u\u0161et\u0159it provozn\u00ed n\u00e1klady. V Bud\u00ed\u0161kovic\u00edch je 138 l\u016f\u017eek, p\u0159i\u010dem\u017e jsou tam p\u0159ij\u00edm\u00e1ni i obyvatel\u00e9 jin\u00fdch kraj\u016f, kter\u00e9 na jejich pobyt nep\u0159isp\u00edvaj\u00ed,&#8220; uvedla vicehejtmanka Ivana Str\u00e1sk\u00e1.<br \/>\nProto se kapacita v n\u00e1hradn\u00ed budov\u011b nemocnice v Da\u010dic\u00edch sn\u00ed\u017e\u00ed na 78 l\u016f\u017eek. Nav\u00edc m\u016f\u017ee nov\u00fd domov nakupovat stravovac\u00ed a jin\u00e9 slu\u017eby od krajsk\u00e9 nemocnice, s n\u00ed\u017e bude sousedit. Domov pro seniory vznikne adaptac\u00ed nevyu\u017e\u00edvan\u00e9 budovy vedle \u0159editelstv\u00ed nemocnice, v n\u00ed\u017e v minulosti s\u00eddlila i z\u00e1chranka.<br \/>\nSenior\u016fm z domova v Bud\u00ed\u0161kovic\u00edch, kter\u00fd je od Da\u010dic vzd\u00e1len\u00fd asi osm kilometr\u016f, se zv\u00fd\u0161\u00ed komfort, dostanou jednol\u016f\u017ekov\u00e9 a dvoul\u016f\u017ekov\u00e9 pokoje s vlastn\u00edm soci\u00e1ln\u00edm za\u0159\u00edzen\u00edm. &#8222;Chceme, aby v p\u0159\u00edzem\u00ed vznikl i denn\u00ed stacion\u00e1\u0159 pro seniory. Na\u0161\u00ed snahou je zajistit pe\u010dovatelsk\u00e9 a ter\u00e9nn\u00ed slu\u017eby tak, aby lid\u00e9 mohli \u017e\u00edt co nejd\u00e9le v dom\u00e1c\u00edm prost\u0159ed\u00ed a p\u0159itom m\u011bli zaji\u0161t\u011bny v\u0161echny pot\u0159ebn\u00e9 slu\u017eby,&#8220; nast\u00ednil Petr Studenovsk\u00fd, \u0161\u00e9f krajsk\u00e9ho odboru soci\u00e1ln\u00edch slu\u017eeb a zdravotnictv\u00ed. V da\u010dick\u00e9m denn\u00edm stacion\u00e1\u0159i m\u00e1 b\u00fdt kolem 14 m\u00edst. P\u0159esn\u00e9 po\u010dty vzejdou z projektov\u00e9 dokumentace, kterou u\u017e odborn\u00edci zpracov\u00e1vaj\u00ed. Spolu se stavebn\u00edm povolen\u00edm ji chce m\u00edt kraj hotovou v l\u00e9t\u011b, na podzim vybrat v sout\u011b\u017ei zhotovitele tak, aby se do p\u0159estavby pustil na konci leto\u0161n\u00edho roku a nejpozd\u011bji do za\u010d\u00e1tku 2017 ji dokon\u010dil. Jej\u00ed sou\u010d\u00e1st\u00ed m\u00e1 b\u00fdt i odd\u011blen\u00ed budovy od are\u00e1lu nemocnice, nov\u00fd vjezd, sadov\u00e9 \u00fapravy a vybaven\u00ed interi\u00e9r\u016f. T\u0159etinu z celkov\u00fdch n\u00e1klad\u016f na nov\u00fd domov cht\u011bj\u00ed kraj\u0161t\u00ed politici z\u00edskat ze st\u00e1tn\u00ed kasy.<br \/>\nDa\u010dick\u00fd starosta pl\u00e1ny kraje v\u00edt\u00e1. &#8222;Pro n\u00e1s to znamen\u00e1, \u017ee se vyu\u017eije jedna z pr\u00e1zdn\u00fdch budov v nemocni\u010dn\u00edm are\u00e1lu a senio\u0159i se dostanou do kr\u00e1sn\u00e9ho prost\u0159ed\u00ed. Douf\u00e1me, \u017ee se poda\u0159\u00ed zprovoznit i stacion\u00e1\u0159. Cht\u011bli bychom, aby ho mohli vyu\u017e\u00edvat i lidi s posti\u017een\u00edm,&#8220; podotkl starosta Karel Mack\u016f.<br \/>\nV Kaplici je domov pro seniory slo\u017een\u00fd ze dvou budov, p\u0159i\u010dem\u017e ta druh\u00e1 je patro na stanici l\u00e9\u010debny dlouhodob\u011b nemocn\u00fdch v krumlovsk\u00e9 nemocnici. Z\u00e1m\u011brem kraje je postavit vedle p\u016fvodn\u00edho domova v Kaplici novou budovu. Do n\u00ed p\u0159est\u011bhovat seniory z nyn\u011bj\u0161\u00ed budovy a pot\u00e9 ji tak\u00e9 zmodernizovat.<br \/>\n&#8222;Kaplick\u00fd domov m\u00e1 24 l\u016f\u017eek, v Krumlov\u011b jich m\u00e1me 28. Celkovou kapacitu chceme po rekonstrukci zv\u00fd\u0161it z 52 na 58 m\u00edst. Proto\u017ee tady budeme stav\u011bt na dv\u011b etapy, po\u010d\u00edt\u00e1me, \u017ee by v\u0161e mohlo b\u00fdt hotovo v prvn\u00edm \u010dtvrtlet\u00ed 2017,&#8220; popsal Studenovsk\u00fd. P\u0159itom i v nov\u00e9m kaplick\u00e9m domov\u011b budou jen jednol\u016f\u017ekov\u00e9 a dvoul\u016f\u017ekov\u00e9 pokoje se soci\u00e1ln\u00edm z\u00e1zem\u00edm a dal\u0161\u00ed prostory pro vy\u017eit\u00ed obyvatel.<\/p>\n<p>Mlad\u00e1 fronta DNES<\/p>\n","protected":false},"excerpt":{"rendered":"<div class=\"mh-excerpt\"><p>V p\u0159\u00edhrani\u010d\u00ed se zlep\u0161\u00ed komfort pro seniory, kte\u0159\u00ed pot\u0159ebuj\u00ed p\u00e9\u010di v domov\u011b d\u016fchodc\u016f. Jiho\u010desk\u00fd kraj vybuduje nov\u00e1 soci\u00e1ln\u00ed l\u016f\u017eka v Da\u010dic\u00edch a v Kaplici. Senio\u0159i <a class=\"mh-excerpt-more\" href=\"https:\/\/www.invarena.cz\/?p=21027\" title=\"Dva nov\u00e9 domovy senior\u016f nab\u00eddnou celkem 136 m\u00edst\">[&#8230;]<\/a><\/p>\n<\/div>","protected":false},"author":1,"featured_media":0,"comment_status":"open","ping_status":"closed","sticky":false,"template":"","format":"standard","meta":{"footnotes":""},"categories":[9],"tags":[],"class_list":["post-21027","post","type-post","status-publish","format-standard","hentry","category-zpravy"],"_links":{"self":[{"href":"https:\/\/www.invarena.cz\/index.php?rest_route=\/wp\/v2\/posts\/21027","targetHints":{"allow":["GET"]}}],"collection":[{"href":"https:\/\/www.invarena.cz\/index.php?rest_route=\/wp\/v2\/posts"}],"about":[{"href":"https:\/\/www.invarena.cz\/index.php?rest_route=\/wp\/v2\/types\/post"}],"author":[{"embeddable":true,"href":"https:\/\/www.invarena.cz\/index.php?rest_route=\/wp\/v2\/users\/1"}],"replies":[{"embeddable":true,"href":"https:\/\/www.invarena.cz\/index.php?rest_route=%2Fwp%2Fv2%2Fcomments&post=21027"}],"version-history":[{"count":0,"href":"https:\/\/www.invarena.cz\/index.php?rest_route=\/wp\/v2\/posts\/21027\/revisions"}],"wp:attachment":[{"href":"https:\/\/www.invarena.cz\/index.php?rest_route=%2Fwp%2Fv2%2Fmedia&parent=21027"}],"wp:term":[{"taxonomy":"category","embeddable":true,"href":"https:\/\/www.invarena.cz\/index.php?rest_route=%2Fwp%2Fv2%2Fcategories&post=21027"},{"taxonomy":"post_tag","embeddable":true,"href":"https:\/\/www.invarena.cz\/index.php?rest_route=%2Fwp%2Fv2%2Ftags&post=21027"}],"curies":[{"name":"wp","href":"https:\/\/api.w.org\/{rel}","templated":true}]}}