{"id":21029,"date":"2015-04-25T09:55:49","date_gmt":"2015-04-25T07:55:49","guid":{"rendered":"http:\/\/www.invarena.cz\/?p=21029"},"modified":"2015-04-25T17:25:38","modified_gmt":"2015-04-25T15:25:38","slug":"jsou-skromni-a-pomahaji","status":"publish","type":"post","link":"https:\/\/www.invarena.cz\/?p=21029","title":{"rendered":"Jsou skromn\u00ed. A pom\u00e1haj\u00ed"},"content":{"rendered":"<p><strong>Jsou to oby\u010dejn\u00ed lid\u00e9, ale d\u011blaj\u00ed neoby\u010dejn\u00e9 v\u011bci: nezi\u0161tn\u011b v\u011bnuj\u00ed \u010das posti\u017een\u00fdm \u010di znev\u00fdhodn\u011bn\u00fdm lidem nebo poskytuj\u00ed svou energii obecn\u011b prosp\u011b\u0161n\u00fdm \u010dinnostem v neziskovk\u00e1ch. Organizace Hestia jim za to od roku 2001 symbolicky d\u011bkuje ud\u011blen\u00edm ceny K\u0159esadlo (foto). Letos ji v Praze 14. dubna p\u0159evzalo jeden\u00e1ct dobrovoln\u00edk\u016f.<\/strong><!--more--><\/p>\n<p>http:\/\/www.lidovky.cz\/ <\/p>\n<p>&#8222;Cena K\u0159esadlo zviditel\u0148uje lidi, kte\u0159\u00ed jsou dobrovoln\u00edky zejm\u00e9na proto, \u017ee je napl\u0148uje dobr\u00fd pocit, \u017ee n\u011bkomu mohou pom\u00e1hat, \u017ee mohou zlep\u0161it prost\u0159ed\u00ed ekologick\u00e9 i soci\u00e1ln\u00ed. Jsou to \u010dasto aktivn\u00ed a skromn\u00ed lid\u00e9, kte\u0159\u00ed mo\u017en\u00e1 ani netu\u0161\u00ed, \u017ee napl\u0148uj\u00ed fromovsk\u00e9 B\u00ddT oproti M\u00cdT,&#8220; \u0159\u00edk\u00e1 Olga Sozansk\u00e1, spoluzakladatelka organizace Hestia, kter\u00e1 se v\u011bnuje podpo\u0159e dobrovolnictv\u00ed na v\u0161ech jeho \u00farovn\u00edch a propojuje nab\u00eddku a popt\u00e1vku po dobrovoln\u00edc\u00edch.<br \/>\nLaure\u00e1ty K\u0159esadla vyb\u00edr\u00e1 z navr\u017een\u00fdch dobrovoln\u00edk\u016f komise slo\u017een\u00e1 ze z\u00e1stupc\u016f neziskov\u00fdch organizac\u00ed, novin\u00e1\u0159\u016f a st\u00e1tn\u00ed spr\u00e1vy a samospr\u00e1vy a komer\u010dn\u00edch firem. Kdo byl letos ocen\u011bn?<br \/>\nMARIE NEDV\u011aDOV\u00c1 (sociolo\u017eka, nyn\u00ed v penzi) Ji\u017e 23 let se anga\u017euje ve Spole\u010dnosti pro ochranu Prokopsk\u00e9ho a Dalejsk\u00e9ho \u00fadol\u00ed. D\u00edky v\u00fdjime\u010dn\u00fdm znalostem m\u00edstn\u00edho prost\u0159ed\u00ed se j\u00ed u\u017e n\u011bkolikr\u00e1t poda\u0159ilo objevit chr\u00e1n\u011bn\u00e9 druhy rostlin i druhy, kter\u00e9 ji\u017e byly pova\u017eov\u00e1ny v dan\u00e9 lokalit\u011b za vymizel\u00e9. Spolupracuje tak\u00e9 p\u0159i navrhov\u00e1n\u00ed ochran\u00e1\u0159sk\u00fdch prac\u00ed, \u010dasto pom\u00e1hala s odborn\u00fdmi pracemi student\u016f. D\u00edky sv\u00e9 vitalit\u011b a aktivit\u011b je p\u0159\u00edkladem pro v\u0161echny, kte\u0159\u00ed ji znaj\u00ed.<br \/>\nV\u011aRA FORM\u00c1NKOV\u00c1 (penzistka) Ve spolku ALEN pom\u00e1h\u00e1 \u017een\u00e1m p\u0159ekon\u00e1vat fyzick\u00e9 a psychick\u00e9 obt\u00ed\u017ee prov\u00e1zej\u00edc\u00ed n\u00e1ro\u010dnou onkologickou l\u00e9\u010dbu. Vyd\u00e1v\u00e1 informa\u010dn\u00ed zpravodaj pro onkologick\u00e9 pacientky, organizuje p\u0159edn\u00e1\u0161ky, po\u0159\u00e1d\u00e1 rekondi\u010dn\u00ed pobyty, cvi\u010den\u00ed a dal\u0161\u00ed sportovn\u00ed a spole\u010densk\u00e9 akce, kter\u00e9 pom\u00e1haj\u00ed n\u00e1vratu pacientek do norm\u00e1ln\u00edho \u017eivota.<br \/>\nDAVID FENCL (division manager ve spole\u010dnosti Markant \u010cesko) P\u016fsob\u00ed v CRM pro neziskovky jako expertn\u00ed dobrovoln\u00edk, vykazuje a\u017e 20 hodin \u010dinnosti t\u00fddn\u011b. Syst\u00e9m pro podporu fundraisingu, spr\u00e1vu projekt\u016f a \u0159\u00edzen\u00ed organizace se mu poda\u0159ilo zav\u00e9st ji\u017e do sedmi organizac\u00ed. Anga\u017euje se v oblasti, kde m\u016f\u017ee sv\u00fdmi znalostmi a schopnostmi pomoci nejv\u00edce, a pom\u00e1h\u00e1 tak organizac\u00edm d\u00e1le se rozv\u00edjet.<br \/>\nHANA KAL\u00c1BOV\u00c1 (odborn\u00e1 asistentka FBMI \u010cVUT) Ji\u017e dvan\u00e1ct let p\u016fsob\u00ed ve spolku Dobrotety, kter\u00fd pom\u00e1h\u00e1 mamink\u00e1m p\u0159ed\u010dasn\u011b narozen\u00fdch d\u011bt\u00ed. Pom\u00e1h\u00e1 se zaji\u0161\u0165ov\u00e1n\u00edm chodu organizace, oslovuje d\u00e1rce, v\u011bnuje se komunikaci, prezentaci a propagaci organizace, pom\u00e1h\u00e1 z\u00edsk\u00e1vat sponzorsk\u00e9 dary atd. Dobrovolnictv\u00ed se v\u011bnuje prakticky od d\u011btstv\u00ed, proto\u017ee ji napl\u0148uje a dod\u00e1v\u00e1 j\u00ed energii ke zvl\u00e1dnut\u00ed v\u0161ech v\u00fdzev \u017eivota.<br \/>\nTOM\u00c1\u0160 M\u00dcLLER (\u0159idi\u010d \u010cesk\u00e9 po\u0161ty) T\u0159i roky p\u016fsob\u00ed v o. p. s. Helppes \u2013 Centru v\u00fdcviku ps\u016f pro posti\u017een\u00e9. Se sv\u00fdm psem Sidem se pravideln\u011b v\u011bnuje canisterapii \u2013 &#8222;terapii ps\u00ed l\u00e1skou&#8220;. Pravideln\u011b doch\u00e1z\u00ed do d\u011btsk\u00e9ho centra v Thomayerov\u011b nemocnici, kde se v\u011bnuje d\u011btem s posti\u017een\u00edm, a do centra soci\u00e1ln\u00edch slu\u017eeb Hornoml\u00fdnsk\u00e1, kde se v\u011bnuje le\u017e\u00edc\u00edm d\u011btem. \u00da\u010dastn\u00ed se p\u0159\u00edpravy a realizace v\u00fdznamn\u00fdch akc\u00ed Helppesu, pom\u00e1h\u00e1 se v\u0161\u00edm, co je t\u0159eba \u2013 od administrativy a\u017e po doprovod a pomoc klient\u016fm s r\u016fzn\u00fdm typem posti\u017een\u00ed.<br \/>\nLENKA SMEJKALOV\u00c1 (v\u011bdeck\u00e1 pracovnice) P\u011bt let p\u016fsob\u00ed v Programu P\u011bt P Praha organizace Hestia. Nejd\u0159\u00edve se sch\u00e1zela s desetilet\u00fdm chlapcem, kter\u00fd m\u011bl probl\u00e9m s p\u0159ijet\u00edm v kolektivu, a po p\u0159est\u00e1vce na dokon\u010den\u00ed studia v\u011bnovala sv\u016fj \u010das d\u00edvce s nelehk\u00fdm \u017eivotn\u00edm osudem \u2013 tr\u00e1vila s n\u00ed voln\u00fd \u010das a stala se d\u016fle\u017eitou sou\u010d\u00e1st\u00ed jej\u00edho dosp\u00edv\u00e1n\u00ed. Krom\u011b setk\u00e1v\u00e1n\u00ed s malou par\u0165a\u010dkou, na kter\u00e9m Program P\u011bt P stoj\u00ed, se pod\u00edl\u00ed i na p\u0159\u00edprav\u011b letn\u00edch t\u00e1bor\u016f a dal\u0161\u00edch akc\u00ed.<br \/>\nJANA KOTSOPOULOSOV\u00c1 (personalistka, CSR) Nominoval ji Jedli\u010dk\u016fv \u00fastav a \u0161koly, kde ji\u017e \u010dtrn\u00e1ct let pom\u00e1h\u00e1 ve t\u0159\u00edd\u011b posti\u017een\u00fdch st\u0159edo\u0161kol\u00e1k\u016f. Krom\u011b toho vypom\u00e1h\u00e1 i na jin\u00fdch akc\u00edch \u00fastavu \u2013 nap\u0159\u00edklad uspo\u0159\u00e1dala \u0161kolen\u00ed z oblasti zam\u011bstn\u00e1v\u00e1n\u00ed osob se zdravotn\u00edm posti\u017een\u00edm, kde se pod\u011blila o sv\u00e9 zku\u0161enosti z profese personalistky. Studenty tak\u00e9 u\u010d\u00ed ps\u00e1t \u017eivotopis \u010di motiva\u010dn\u00ed dopis a rad\u00ed, kde a jak hledat pr\u00e1ci a podobn\u011b.<br \/>\nBARBORA HEV\u00c1KOV\u00c1 (studentka V\u0160) Nominovala ji rodina s autistick\u00fdm synem, ke kter\u00e9mu pravideln\u011b doch\u00e1z\u00ed. Tr\u00e1v\u00ed s n\u00edm \u010das a hraje si s n\u00edm podle metody Son Rise. Maminka autistick\u00e9ho chlapce \u0159\u00edk\u00e1, \u017ee ji obdivuje za to, jak v\u0161e \u010dasov\u011b zvl\u00e1d\u00e1 a v\u017edy je dob\u0159e nalad\u011bna. Jej\u00ed syn za dobu, kdy se mu Barbora a ostatn\u00ed dobrovoln\u00edci podle metody Son Rise v\u011bnuj\u00ed, ud\u011blal velk\u00e9 pokroky.<br \/>\nJI\u0158\u00cd Z\u00c1ME\u010cN\u00cdK (l\u00e9ka\u0159, nyn\u00ed v penzi) Nominov\u00e1n byl \u010cesk\u00fdm \u010derven\u00fdm k\u0159\u00ed\u017eem za 69 let dobrovolnictv\u00ed. V\u017edy pom\u00e1hal tam, kde bylo t\u0159eba: dlouhodob\u011b p\u016fsobil nap\u0159\u00edklad jako zdravotn\u00edk na ly\u017ea\u0159sk\u00fdch z\u00e1jezdech \u010di jako zdravotn\u00edk horsk\u00e9 slu\u017eby. V\u011bnoval se v\u00fdchov\u011b o\u0161et\u0159ovatelek i organiza\u010dn\u00ed pr\u00e1ci v \u010c\u010cK. Mezi jeho nejv\u00fdznamn\u011bj\u0161\u00ed p\u0159\u00ednosy v posledn\u00edch letech pat\u0159\u00ed zpracov\u00e1n\u00ed u\u010debnice prvn\u00ed pomoci v anglick\u00e9m jazyce \u010di pr\u00e1ce na projektu &#8222;Aktivn\u00ed st\u00e1\u0159\u00ed&#8220;. Svoje schopnosti nab\u00eddl ve v\u00e1le\u010dn\u00e9m konfliktu i za sv\u00e9ho v\u011bzn\u011bn\u00ed a v dobrovoln\u00e9 pr\u00e1ci pokra\u010duje dodnes.<br \/>\nZUZANA HAMETOV\u00c1, PETRA MARE\u0160OV\u00c1 (u\u010ditelky Organizace Surya) T\u0159i roky dobrovolni\u010d\u00ed st\u0159\u00eddav\u011b v \u010cesku a v Kargyaku v indick\u00e9m Him\u00e1laji. Hlavn\u00ed n\u00e1pln\u00ed jejich pr\u00e1ce je v\u00fduka, v\u00fdb\u011br a koordinace pr\u00e1ce m\u00edstn\u00edch u\u010ditel\u016f, zaji\u0161t\u011bn\u00ed z\u00e1sobov\u00e1n\u00ed, prvn\u00ed pomoci, zdravotn\u00ed v\u00fdchovy i pravideln\u00e9 \u00fadr\u017eby ve Slune\u010dn\u00ed \u0161kole. Hovo\u0159\u00ed m\u00edstn\u00edm dialektem zahar\u00ed, nav\u00e1zaly spolupr\u00e1ci mezi vesnicemi i mezi Kargyakem a kl\u00e1\u0161terem. Ocen\u011bny byly spole\u010dn\u011b \u2013 vytv\u00e1\u0159ej\u00ed t\u00fdm, kter\u00fd se vz\u00e1jemn\u011b dopl\u0148uje.<\/p>\n","protected":false},"excerpt":{"rendered":"<div class=\"mh-excerpt\"><p>Jsou to oby\u010dejn\u00ed lid\u00e9, ale d\u011blaj\u00ed neoby\u010dejn\u00e9 v\u011bci: nezi\u0161tn\u011b v\u011bnuj\u00ed \u010das posti\u017een\u00fdm \u010di znev\u00fdhodn\u011bn\u00fdm lidem nebo poskytuj\u00ed svou energii obecn\u011b prosp\u011b\u0161n\u00fdm \u010dinnostem v neziskovk\u00e1ch. Organizace <a class=\"mh-excerpt-more\" href=\"https:\/\/www.invarena.cz\/?p=21029\" title=\"Jsou skromn\u00ed. A pom\u00e1haj\u00ed\">[&#8230;]<\/a><\/p>\n<\/div>","protected":false},"author":1,"featured_media":21030,"comment_status":"open","ping_status":"closed","sticky":false,"template":"","format":"standard","meta":{"footnotes":""},"categories":[9],"tags":[],"class_list":["post-21029","post","type-post","status-publish","format-standard","has-post-thumbnail","hentry","category-zpravy"],"_links":{"self":[{"href":"https:\/\/www.invarena.cz\/index.php?rest_route=\/wp\/v2\/posts\/21029","targetHints":{"allow":["GET"]}}],"collection":[{"href":"https:\/\/www.invarena.cz\/index.php?rest_route=\/wp\/v2\/posts"}],"about":[{"href":"https:\/\/www.invarena.cz\/index.php?rest_route=\/wp\/v2\/types\/post"}],"author":[{"embeddable":true,"href":"https:\/\/www.invarena.cz\/index.php?rest_route=\/wp\/v2\/users\/1"}],"replies":[{"embeddable":true,"href":"https:\/\/www.invarena.cz\/index.php?rest_route=%2Fwp%2Fv2%2Fcomments&post=21029"}],"version-history":[{"count":0,"href":"https:\/\/www.invarena.cz\/index.php?rest_route=\/wp\/v2\/posts\/21029\/revisions"}],"wp:featuredmedia":[{"embeddable":true,"href":"https:\/\/www.invarena.cz\/index.php?rest_route=\/wp\/v2\/media\/21030"}],"wp:attachment":[{"href":"https:\/\/www.invarena.cz\/index.php?rest_route=%2Fwp%2Fv2%2Fmedia&parent=21029"}],"wp:term":[{"taxonomy":"category","embeddable":true,"href":"https:\/\/www.invarena.cz\/index.php?rest_route=%2Fwp%2Fv2%2Fcategories&post=21029"},{"taxonomy":"post_tag","embeddable":true,"href":"https:\/\/www.invarena.cz\/index.php?rest_route=%2Fwp%2Fv2%2Ftags&post=21029"}],"curies":[{"name":"wp","href":"https:\/\/api.w.org\/{rel}","templated":true}]}}