{"id":21036,"date":"2015-04-26T21:40:39","date_gmt":"2015-04-26T19:40:39","guid":{"rendered":"http:\/\/www.invarena.cz\/?p=21036"},"modified":"2015-04-26T21:40:39","modified_gmt":"2015-04-26T19:40:39","slug":"ve-stanu-proti-melanomu-si-lide-mohou-dat-vysetrit-znamenka","status":"publish","type":"post","link":"https:\/\/www.invarena.cz\/?p=21036","title":{"rendered":"Ve stanu proti melanomu si lid\u00e9 mohou d\u00e1t vy\u0161et\u0159it znam\u00e9nka"},"content":{"rendered":"<p><strong>P\u0159i akci Stan proti melanomu si lid\u00e9 mohou d\u00e1t vy\u0161et\u0159it bezplatn\u011b pigmentov\u00e1 znam\u00e9nka. V Praze bude stan s ordinacemi l\u00e9ka\u0159\u016f v pond\u011bl\u00ed a \u00fater\u00fd na V\u00e1clavsk\u00e9m n\u00e1m\u011bst\u00ed na \u00farovni Opletalovy ulice.<\/strong><!--more--><\/p>\n<p> Leto\u0161n\u00ed vy\u0161et\u0159ovac\u00ed a preventivn\u00ed akce m\u00ed\u0159\u00ed na mu\u017ee 50+, kte\u0159\u00ed jsou ve zv\u00fd\u0161en\u00e9m riziku zhoubn\u00e9ho ko\u017en\u00edho n\u00e1doru, \u0159ekl p\u0159ednosta ko\u017en\u00ed kliniky Fakultn\u00ed nemocnice Kr\u00e1lovsk\u00e9 Vinohrady profesor Petr Arenberger.<\/p>\n<p>    &#8222;N\u00e1\u0161 typick\u00fd pacient je mu\u017e, \u010dty\u0159iapades\u00e1tn\u00edk, kter\u00fd p\u0159ijde s relativn\u011b pokro\u010dil\u00fdm melanomem na z\u00e1dech. P\u00e1nov\u00e9 nap\u0159\u00edklad na zahr\u00e1dce pracuj\u00ed od jara do podzimu bez ko\u0161ile i fotoprotekce, a aby jim slunce nesv\u00edtilo do obli\u010deje, nastavuj\u00ed se mu z\u00e1dy. P\u0159ijdou, a\u017e kdy\u017e jim melanom za\u010dne krv\u00e1cet p\u0159es ko\u0161ili. To u\u017e je z hlediska uzdraven\u00ed v\u011bt\u0161inou dost pozd\u011b,&#8220; varoval.<br \/>\n    Melanom\u016f ka\u017edoro\u010dn\u011b p\u0159ib\u00fdv\u00e1, za posledn\u00edch 40 let se jejich po\u010dty zesedmin\u00e1sobily. &#8222;To, \u017ee m\u00e1 zhoubn\u00fd melanom k\u016f\u017ee, usly\u0161\u00ed letos 2525 lid\u00ed. Vzhledem k tomu, \u017ee jde o \u010dast\u00fd n\u00e1dor, tak s touto diagn\u00f3zou bude letos \u017e\u00edt v \u010cesku celkem 27.822 lid\u00ed,&#8220; doplnila docentka Monika Arenbergerov\u00e1 ze stejn\u00e9ho pracovi\u0161t\u011b.<br \/>\n    Ve stanu na V\u00e1clavsk\u00e9m n\u00e1m\u011bst\u00ed bude \u0161est ordinac\u00ed l\u00e9ka\u0159\u016f z vinohradsk\u00e9 ko\u017en\u00ed kliniky. Vyu\u017eij\u00ed pro vy\u0161et\u0159en\u00ed ru\u010dn\u00ed i digit\u00e1ln\u00ed dermatoskopii, kter\u00e1 umo\u017e\u0148uje archivaci sn\u00edmk\u016f a po\u010d\u00edta\u010dovou anal\u00fdzu vy\u0161et\u0159ovan\u00e9ho ko\u017en\u00edho \u00fatvaru. Pacient\u016fm s n\u00e1lezem na k\u016f\u017ei bude zaji\u0161t\u011bna n\u00e1vazn\u00e1 p\u00e9\u010de na odborn\u00e9m pracovi\u0161ti.<br \/>\n    Stan proti melanomu je sou\u010d\u00e1st\u00ed celoevropsk\u00e9 kampan\u011b dermatolog\u016f, kter\u00e1 m\u00e1 upozornit na nebezpe\u010d\u00ed v\u00fdskytu rakoviny k\u016f\u017ee a apelovat na d\u016fslednou prevenci. Vy\u0161et\u0159en\u00ed ko\u017en\u00edch znam\u00e9nek bude pokra\u010dovat 11. kv\u011btna v Brn\u011b na n\u00e1m\u011bst\u00ed Svobody a 15. kv\u011btna v Ostrav\u011b v Avion Shopping Parku. Loni bylo za \u010dty\u0159i dny vy\u0161et\u0159eno 3734 lid\u00ed, zji\u0161t\u011bno bylo 34 melanom\u016f, 67 bazaliom\u016f a 29 spinaliom\u016f. <\/p>\n","protected":false},"excerpt":{"rendered":"<div class=\"mh-excerpt\"><p>P\u0159i akci Stan proti melanomu si lid\u00e9 mohou d\u00e1t vy\u0161et\u0159it bezplatn\u011b pigmentov\u00e1 znam\u00e9nka. V Praze bude stan s ordinacemi l\u00e9ka\u0159\u016f v pond\u011bl\u00ed a \u00fater\u00fd na <a class=\"mh-excerpt-more\" href=\"https:\/\/www.invarena.cz\/?p=21036\" title=\"Ve stanu proti melanomu si lid\u00e9 mohou d\u00e1t vy\u0161et\u0159it znam\u00e9nka\">[&#8230;]<\/a><\/p>\n<\/div>","protected":false},"author":1,"featured_media":3892,"comment_status":"open","ping_status":"closed","sticky":false,"template":"","format":"standard","meta":{"footnotes":""},"categories":[11],"tags":[],"class_list":["post-21036","post","type-post","status-publish","format-standard","has-post-thumbnail","hentry","category-zdravi"],"_links":{"self":[{"href":"https:\/\/www.invarena.cz\/index.php?rest_route=\/wp\/v2\/posts\/21036","targetHints":{"allow":["GET"]}}],"collection":[{"href":"https:\/\/www.invarena.cz\/index.php?rest_route=\/wp\/v2\/posts"}],"about":[{"href":"https:\/\/www.invarena.cz\/index.php?rest_route=\/wp\/v2\/types\/post"}],"author":[{"embeddable":true,"href":"https:\/\/www.invarena.cz\/index.php?rest_route=\/wp\/v2\/users\/1"}],"replies":[{"embeddable":true,"href":"https:\/\/www.invarena.cz\/index.php?rest_route=%2Fwp%2Fv2%2Fcomments&post=21036"}],"version-history":[{"count":0,"href":"https:\/\/www.invarena.cz\/index.php?rest_route=\/wp\/v2\/posts\/21036\/revisions"}],"wp:featuredmedia":[{"embeddable":true,"href":"https:\/\/www.invarena.cz\/index.php?rest_route=\/wp\/v2\/media\/3892"}],"wp:attachment":[{"href":"https:\/\/www.invarena.cz\/index.php?rest_route=%2Fwp%2Fv2%2Fmedia&parent=21036"}],"wp:term":[{"taxonomy":"category","embeddable":true,"href":"https:\/\/www.invarena.cz\/index.php?rest_route=%2Fwp%2Fv2%2Fcategories&post=21036"},{"taxonomy":"post_tag","embeddable":true,"href":"https:\/\/www.invarena.cz\/index.php?rest_route=%2Fwp%2Fv2%2Ftags&post=21036"}],"curies":[{"name":"wp","href":"https:\/\/api.w.org\/{rel}","templated":true}]}}