{"id":21038,"date":"2015-04-27T10:20:19","date_gmt":"2015-04-27T08:20:19","guid":{"rendered":"http:\/\/www.invarena.cz\/?p=21038"},"modified":"2015-04-27T10:20:27","modified_gmt":"2015-04-27T08:20:27","slug":"radni-v-bohumine-uz-nechteji-podporovat-ubytovny","status":"publish","type":"post","link":"https:\/\/www.invarena.cz\/?p=21038","title":{"rendered":"Radn\u00ed v Bohum\u00edn\u011b u\u017e necht\u011bj\u00ed podporovat ubytovny"},"content":{"rendered":"<p><strong>A\u017e \u010dty\u0159i sta lid\u00ed z Bohum\u00edna by v nejbli\u017e\u0161\u00ed dob\u011b mohlo p\u0159ij\u00edt o st\u0159echu nad hlavou. Jde o lidi, kte\u0159\u00ed \u017eij\u00ed v ubytovn\u00e1ch a jejich majitel\u00e9 vyd\u011bl\u00e1vaj\u00ed na p\u0159edra\u017een\u00e9m n\u00e1jemn\u00e9m.<\/strong><!--more--><\/p>\n<p>Televize Nova<\/p>\n<p>Jen\u017ee od 1. kv\u011btna vstoup\u00ed v platnost nov\u00fd z\u00e1kon, kter\u00fd upravuje v\u00fdplatu soci\u00e1ln\u00ed d\u00e1vky na bydlen\u00ed. Pro tu si lid\u00e9 chod\u00ed na \u00fa\u0159ad pr\u00e1ce, kter\u00fd te\u010f ale bude pot\u0159ebovat k vyd\u00e1n\u00ed pen\u011bz i souhlas radnice.<\/p>\n<p>A bohum\u00edn\u0161t\u00ed radn\u00ed ubytovny u\u017e podporovat necht\u011bj\u00ed, a proto se m\u016f\u017ee st\u00e1t, \u017ee d\u00e1vky plo\u0161n\u011b nedoporu\u010d\u00ed.<\/p>\n<p>Po z\u00e1kazu hazardu nebo z\u00e1kazu v\u00fdkupu kovov\u00e9ho \u0161rotu jdou bohum\u00edn\u0161t\u00ed politici do dal\u0161\u00edho ta\u017een\u00ed. Cht\u011bj\u00ed zato\u010dit s ubytovnami ve m\u011bst\u011b, na kter\u00e9 do t\u00e9to chv\u00edle nem\u011bli \u017e\u00e1dn\u00e9 p\u00e1ky. Pomoci by jim m\u011bl nov\u00fd z\u00e1kon o d\u00e1vk\u00e1ch na bydlen\u00ed.<\/p>\n<p>Petr VICHA, starosta Bohum\u00edna \/\u010cSSD\/: Tady kvete byznys s ubytovnami o miliardy korun ro\u010dn\u011b se vypl\u00e1c\u00ed v\u00edce na doplatku bydlen\u00ed a ty pen\u00edze v podstat\u011b neslou\u017e\u00ed t\u011bm lidem, kte\u0159\u00ed v t\u011bch ubytovn\u00e1ch bydl\u00ed, ale slou\u017e\u00ed na p\u0159edra\u017een\u00e9 n\u00e1jmy.<\/p>\n<p>\u010cty\u0159\u010dlenn\u00e1 rodina toti\u017e b\u011b\u017en\u011b za bydlen\u00ed v jednom pokoji plat\u00ed i dvan\u00e1ct tis\u00edc korun.<\/p>\n<p>Zden\u011bk PLA\u010cEK, majitel ubytovny v centru Bohum\u00edna:  Pokud jsme a fungujeme jako hotel nebo ubytovny, tak je za ubytovnu moc pen\u011bz sto t\u0159icet korun nebo sto pades\u00e1t korun na den? Zd\u00e1 se to skute\u010dn\u011b moc?<\/p>\n<p>Od 1. kv\u011btna mus\u00ed obce i m\u011bsta \u00fa\u0159adu pr\u00e1ce, kter\u00fd soci\u00e1ln\u00ed d\u00e1vky vypl\u00e1c\u00ed, d\u00e1t souhlas, aby doplatek byl vyplacen. V Bohum\u00edn\u011b k rozhodnut\u00ed sta\u010d\u00ed hlasov\u00e1n\u00ed rady, a ta je tady jednobarevn\u00e1.<\/p>\n<p>Petr VICHA:  Nast\u00e1vala situace, kdy se m\u016f\u017ee vyhrotit \u0159e\u0161en\u00ed. A jestli\u017ee my jsme dotazov\u00e1ni, zda s t\u00edmto p\u0159epl\u00e1cen\u00edm d\u00e1v\u00e1me souhlas, tak my \u0159\u00edk\u00e1me ne.<\/p>\n<p>Ve dvaadvacetitis\u00edcov\u00e9m Bohum\u00edn\u011b je deset ubytoven, ve kter\u00fdch \u017eije asi \u010dty\u0159i sta lid\u00ed, v\u010detn\u011b d\u011bt\u00ed. M\u016f\u017ee se st\u00e1t, \u017ee bez d\u00e1vek na bydlen\u00ed skon\u010d\u00ed na ulici.<\/p>\n<p>Zden\u011bk PLA\u010cEK:<br \/>\nTo spoustu lid\u00ed nebo spoustu ubytovatel\u016f ohroz\u00ed, ano, ale j\u00e1 m\u00e1m obavy sp\u00ed\u0161, \u017ee to ohroz\u00ed tady tyhle ty lidi, tyhle ty lidi, co tady bydl\u00ed.<\/p>\n<p>Z\u00e1kon u\u017e je schv\u00e1len\u00fd, asi p\u016fl roku, jen\u017ee nen\u00ed \u00fapln\u011b jednozna\u010dn\u00fd a n\u011bkter\u00e9 obce v\u016fbec nev\u011bd\u00ed, jak ho maj\u00ed pou\u017e\u00edvat.<\/p>\n<p>Jenom v lo\u0148sk\u00e9m roce ze st\u00e1tn\u00ed pokladny byly vyplaceny v\u00edce ne\u017e t\u0159i miliardy pr\u00e1v\u011b na bydlen\u00ed. V\u011bt\u0161ina z nich \u0161la podle \u00fa\u0159ad\u016f do kapes majitel\u016f ubytoven. Tom\u00e1\u0161 Indrei, Televize Nova.<\/p>\n<p>Bohum\u00edn m\u00e1 velkou v\u00fdhodu v tom, \u017ee v majetku m\u011bsta je asi \u010dty\u0159i a p\u016fl tis\u00edce byt\u016f a des\u00edtky z nich jsou pr\u00e1zdn\u00fdch, jen\u017ee v\u011bt\u0161ina lid\u00ed, kte\u0159\u00ed \u017eij\u00ed na ubytovn\u00e1ch, jsou pr\u00e1v\u011b probl\u00e9mov\u00ed n\u00e1jemn\u00edci z m\u011bstsk\u00fdch byt\u016f a radnice se jich zbavila pot\u00e9, co neplatili n\u00e1jem. A pr\u00e1v\u011b proto mohou na m\u011bstsk\u00e9 bydlen\u00ed z\u0159ejm\u011b zapomenout. Jedn\u00edm z hlavn\u00edch krit\u00e9ri\u00ed pro z\u00edsk\u00e1n\u00ed m\u011bstsk\u00e9ho bytu je toti\u017e bezdlu\u017enost a dobr\u00e1 platebn\u00ed mor\u00e1lka v minulosti. \u0158ada lid\u00ed, zejm\u00e9na rodiny s d\u011btmi, te\u010f maj\u00ed strach, \u017ee skon\u010d\u00ed na ulici. <\/p>\n<p>Obce si st\u011b\u017euj\u00ed, \u017ee nev\u011bd\u00ed, jak nov\u00fd z\u00e1kon pou\u017e\u00edt. Ministerstvo pr\u00e1ce a soci\u00e1ln\u00edch v\u011bc\u00ed jim moc nepom\u016f\u017ee. Pr\u00fd proto, \u017ee pr\u00e1v\u011b tenhle dodatek byl do z\u00e1kona za\u0159azen kv\u016fli p\u0159ipom\u00ednk\u00e1m z obc\u00ed.<\/p>\n<p>Petr HAB\u00c1\u0147, mluv\u010d\u00ed MPSV:  My p\u0159edpokl\u00e1d\u00e1me p\u0159es v\u0161echny pot\u00ed\u017ee, kter\u00e9 v tuto chv\u00edli obce avizuj\u00ed, \u017ee s t\u00edm nalo\u017e\u00ed rozumn\u011b a tak, aby pr\u00e1v\u011b nedo\u0161lo k t\u011bmto krizov\u00fdm situac\u00edm.<\/p>\n<p>Pokud by bohum\u00edn\u0161t\u00ed radn\u00ed d\u00e1vky plo\u0161n\u011b nedoporu\u010dili, ka\u017edou \u017e\u00e1dost pak p\u0159i odvol\u00e1n\u00ed bude je\u0161t\u011b p\u0159ezkoum\u00e1vat krajsk\u00fd \u00fa\u0159ad. To se ale m\u016f\u017ee t\u00e1hnout del\u0161\u00ed dobu a lid\u00e9 bez d\u00e1vek zat\u00edm p\u0159ijdou o st\u0159echu nad hlavou. Starosta Bohum\u00edna m\u00e1 je\u0161t\u011b tohle \u0159e\u0161en\u00ed.<\/p>\n<p>Petr VICHA:<br \/>\nJ\u00e1 si dovedu p\u0159edstavit, \u017ee kone\u010dn\u011b by provozovatel\u00e9 t\u011bch ubytoven sn\u00ed\u017eili n\u00e1jemn\u00e9 na p\u0159im\u011b\u0159enou cenu.<\/p>\n<p>Televize Nova<\/p>\n","protected":false},"excerpt":{"rendered":"<div class=\"mh-excerpt\"><p>A\u017e \u010dty\u0159i sta lid\u00ed z Bohum\u00edna by v nejbli\u017e\u0161\u00ed dob\u011b mohlo p\u0159ij\u00edt o st\u0159echu nad hlavou. Jde o lidi, kte\u0159\u00ed \u017eij\u00ed v ubytovn\u00e1ch a jejich <a class=\"mh-excerpt-more\" href=\"https:\/\/www.invarena.cz\/?p=21038\" title=\"Radn\u00ed v Bohum\u00edn\u011b u\u017e necht\u011bj\u00ed podporovat ubytovny\">[&#8230;]<\/a><\/p>\n<\/div>","protected":false},"author":1,"featured_media":1889,"comment_status":"open","ping_status":"closed","sticky":false,"template":"","format":"standard","meta":{"footnotes":""},"categories":[7],"tags":[],"class_list":["post-21038","post","type-post","status-publish","format-standard","has-post-thumbnail","hentry","category-spolecnost"],"_links":{"self":[{"href":"https:\/\/www.invarena.cz\/index.php?rest_route=\/wp\/v2\/posts\/21038","targetHints":{"allow":["GET"]}}],"collection":[{"href":"https:\/\/www.invarena.cz\/index.php?rest_route=\/wp\/v2\/posts"}],"about":[{"href":"https:\/\/www.invarena.cz\/index.php?rest_route=\/wp\/v2\/types\/post"}],"author":[{"embeddable":true,"href":"https:\/\/www.invarena.cz\/index.php?rest_route=\/wp\/v2\/users\/1"}],"replies":[{"embeddable":true,"href":"https:\/\/www.invarena.cz\/index.php?rest_route=%2Fwp%2Fv2%2Fcomments&post=21038"}],"version-history":[{"count":0,"href":"https:\/\/www.invarena.cz\/index.php?rest_route=\/wp\/v2\/posts\/21038\/revisions"}],"wp:featuredmedia":[{"embeddable":true,"href":"https:\/\/www.invarena.cz\/index.php?rest_route=\/wp\/v2\/media\/1889"}],"wp:attachment":[{"href":"https:\/\/www.invarena.cz\/index.php?rest_route=%2Fwp%2Fv2%2Fmedia&parent=21038"}],"wp:term":[{"taxonomy":"category","embeddable":true,"href":"https:\/\/www.invarena.cz\/index.php?rest_route=%2Fwp%2Fv2%2Fcategories&post=21038"},{"taxonomy":"post_tag","embeddable":true,"href":"https:\/\/www.invarena.cz\/index.php?rest_route=%2Fwp%2Fv2%2Ftags&post=21038"}],"curies":[{"name":"wp","href":"https:\/\/api.w.org\/{rel}","templated":true}]}}