{"id":21058,"date":"2015-04-28T08:16:38","date_gmt":"2015-04-28T06:16:38","guid":{"rendered":"http:\/\/www.invarena.cz\/?p=21058"},"modified":"2015-04-28T14:39:03","modified_gmt":"2015-04-28T12:39:03","slug":"bohdanecske-lazne-oteviraji-centrum-cinske-mediciny","status":"publish","type":"post","link":"https:\/\/www.invarena.cz\/?p=21058","title":{"rendered":"Bohdane\u010dsk\u00e9 l\u00e1zn\u011b otev\u00edraj\u00ed centrum \u010d\u00ednsk\u00e9 medic\u00edny"},"content":{"rendered":"<p><strong>V L\u00e1zn\u00edch Bohdane\u010d na Pardubicku za\u010dnou l\u00e9\u010dit klienty tak\u00e9 s pomoc\u00ed \u010d\u00ednsk\u00e9 medic\u00edny. Nov\u00e9 centrum l\u00e1zn\u011b otev\u0159ou v polovin\u011b kv\u011btna, \u0159ekl Ji\u0159\u00ed Vit\u00edk, \u0159editel skupiny, do kter\u00e9 spadaj\u00ed i L\u00e1zn\u011b Teplice nad Be\u010dvou.<\/strong><!--more--><\/p>\n<p>&#8222;Centrum tradi\u010dn\u00ed \u010d\u00ednsk\u00e9 medic\u00edny nab\u00eddne klient\u016fm na\u0161ich l\u00e1zn\u00edch mo\u017enost roz\u0161\u00ed\u0159en\u00ed l\u00e9\u010debn\u00fdch program\u016f,&#8220; uvedl Vit\u00edk.<\/p>\n<p>Na l\u00e9\u010dbu klient\u016f budou dohl\u00ed\u017eet univerzitn\u00ed odborn\u00edci z \u010c\u00edny a s nimi bude spolupracovat t\u00fdm l\u00e9ka\u0159\u016f, diabetolog\u016f a fyzioterapeut\u016f z kr\u00e1lov\u00e9hradeck\u00e9 nemocnice. Specialist\u00e9 maj\u00ed ru\u010dit za dodr\u017eov\u00e1n\u00ed standard\u016f definovan\u00fdch z\u00e1padn\u00ed medic\u00ednou. Komunikaci se zahrani\u010dn\u00edmi odborn\u00edky zajist\u00ed tlumo\u010dn\u00edk.<\/p>\n<p>Centrum na 400 metrech \u010dtvere\u010dn\u00edch se dokon\u010duje v pavilonu Vesel\u00fd. Bude m\u00edt t\u0159i vy\u0161et\u0159ovac\u00ed s\u00e1ly se z\u00e1zem\u00edm pro akupunkturu, mas\u00e1\u017ee a fytoterapii. Interi\u00e9r\u016fm v\u00e9vod\u00ed sv\u011btl\u00e9 barvy, p\u0159\u00edrodn\u00ed materi\u00e1ly a jednoduch\u00e9 struktury.<\/p>\n<p>L\u00e1zn\u011b se zam\u011b\u0159uj\u00ed na l\u00e9\u010dbu pohybov\u00e9ho apar\u00e1tu. Z\u00e1kladem l\u00e9\u010dby je slatina aplikovan\u00e1 v z\u00e1balov\u00fdch van\u00e1ch. Lo\u017eiska l\u00e9\u010div\u00e9 l\u00e1tky se nach\u00e1zej\u00ed v okol\u00ed l\u00e1zn\u00ed. Nov\u011b l\u00e1zn\u011b tak\u00e9 provozuj\u00ed Centrum spokojen\u00e9ho st\u00e1\u0159\u00ed, kter\u00e9 je ur\u010den\u00e9 pacient\u016fm s Alzheimerovou chorobou.<\/p>\n<p>akupunktura foto: Flickr.com<\/p>\n","protected":false},"excerpt":{"rendered":"<div class=\"mh-excerpt\"><p>V L\u00e1zn\u00edch Bohdane\u010d na Pardubicku za\u010dnou l\u00e9\u010dit klienty tak\u00e9 s pomoc\u00ed \u010d\u00ednsk\u00e9 medic\u00edny. Nov\u00e9 centrum l\u00e1zn\u011b otev\u0159ou v polovin\u011b kv\u011btna, \u0159ekl Ji\u0159\u00ed Vit\u00edk, \u0159editel skupiny, <a class=\"mh-excerpt-more\" href=\"https:\/\/www.invarena.cz\/?p=21058\" title=\"Bohdane\u010dsk\u00e9 l\u00e1zn\u011b otev\u00edraj\u00ed centrum \u010d\u00ednsk\u00e9 medic\u00edny\">[&#8230;]<\/a><\/p>\n<\/div>","protected":false},"author":1,"featured_media":14629,"comment_status":"open","ping_status":"closed","sticky":false,"template":"","format":"standard","meta":{"footnotes":""},"categories":[11],"tags":[],"class_list":["post-21058","post","type-post","status-publish","format-standard","has-post-thumbnail","hentry","category-zdravi"],"_links":{"self":[{"href":"https:\/\/www.invarena.cz\/index.php?rest_route=\/wp\/v2\/posts\/21058","targetHints":{"allow":["GET"]}}],"collection":[{"href":"https:\/\/www.invarena.cz\/index.php?rest_route=\/wp\/v2\/posts"}],"about":[{"href":"https:\/\/www.invarena.cz\/index.php?rest_route=\/wp\/v2\/types\/post"}],"author":[{"embeddable":true,"href":"https:\/\/www.invarena.cz\/index.php?rest_route=\/wp\/v2\/users\/1"}],"replies":[{"embeddable":true,"href":"https:\/\/www.invarena.cz\/index.php?rest_route=%2Fwp%2Fv2%2Fcomments&post=21058"}],"version-history":[{"count":0,"href":"https:\/\/www.invarena.cz\/index.php?rest_route=\/wp\/v2\/posts\/21058\/revisions"}],"wp:featuredmedia":[{"embeddable":true,"href":"https:\/\/www.invarena.cz\/index.php?rest_route=\/wp\/v2\/media\/14629"}],"wp:attachment":[{"href":"https:\/\/www.invarena.cz\/index.php?rest_route=%2Fwp%2Fv2%2Fmedia&parent=21058"}],"wp:term":[{"taxonomy":"category","embeddable":true,"href":"https:\/\/www.invarena.cz\/index.php?rest_route=%2Fwp%2Fv2%2Fcategories&post=21058"},{"taxonomy":"post_tag","embeddable":true,"href":"https:\/\/www.invarena.cz\/index.php?rest_route=%2Fwp%2Fv2%2Ftags&post=21058"}],"curies":[{"name":"wp","href":"https:\/\/api.w.org\/{rel}","templated":true}]}}