{"id":21062,"date":"2015-04-28T11:53:15","date_gmt":"2015-04-28T09:53:15","guid":{"rendered":"http:\/\/www.invarena.cz\/?p=21062"},"modified":"2015-04-28T11:53:15","modified_gmt":"2015-04-28T09:53:15","slug":"mpsv-vydalo-aktualizovanou-prirucku-pro-osoby-se-zdravotnim-postizenim-v-roce-2015","status":"publish","type":"post","link":"https:\/\/www.invarena.cz\/?p=21062","title":{"rendered":"MPSV vydalo aktualizovanou P\u0159\u00edru\u010dku pro osoby se zdravotn\u00edm posti\u017een\u00edm v roce 2015"},"content":{"rendered":"<p><strong>Z d\u016fvodu velk\u00e9ho z\u00e1jmu z \u0159ad odborn\u00e9 i laick\u00e9 ve\u0159ejnosti se Ministerstvo pr\u00e1ce a soci\u00e1ln\u00edch v\u011bc\u00ed rozhodlo pro vyd\u00e1n\u00ed aktualizovan\u00e9 P\u0159\u00edru\u010dky pro osoby se zdravotn\u00edm posti\u017een\u00edm v roce 2015.<\/strong><br \/>\n<!--more--><\/p>\n<p>P\u0159\u00edru\u010dka si klade za c\u00edl usnadnit lidem s handicapem orientaci v mnohdy slo\u017eit\u00e9m soci\u00e1ln\u00edm syst\u00e9mu, a to zejm\u00e9na ve vztahu k posuzov\u00e1n\u00ed zdravotn\u00edho stavu \u010di k podm\u00ednk\u00e1m n\u00e1roku na p\u0159\u00edsp\u011bvek na p\u00e9\u010di s ohledem na n\u011bkter\u00e9 d\u00edl\u010d\u00ed zm\u011bny v leto\u0161n\u00edm roce. Obsahuje ale tak\u00e9 informace o trhu pr\u00e1ce \u010di dal\u0161\u00ed praktick\u00e9 rady a tipy v soci\u00e1ln\u00ed oblasti.<\/p>\n<p>\u201eProst\u0159ednictv\u00edm p\u0159\u00edru\u010dky chceme op\u011bt pomoci lidem zorientovat se v soci\u00e1ln\u00edm syst\u00e9mu, z\u00e1konech a paragrafech, kter\u00e9 se jich bezprost\u0159edn\u011b t\u00fdkaj\u00ed a \u010dasto jim t\u0159eba nerozum\u011bj\u00ed. Na\u0161\u00edm c\u00edlem je st\u00e1le zlep\u0161ovat komunikaci ministerstva sm\u011brem k ve\u0159ejnosti, a k tomu by m\u011bla mimo jin\u00e9 slou\u017eit i tato p\u0159\u00edru\u010dka,\u201c \u0159\u00edk\u00e1 ministryn\u011b pr\u00e1ce a soci\u00e1ln\u00edch v\u011bc\u00ed Michaela Marksov\u00e1.<\/p>\n<p>Publikace p\u0159in\u00e1\u0161\u00ed odpov\u011bdi na \u0159adu d\u016fle\u017eit\u00fdch ot\u00e1zek: nap\u0159\u00edklad, kdo a za jak\u00fdch podm\u00ednek m\u00e1 n\u00e1rok na p\u0159\u00edsp\u011bvek na p\u00e9\u010di, jak\u00e1 je jeho v\u00fd\u0161e, kde m\u016f\u017ee o d\u00e1vky \u017e\u00e1dat, kdo o p\u0159\u00edsp\u011bvku rozhoduje, kde se vypl\u00e1c\u00ed, jak\u00e9 dokumenty a tiskopisy \u017eadatel pot\u0159ebuje a mnoho dal\u0161\u00edho.<\/p>\n<p>Dozv\u00edte se i kdy, pro\u010d a jak se zm\u011bnilo posuzov\u00e1n\u00ed zdravotn\u00edho stavu u lid\u00ed se zdravotn\u00edm posti\u017een\u00edm a jak n\u00e1\u0161 resort chr\u00e1n\u00ed a podporuje zam\u011bstn\u00e1v\u00e1n\u00ed lid\u00ed se zdravotn\u00edm handicapem. Nechyb\u00ed zde ani informace o d\u00e1vk\u00e1ch st\u00e1tn\u00ed soci\u00e1ln\u00ed podpory, invalidn\u00edch d\u016fchodech nebo d\u00e1vk\u00e1ch pomoci v hmotn\u00e9 nouzi. V p\u0159\u00edru\u010dce naleznete tak\u00e9 informace o tom, jak\u00e9 projekty z evropsk\u00fdch fond\u016f se v \u010cR realizuj\u00ed a jak se sna\u017e\u00ed EU pom\u00e1hat zdravotn\u011b posti\u017een\u00fdm.<\/p>\n<p>Publikace, kter\u00e1 m\u00e1 31 stran, vy\u0161la v n\u00e1kladu 80 tis\u00edc v\u00fdtisk\u016f. P\u0159\u00edru\u010dka je k dispozici ve vestibulech budov MPSV, na kontaktn\u00edch pracovi\u0161t\u00edch \u00daP \u010cR a na okresn\u00edch spr\u00e1v\u00e1ch soci\u00e1ln\u00edho zabezpe\u010den\u00ed (OSSZ).<\/p>\n<p>Petr Hab\u00e1\u0148<br \/>\ntiskov\u00fd mluv\u010d\u00ed MPSV<\/p>\n","protected":false},"excerpt":{"rendered":"<div class=\"mh-excerpt\"><p>Z d\u016fvodu velk\u00e9ho z\u00e1jmu z \u0159ad odborn\u00e9 i laick\u00e9 ve\u0159ejnosti se Ministerstvo pr\u00e1ce a soci\u00e1ln\u00edch v\u011bc\u00ed rozhodlo pro vyd\u00e1n\u00ed aktualizovan\u00e9 P\u0159\u00edru\u010dky pro osoby se zdravotn\u00edm <a class=\"mh-excerpt-more\" href=\"https:\/\/www.invarena.cz\/?p=21062\" title=\"MPSV vydalo aktualizovanou P\u0159\u00edru\u010dku pro osoby se zdravotn\u00edm posti\u017een\u00edm v roce 2015\">[&#8230;]<\/a><\/p>\n<\/div>","protected":false},"author":1,"featured_media":21072,"comment_status":"open","ping_status":"closed","sticky":false,"template":"","format":"standard","meta":{"footnotes":""},"categories":[7],"tags":[],"class_list":["post-21062","post","type-post","status-publish","format-standard","has-post-thumbnail","hentry","category-spolecnost"],"_links":{"self":[{"href":"https:\/\/www.invarena.cz\/index.php?rest_route=\/wp\/v2\/posts\/21062","targetHints":{"allow":["GET"]}}],"collection":[{"href":"https:\/\/www.invarena.cz\/index.php?rest_route=\/wp\/v2\/posts"}],"about":[{"href":"https:\/\/www.invarena.cz\/index.php?rest_route=\/wp\/v2\/types\/post"}],"author":[{"embeddable":true,"href":"https:\/\/www.invarena.cz\/index.php?rest_route=\/wp\/v2\/users\/1"}],"replies":[{"embeddable":true,"href":"https:\/\/www.invarena.cz\/index.php?rest_route=%2Fwp%2Fv2%2Fcomments&post=21062"}],"version-history":[{"count":0,"href":"https:\/\/www.invarena.cz\/index.php?rest_route=\/wp\/v2\/posts\/21062\/revisions"}],"wp:featuredmedia":[{"embeddable":true,"href":"https:\/\/www.invarena.cz\/index.php?rest_route=\/wp\/v2\/media\/21072"}],"wp:attachment":[{"href":"https:\/\/www.invarena.cz\/index.php?rest_route=%2Fwp%2Fv2%2Fmedia&parent=21062"}],"wp:term":[{"taxonomy":"category","embeddable":true,"href":"https:\/\/www.invarena.cz\/index.php?rest_route=%2Fwp%2Fv2%2Fcategories&post=21062"},{"taxonomy":"post_tag","embeddable":true,"href":"https:\/\/www.invarena.cz\/index.php?rest_route=%2Fwp%2Fv2%2Ftags&post=21062"}],"curies":[{"name":"wp","href":"https:\/\/api.w.org\/{rel}","templated":true}]}}