{"id":21070,"date":"2015-04-28T11:50:15","date_gmt":"2015-04-28T09:50:15","guid":{"rendered":"http:\/\/www.invarena.cz\/?p=21070"},"modified":"2015-04-28T11:51:34","modified_gmt":"2015-04-28T09:51:34","slug":"charita-krnov-ziskala-socialni-automobil-kterym-muze-prepravovat-invalidni-voziky","status":"publish","type":"post","link":"https:\/\/www.invarena.cz\/?p=21070","title":{"rendered":"Charita Krnov z\u00edskala soci\u00e1ln\u00ed automobil, kter\u00fdm m\u016f\u017ee p\u0159epravovat invalidn\u00ed voz\u00edky"},"content":{"rendered":"<p><strong>Charita Krnov disponuje nov\u00fdm vozidlem. Je j\u00edm Dacia Dokker, kter\u00fd z\u00edskala d\u00edky projektu Soci\u00e1ln\u00ed automobil. Na koupi auta pro charitu p\u0159isp\u011blo na p\u011bt des\u00edtek firem a spole\u010dnost\u00ed nejen z Krnovska, Brunt\u00e1lska a Opavska, ale tak\u00e9 z jin\u00fdch kraj\u016f.<\/strong> <!--more--><\/p>\n<p>Krnov \u2013 &#8222;D\u011bkujeme v\u0161em, kte\u0159\u00ed se do projektu zapojili. D\u00edky nim jsme z\u00edskali ide\u00e1ln\u00ed vozidlo, v n\u011bm\u017e te\u010f m\u016f\u017eeme p\u0159epravovat i invalidn\u00ed voz\u00edky, co\u017e jsme dosud nemohli. Automobil budeme vyu\u017e\u00edvat pro denn\u00ed stacion\u00e1\u0159. Bude slou\u017eit nejen k p\u0159eprav\u011b u\u017eivatel\u016f do a ze stacion\u00e1\u0159e, ale tak\u00e9 p\u0159i cest\u00e1ch na v\u00fdlety, n\u00e1v\u0161t\u011bvy podobn\u00fdch za\u0159\u00edzen\u00ed p\u0159i pozv\u00e1n\u00ed na akce jako jsou zahradn\u00ed slavnosti a podobn\u011b. Pou\u017e\u00edvat ho bude tak\u00e9 n\u00edzkoprahov\u00e9 za\u0159\u00edzen\u00ed pro d\u011bti a ml\u00e1de\u017e Zv\u00edd\u00e1lek, kter\u00e9 dosud vlastn\u00edm vozidlem nedisponovalo. Op\u011bt ho vyu\u017eij\u00ed k v\u00fdlet\u016fm, p\u0159eprav\u011b na v\u00edkendov\u00e9 akce \u010di sout\u011b\u017ee,&#8220; uvedla \u0159editelka Charity Krnov Monika Dudov\u00e1.<\/p>\n<p>Projekt Soci\u00e1ln\u00ed automobil je postaven na jednoduch\u00e9 my\u0161lence. &#8222;Za spolu\u00fa\u010dasti firem, kter\u00e9 si na vozidle zadaj\u00ed reklamu na dobu \u0161est let, pop\u0159\u00edpad\u011b p\u0159isp\u011bj\u00ed jakoukoliv finan\u010dn\u00ed \u010d\u00e1stkou bez reklamy, se sna\u017e\u00edme o vytvo\u0159en\u00ed, zdokonalen\u00ed a obnoven\u00ed vozov\u00e9ho parku v \u00fastavech a za\u0159\u00edzen\u00edch, kter\u00e1 svou \u010dinnost zam\u011b\u0159ila na v\u00fdchovu, vzd\u011bl\u00e1n\u00ed, rehabilitaci a integraci zdravotn\u011b, ment\u00e1ln\u011b \u010di jinak hendikepovan\u00fdch lid\u00ed. Prost\u011b se sna\u017e\u00edme pom\u00e1hat lidem, kte\u0159\u00ed pomoc pot\u0159ebuj\u00ed,&#8220; \u0159ekl z\u00e1stupce spole\u010dnosti Kompakt Arno\u0161t T\u016fma, kter\u00fd p\u0159edal do u\u017e\u00edv\u00e1n\u00ed u\u017e sedm\u00e9 vozidlo. Od roku 1997, kdy spole\u010dnost zah\u00e1jila realizaci tohoto projektu, se j\u00ed poda\u0159ilo v cel\u00e9 republice p\u0159edat p\u0159es 350 soci\u00e1ln\u00edch automobil\u016f, z toho v Moravskoslezsk\u00e9m kraji jich jezd\u00ed dvan\u00e1ct.<\/p>\n<p>MARTIN ERBEN<br \/>\nBrunt\u00e1lsk\u00fd a Krnovsk\u00fd den\u00edk<br \/>\n<a href=\" http:\/\/www.bruntalsky.denik.cz\/\"><br \/>\nhttp:\/\/www.bruntalsky.denik.cz\/<\/a><\/p>\n","protected":false},"excerpt":{"rendered":"<div class=\"mh-excerpt\"><p>Charita Krnov disponuje nov\u00fdm vozidlem. Je j\u00edm Dacia Dokker, kter\u00fd z\u00edskala d\u00edky projektu Soci\u00e1ln\u00ed automobil. Na koupi auta pro charitu p\u0159isp\u011blo na p\u011bt des\u00edtek firem <a class=\"mh-excerpt-more\" href=\"https:\/\/www.invarena.cz\/?p=21070\" title=\"Charita Krnov z\u00edskala soci\u00e1ln\u00ed automobil, kter\u00fdm m\u016f\u017ee p\u0159epravovat invalidn\u00ed voz\u00edky\">[&#8230;]<\/a><\/p>\n<\/div>","protected":false},"author":1,"featured_media":1015,"comment_status":"open","ping_status":"closed","sticky":false,"template":"","format":"standard","meta":{"footnotes":""},"categories":[9],"tags":[],"class_list":["post-21070","post","type-post","status-publish","format-standard","has-post-thumbnail","hentry","category-zpravy"],"_links":{"self":[{"href":"https:\/\/www.invarena.cz\/index.php?rest_route=\/wp\/v2\/posts\/21070","targetHints":{"allow":["GET"]}}],"collection":[{"href":"https:\/\/www.invarena.cz\/index.php?rest_route=\/wp\/v2\/posts"}],"about":[{"href":"https:\/\/www.invarena.cz\/index.php?rest_route=\/wp\/v2\/types\/post"}],"author":[{"embeddable":true,"href":"https:\/\/www.invarena.cz\/index.php?rest_route=\/wp\/v2\/users\/1"}],"replies":[{"embeddable":true,"href":"https:\/\/www.invarena.cz\/index.php?rest_route=%2Fwp%2Fv2%2Fcomments&post=21070"}],"version-history":[{"count":0,"href":"https:\/\/www.invarena.cz\/index.php?rest_route=\/wp\/v2\/posts\/21070\/revisions"}],"wp:featuredmedia":[{"embeddable":true,"href":"https:\/\/www.invarena.cz\/index.php?rest_route=\/wp\/v2\/media\/1015"}],"wp:attachment":[{"href":"https:\/\/www.invarena.cz\/index.php?rest_route=%2Fwp%2Fv2%2Fmedia&parent=21070"}],"wp:term":[{"taxonomy":"category","embeddable":true,"href":"https:\/\/www.invarena.cz\/index.php?rest_route=%2Fwp%2Fv2%2Fcategories&post=21070"},{"taxonomy":"post_tag","embeddable":true,"href":"https:\/\/www.invarena.cz\/index.php?rest_route=%2Fwp%2Fv2%2Ftags&post=21070"}],"curies":[{"name":"wp","href":"https:\/\/api.w.org\/{rel}","templated":true}]}}