{"id":21102,"date":"2015-04-29T10:06:22","date_gmt":"2015-04-29T08:06:22","guid":{"rendered":"http:\/\/www.invarena.cz\/?p=21102"},"modified":"2015-04-30T13:17:25","modified_gmt":"2015-04-30T11:17:25","slug":"jaky-symbol-specifikujici-me-postizeni-si-na-svuj-prukaz-ozp-mohu-zvolit","status":"publish","type":"post","link":"https:\/\/www.invarena.cz\/?p=21102","title":{"rendered":"Jak\u00fd symbol specifikuj\u00edc\u00ed m\u00e9 posti\u017een\u00ed si na sv\u016fj pr\u016fkaz OZP mohu zvolit?"},"content":{"rendered":"<p><strong>Odborn\u00edk na pr\u00e1vn\u00ed t\u00e9matiku p\u0159i Sjednocen\u00e9 organizaci nevidom\u00fdch a slabozrak\u00fdch \u010cR Lubo\u0161 Zaj\u00edc odpov\u00edd\u00e1 na dotaz posti\u017een\u00e9ho klienta. Ten se pt\u00e1, jak\u00fd symbol specifikuj\u00edc\u00ed jeho posti\u017een\u00ed si p\u0159i v\u00fdm\u011bn\u011b pr\u016fkazu OZP m\u016f\u017ee vybrat. V \u010dl\u00e1nku se mimo jin\u00e9 tak\u00e9 do\u010dtete, k \u010demu uveden\u00fd symbol na pr\u016fkazu m\u016f\u017ee handicapovan\u00e9mu poslou\u017eit.<\/strong><br \/>\n<!--more--><\/p>\n<p><strong>Dotaz:<\/strong> \u201eJsem nevidom\u00fd voz\u00ed\u010dk\u00e1\u0159. O kter\u00fd z piktogram\u016f pro m\u011b bude v\u00fdhodn\u011bj\u0161\u00ed p\u0159i nadch\u00e1zej\u00edc\u00ed v\u00fdm\u011bn\u011b pr\u016fkaz\u016f po\u017e\u00e1dat? O piktogram nevidom\u00e9ho, nebo o piktogram osoby s posti\u017een\u00edm pohybov\u00e9ho \u00fastroj\u00ed a nebo budu moci m\u00edt piktogramy oba?\u201c<\/p>\n<p>Ke zodpov\u011bzen\u00ed tohoto dotazu sta\u010dilo nahl\u00e9dnout do z\u00e1kona o poskytov\u00e1n\u00ed d\u00e1vek osob\u00e1m se zdravotn\u00edm posti\u017een\u00edm (z. \u010d. 329\/2011 Sb., ve zn\u011bn\u00ed pozd\u011bj\u0161\u00edch p\u0159edpis\u016f). Tento z\u00e1kon v ustanoven\u00ed \u00a7 34a odst. 1 upravuje, co v\u0161e pr\u016fkaz osoby se zdravotn\u00edm posti\u017een\u00edm obsahuje. Pod p\u00edsmenem h) je uvedeno toto:<br \/>\n\u201eh) ozna\u010den\u00ed druhu pr\u016fkazu osoby se zdravotn\u00edm posti\u017een\u00edm, pop\u0159\u00edpad\u011b dopln\u011bn\u00e9 o symbol ozna\u010den\u00ed osoby s \u00faplnou nebo praktickou hluchotou nebo osoby hluchoslep\u00e9 anebo osoby \u00fapln\u011b nebo prakticky nevidom\u00e9, pokud osoba o ozna\u010den\u00ed pr\u016fkazu t\u00edmto symbolem po\u017e\u00e1d\u00e1 p\u0159i pod\u00e1n\u00ed \u017e\u00e1dosti o p\u0159izn\u00e1n\u00ed pr\u016fkazu osoby se zdravotn\u00edm posti\u017een\u00edm nebo p\u0159i pod\u00e1n\u00ed \u017e\u00e1dosti o zm\u011bnu n\u00e1roku na pr\u016fkaz osoby se zdravotn\u00edm posti\u017een\u00edm,\u201c.<\/p>\n<p>Ji\u017e z tohoto ustanoven\u00ed tedy plyne, \u017ee neexistuje \u017e\u00e1dn\u00e9 ozna\u010den\u00ed osoby u\u017e\u00edvaj\u00edc\u00ed voz\u00edk ani osoby s posti\u017een\u00edm pohybov\u00e9ho apar\u00e1tu. Proto i nevidom\u00e9mu voz\u00ed\u010dk\u00e1\u0159i m\u016f\u017eeme doporu\u010dit, aby si do pr\u016fkazu nechal um\u00edstit ozna\u010den\u00ed osoby \u00fapln\u011b nebo prakticky nevidom\u00e9, d\u00edky n\u011bmu\u017e, m\u016f\u017ee z\u00edskat bezplatnou j\u00edzdenku pro pr\u016fvodce nevidom\u00e9ho v mezin\u00e1rodn\u00ed \u017eelezni\u010dn\u00ed doprav\u011b. <\/p>\n<p>Existenci pouze t\u0159\u00ed typ\u016f piktogram\u016f v nov\u00fdch pr\u016fkazech pak dosv\u011bd\u010duje i prov\u00e1d\u011bc\u00ed vyhl\u00e1\u0161ka k citovan\u00e9mu z\u00e1konu (vyhl. \u010d. 388\/2011 Sb., ve zn\u011bn\u00ed pozd\u011bj\u0161\u00edch p\u0159edpis\u016f), v jej\u00ed\u017e p\u0159\u00edloze \u010d. 3 jsou symboly vyobrazeny. <\/p>\n<p>Lubo\u0161 Zaj\u00edc<br \/>\nSONS \u010cR<\/p>\n","protected":false},"excerpt":{"rendered":"<div class=\"mh-excerpt\"><p>Odborn\u00edk na pr\u00e1vn\u00ed t\u00e9matiku p\u0159i Sjednocen\u00e9 organizaci nevidom\u00fdch a slabozrak\u00fdch \u010cR Lubo\u0161 Zaj\u00edc odpov\u00edd\u00e1 na dotaz posti\u017een\u00e9ho klienta. Ten se pt\u00e1, jak\u00fd symbol specifikuj\u00edc\u00ed jeho <a class=\"mh-excerpt-more\" href=\"https:\/\/www.invarena.cz\/?p=21102\" title=\"Jak\u00fd symbol specifikuj\u00edc\u00ed m\u00e9 posti\u017een\u00ed si na sv\u016fj pr\u016fkaz OZP mohu zvolit?\">[&#8230;]<\/a><\/p>\n<\/div>","protected":false},"author":1,"featured_media":19437,"comment_status":"open","ping_status":"closed","sticky":false,"template":"","format":"standard","meta":{"footnotes":""},"categories":[18],"tags":[],"class_list":["post-21102","post","type-post","status-publish","format-standard","has-post-thumbnail","hentry","category-poradna"],"_links":{"self":[{"href":"https:\/\/www.invarena.cz\/index.php?rest_route=\/wp\/v2\/posts\/21102","targetHints":{"allow":["GET"]}}],"collection":[{"href":"https:\/\/www.invarena.cz\/index.php?rest_route=\/wp\/v2\/posts"}],"about":[{"href":"https:\/\/www.invarena.cz\/index.php?rest_route=\/wp\/v2\/types\/post"}],"author":[{"embeddable":true,"href":"https:\/\/www.invarena.cz\/index.php?rest_route=\/wp\/v2\/users\/1"}],"replies":[{"embeddable":true,"href":"https:\/\/www.invarena.cz\/index.php?rest_route=%2Fwp%2Fv2%2Fcomments&post=21102"}],"version-history":[{"count":0,"href":"https:\/\/www.invarena.cz\/index.php?rest_route=\/wp\/v2\/posts\/21102\/revisions"}],"wp:featuredmedia":[{"embeddable":true,"href":"https:\/\/www.invarena.cz\/index.php?rest_route=\/wp\/v2\/media\/19437"}],"wp:attachment":[{"href":"https:\/\/www.invarena.cz\/index.php?rest_route=%2Fwp%2Fv2%2Fmedia&parent=21102"}],"wp:term":[{"taxonomy":"category","embeddable":true,"href":"https:\/\/www.invarena.cz\/index.php?rest_route=%2Fwp%2Fv2%2Fcategories&post=21102"},{"taxonomy":"post_tag","embeddable":true,"href":"https:\/\/www.invarena.cz\/index.php?rest_route=%2Fwp%2Fv2%2Ftags&post=21102"}],"curies":[{"name":"wp","href":"https:\/\/api.w.org\/{rel}","templated":true}]}}