{"id":21109,"date":"2015-04-29T12:54:54","date_gmt":"2015-04-29T10:54:54","guid":{"rendered":"http:\/\/www.invarena.cz\/?p=21109"},"modified":"2015-04-29T12:55:21","modified_gmt":"2015-04-29T10:55:21","slug":"nizsi-dotace-na-sluzbu-pro-zrakove-handicapovane","status":"publish","type":"post","link":"https:\/\/www.invarena.cz\/?p=21109","title":{"rendered":"Na slu\u017ebu pro zrakov\u011b handicapovan\u00e9 se dotace sn\u00ed\u017e\u00ed"},"content":{"rendered":"<p><strong>Budoucnost jedn\u00e9 ze soci\u00e1ln\u00edch slu\u017eeb karvinsk\u00e9 organizace UnikaCentrum, kter\u00e1 se jako jedin\u00e1 ve m\u011bst\u011b star\u00e1 o lidi se zrakov\u00fdm handicapem, je podle jej\u00edho veden\u00ed nejist\u00e1. Spole\u010dnost toti\u017e pat\u0159\u00ed k t\u011bm, jim\u017e radn\u00ed navrhli ni\u017e\u0161\u00ed dotaci na provoz. D\u016fvod sn\u00ed\u017een\u00ed? Organizace \u017e\u00e1daj\u00ed st\u00e1le o v\u00edce pen\u011bz, rozd\u011blovan\u00e1 \u010d\u00e1stka se ale nem\u011bn\u00ed.<\/strong><!--more--><\/p>\n<p>ilustra\u010dn\u00ed foto: Cohdra \/ MorgueFile<\/p>\n<p>\u010cesk\u00e1 televize<\/p>\n<p>Zat\u00edmco v Karvin\u00e9 na magistr\u00e1tu nevidom\u00ed oce\u0148uj\u00ed nov\u00e9 maj\u00e1\u010dky umo\u017e\u0148uj\u00edc\u00ed orientaci v budov\u011b, o kus d\u00e1l, v organizaci UnikaCentrum, se ale naopak boj\u00ed zru\u0161en\u00ed slu\u017eby. To kv\u016fli tomu, \u017ee m\u011bsto navrhuje sn\u00ed\u017eit dotaci na provoz. Jednou z klientek je i pan\u00ed M\u00e1ria. V Unice se nau\u010dila t\u0159eba pracovat s po\u010d\u00edta\u010dem.<\/p>\n<p>Klienti soci\u00e1ln\u00ed rehabilitace se zdokonaluj\u00ed i v z\u00e1kladn\u00edch dovednostech jako kr\u00e1jen\u00ed ovoce nebo p\u0159\u00edprava j\u00eddla. U\u010d\u00ed je to 5 zam\u011bstnanc\u016f. Soci\u00e1ln\u00ed slu\u017ebu, kter\u00e1 se o zrakov\u011b handicapovan\u00e9 star\u00e1 jako jedin\u00e1 ve m\u011bst\u011b, vyu\u017e\u00edv\u00e1 80 lid\u00ed, 50 je z Karvin\u00e9. Z\u00e1nik by podle \u0159editele hrozil nejen j\u00ed, ale omezilo by to i 2 navazuj\u00edc\u00ed slu\u017eby.<\/p>\n<p>David JEL\u00cdNEK, \u0159editel o. p. s. UnikaCentrum:My m\u00e1me informace, \u017ee n\u00e1m byla navr\u017eena dotace ve v\u00fd\u0161i 48 tis\u00edc korun.<\/p>\n<p>To je o 62 procent ni\u017e\u0161\u00ed ne\u017e loni. P\u0159\u00edsp\u011bvek je p\u0159itom podm\u00ednkou pro zisk hlavn\u00edho zdroje financov\u00e1n\u00ed pen\u011bz od ministerstva, kter\u00e9 p\u0159id\u011bluje kraj. Ty ro\u010dn\u011b d\u011blaj\u00ed okolo milionu 400 tis\u00edc.<\/p>\n<p>\u0160\u00e1rka SWIDEROV\u00c1, mluv\u010d\u00ed Karvin\u00e9:V leto\u0161n\u00edm roce po\u017e\u00e1dalo celkem 64 organizac\u00ed o 14,5 milionu korun. Zastupitelstvo sm\u00ed rozd\u011blit jenom 4 miliony korun, to znamen\u00e1, kr\u00e1cen\u00ed se dotklo naprosto v\u0161ech subjekt\u016f.<\/p>\n<p>T\u0159eba i n\u00edzkoprahov\u00e9ho Klubu ON LINE, kde Slezsk\u00e1 diakonie zaji\u0161\u0165uje program pro ml\u00e1de\u017e. M\u00e1 p\u0159ij\u00edt o 71 procent lo\u0148sk\u00e9 \u010d\u00e1stky. Diakonie v\u011b\u0159\u00ed, \u017ee pot\u0159ebnou \u010d\u00e1stku nakonec z\u00edsk\u00e1. Jinak by musela v\u00edc \u0161et\u0159it. Podle mluv\u010d\u00ed kraje se ned\u00e1 p\u0159edj\u00edmat v\u00fdvoj dotac\u00ed v n\u00e1vaznosti na p\u0159\u00edsp\u011bvky m\u011bsta. T\u0159eba proto, \u017ee se m\u016f\u017ee m\u011bnit celkov\u00e1 \u010d\u00e1stka ur\u010den\u00e1 pro soci\u00e1ln\u00ed oblast.<\/p>\n<p>Petra \u0160PORNOV\u00c1, mluv\u010d\u00ed Moravskoslezsk\u00e9ho kraje:Obecn\u011b plat\u00ed, \u017ee finan\u010dn\u00ed podpora z \u00fazem\u00ed ur\u010dit\u00fdm zp\u016fsobem vypov\u00edd\u00e1 o vn\u00edm\u00e1n\u00ed pot\u0159ebnosti t\u00e9 slu\u017eby.<\/p>\n<p>Na podporu soci\u00e1ln\u00edch slu\u017eeb ministerstvo do kraje rok od roku pos\u00edl\u00e1 v\u00edc pen\u011bz. Sm\u011b\u0159uj\u00ed 195 organizac\u00edm. Kolik rozd\u011bl\u00ed Karvin\u00e1, o tom zastupitel\u00e9 rozhodnou 30. dubna.<\/p>\n<p> \u010cesk\u00e1 televize<\/p>\n","protected":false},"excerpt":{"rendered":"<div class=\"mh-excerpt\"><p>Budoucnost jedn\u00e9 ze soci\u00e1ln\u00edch slu\u017eeb karvinsk\u00e9 organizace UnikaCentrum, kter\u00e1 se jako jedin\u00e1 ve m\u011bst\u011b star\u00e1 o lidi se zrakov\u00fdm handicapem, je podle jej\u00edho veden\u00ed nejist\u00e1. <a class=\"mh-excerpt-more\" href=\"https:\/\/www.invarena.cz\/?p=21109\" title=\"Na slu\u017ebu pro zrakov\u011b handicapovan\u00e9 se dotace sn\u00ed\u017e\u00ed\">[&#8230;]<\/a><\/p>\n<\/div>","protected":false},"author":1,"featured_media":14577,"comment_status":"open","ping_status":"closed","sticky":false,"template":"","format":"standard","meta":{"footnotes":""},"categories":[9],"tags":[],"class_list":["post-21109","post","type-post","status-publish","format-standard","has-post-thumbnail","hentry","category-zpravy"],"_links":{"self":[{"href":"https:\/\/www.invarena.cz\/index.php?rest_route=\/wp\/v2\/posts\/21109","targetHints":{"allow":["GET"]}}],"collection":[{"href":"https:\/\/www.invarena.cz\/index.php?rest_route=\/wp\/v2\/posts"}],"about":[{"href":"https:\/\/www.invarena.cz\/index.php?rest_route=\/wp\/v2\/types\/post"}],"author":[{"embeddable":true,"href":"https:\/\/www.invarena.cz\/index.php?rest_route=\/wp\/v2\/users\/1"}],"replies":[{"embeddable":true,"href":"https:\/\/www.invarena.cz\/index.php?rest_route=%2Fwp%2Fv2%2Fcomments&post=21109"}],"version-history":[{"count":0,"href":"https:\/\/www.invarena.cz\/index.php?rest_route=\/wp\/v2\/posts\/21109\/revisions"}],"wp:featuredmedia":[{"embeddable":true,"href":"https:\/\/www.invarena.cz\/index.php?rest_route=\/wp\/v2\/media\/14577"}],"wp:attachment":[{"href":"https:\/\/www.invarena.cz\/index.php?rest_route=%2Fwp%2Fv2%2Fmedia&parent=21109"}],"wp:term":[{"taxonomy":"category","embeddable":true,"href":"https:\/\/www.invarena.cz\/index.php?rest_route=%2Fwp%2Fv2%2Fcategories&post=21109"},{"taxonomy":"post_tag","embeddable":true,"href":"https:\/\/www.invarena.cz\/index.php?rest_route=%2Fwp%2Fv2%2Ftags&post=21109"}],"curies":[{"name":"wp","href":"https:\/\/api.w.org\/{rel}","templated":true}]}}