{"id":21110,"date":"2015-04-30T13:20:15","date_gmt":"2015-04-30T11:20:15","guid":{"rendered":"http:\/\/www.invarena.cz\/?p=21110"},"modified":"2015-04-30T13:28:53","modified_gmt":"2015-04-30T11:28:53","slug":"jak-poznat-spolehlivou-neziskovou-organizaci","status":"publish","type":"post","link":"https:\/\/www.invarena.cz\/?p=21110","title":{"rendered":"Jak poznat spolehlivou neziskovou organizaci"},"content":{"rendered":"<p><strong>M\u00e1 v\u016fbec smysl podporovat neziskov\u00e9 organizace? Jak pozn\u00e1m, kter\u00e1 je poctiv\u00e1 a kde naopak by ty pen\u00edze mohly padnout n\u011bkam vnive\u010d? O tom \u010cRo &#8211; Regina mluvil s Markem \u0160ediv\u00fdm z Asociace ve\u0159ejn\u011b prosp\u011b\u0161n\u00fdch organizac\u00ed a s Petrou M\u017eourkovou ze spole\u010dnosti Ran\u00e1 p\u00e9\u010de Eda.<\/strong><!--more--><\/p>\n<p>\t<strong>\u010cRo &#8211; Regina<\/strong><em><\/p>\n<p>:<br \/>\n..za\u010d\u00edn\u00e1 T\u0159in\u00e1ctka plus. Budeme mluvit o tom, jestli m\u00e1 v\u016fbec smysl podporovat neziskov\u00e9 organizace, proto\u017ee mnoz\u00ed z n\u00e1s maj\u00ed takov\u00e9 obavy, tak n\u011bkam d\u00e1m pen\u00edze, ale co s t\u011bmi pen\u011bzi d\u00e1le bude? Je to v\u016fbec ta spr\u00e1vn\u00e1 organizace? Nepou\u017eije je na n\u011bco jin\u00e9ho, ne\u017e na co bych j\u00e1 cht\u011bl? Jak tedy vybrat tu spr\u00e1vnou neziskovku? <\/p>\n<p>:<br \/>\nMarku, vy jste za\u010dali ud\u011blovat zna\u010dku spolehlivosti a podle toho se tedy m\u00e1 pr\u00e1v\u011b poznat, kter\u00e1 ta neziskovka je ta spr\u00e1vn\u00e1 a kter\u00e9 tedy m\u016f\u017eeme bez obav d\u00e1t n\u011bjak\u00fd dar. Za\u010dnu \u00fapln\u011b, jak takov\u00e1, t\u00edmto, jak takov\u00e1 zna\u010dka spolehlivosti vypad\u00e1?<\/p>\n<p>Marek \u0160EDIV\u00dd, \u0159editel Asociace ve\u0159ejn\u011b prosp\u011b\u0161n\u00fdch organizac\u00ed:<br \/>\nNo, ona je to zna\u010dka spolehlivosti, ale taky je to ozna\u010den\u00ed spolehliv\u00e1 ve\u0159ejn\u011b prosp\u011b\u0161n\u00e1 organizace, a to je pr\u00e1v\u011b ten n\u00e1zev t\u00e9 zna\u010dky a my ji m\u00e1me hranatou, tak\u017ee nen\u00ed to takov\u00e1 ta kulat\u00e1 pe\u010de\u0165, ale je to hranat\u00e1 zna\u010dka, tak\u017ee obd\u00e9ln\u00ed\u010dek, kter\u00fd je \u017elut\u00fd. Takov\u00fd, kdy\u017e si mo\u017en\u00e1 vzpomenete, jak vypad\u00e1 znak radioaktivity, \u010derno\u017elut\u00fd, tak podobn\u00e1 kombinace barev a \u017elut\u00fd obd\u00e9ln\u00ed\u010dek a v n\u011bm je naps\u00e1no Spolehliv\u00e1 ve\u0159ejn\u011b prosp\u011b\u0161n\u00e1 organizace a m\u00e1 to takov\u00fd jako h\u00e1\u010dek, od\u0161krt\u00e1v\u00e1tko, Jako, kdy\u017e si od\u0161krtnete, \u017ee je spolehliv\u00e1<\/p>\n<p>:<br \/>\nA ty neziskovky si to d\u00e1vaj\u00ed n\u011bkam na webov\u00e9 str\u00e1nky, aby lid\u00e9 v\u011bd\u011bli <\/p>\n<p>\u0160EDIV\u00dd, :<br \/>\nAno. My na to m\u00e1me samoz\u0159ejm\u011b manu\u00e1l, kde se v\u0161ecko jako pop\u00ed\u0161e, kde ta neziskov\u00e1 organizace to m\u016f\u017ee pou\u017e\u00edvat, ale klasicky se to pou\u017e\u00edv\u00e1 na materi\u00e1lech, na webov\u00fdch str\u00e1nk\u00e1ch, m\u016f\u017eou to m\u00edt vlastn\u011b na prezenta\u010dn\u00edch akc\u00edch, kdekoliv to pot\u0159ebuj\u00ed pou\u017e\u00edt.<\/p>\n<p>:<br \/>\nA podle jak\u00fdch krit\u00e9ri\u00ed organizace dostane tuto zna\u010dku spolehlivosti?<\/p>\n<p>Marek \u0160EDIV\u00dd,:<br \/>\nobecn\u011b, m\u00e1me asi 5 oblast\u00ed, kter\u00e9 se v r\u00e1mci t\u00e9 zna\u010dky posuzuj\u00ed. Nen\u00ed to audit finan\u010dn\u00ed. Ten audit finan\u010dn\u00ed je vstupn\u00ed podm\u00ednkou. Ta organizace mus\u00ed fungovat 2 roky, mus\u00ed m\u00edt alespo\u0148 10 % od soukrom\u00fdch d\u00e1rc\u016f. Tady mo\u017en\u00e1 chci \u0159\u00edct, \u017ee ta zna\u010dka m\u00e1 smysl pro organizace, kter\u00e9 vyu\u017e\u00edvaj\u00ed pen\u00edze od soukrom\u00fdch d\u00e1rc\u016f a od firem. To znamen\u00e1, ne ve\u0159ejn\u00e9 pen\u00edze z projekt\u016f, ale pot\u0159ebuj\u00ed dok\u00e1zat lidem, \u017ee se nemus\u00ed b\u00e1t, aby tam ty pen\u00edze dali, proto\u017ee \u010dasto &#8230; My jsme to vlastn\u011b vytvo\u0159ili proto, proto\u017ee jsme, kdy\u017e jsme za\u0161li t\u0159eba n\u011bkdy do restaurace nebo kdy\u017e \u0159eknu do hospody a tam sed\u00ed lid\u00e9, kte\u0159\u00ed \u0159eknou &#8211; j\u00e1 bych jako dal neziskovce pen\u00edze, proto\u017ee t\u00edm, \u017ee to je pot\u0159eba, ale nem\u00e1m jistotu, \u017ee to &#8230;, aby to n\u011bjak nepou\u017eili jinak nebo &#8230;, a tak d\u00e1l.<\/p>\n<p>:<br \/>\nAno, to sly\u0161\u00edm tak\u00e9 \u010dasto a mus\u00edm \u0159\u00edct, \u017ee i j\u00e1 sama takto p\u0159em\u00fd\u0161l\u00edm.<\/p>\n<p>Marek \u0160EDIV\u00dd, :<br \/>\nTak\u017ee tam jsme se sna\u017eili vlastn\u011b, aby ta organizace neziskov\u00e1 m\u011bla n\u011bjakou kontrolu nebo hodnocen\u00ed zvenku nez\u00e1visl\u00e9 a mohla o sob\u011b \u0159\u00edct, zvenku se na n\u00e1s pod\u00edvali, m\u00e1me zna\u010dku.<\/p>\n<p>:<br \/>\nTo je jedno z t\u011bch krit\u00e9ri\u00ed. A dal\u0161\u00ed?<\/p>\n<p>Marek \u0160EDIV\u00dd, :<br \/>\nTak\u017ee ty krit\u00e9ria jsou spr\u00e1va organizace, jak tam funguje spr\u00e1vn\u00ed rada, jak funguje \u0159editel, jak je to cel\u00e9 \u0159\u00edzeno, jak funguj\u00ed i jednotliv\u00e9 procesy, te\u010f nev\u00edm, jestli nejsem pro poslucha\u010de u\u017e moc odborn\u00fd, ale to, jak je ta organizace \u0159\u00edzena, se d\u00e1 \u0159\u00edct. Jak se tam pr\u00e1v\u011b sh\u00e1n\u011bj\u00ed pen\u00edze, jestli to je etick\u00e9 nebo, jak je v\u0161ecko nastaveno, aby d\u00e1rci dostali pod\u011bkov\u00e1n\u00ed, aby d\u00e1rci dostali doklad o tom, \u017ee pen\u00edze dali. Kdy\u017e n\u011bco daj\u00ed, aby si to mohli t\u0159eba ode\u010d\u00edst z dan\u00ed a tak d\u00e1l. Transparentnost t\u00e9 organizace, jak o sob\u011b d\u00e1v\u00e1 v\u011bd\u011bt v\u0161e navenek, jak prezentuje svoje d\u00e1rce, v\u0161echny pen\u00edze, jak se pou\u017eijou, tak\u017ee t\u011bch oblast\u00ed je opravdu v\u00edc, public relations, tak, jak komunikuje navenek, co o sob\u011b \u0159\u00edk\u00e1 a p\u0159edev\u0161\u00edm se hodnot\u00ed to, aby v\u0161ecko, co d\u011bl\u00e1, tak, aby opravdu souviselo s tou \u010dinnost\u00ed, kterou o sob\u011b \u0159\u00edk\u00e1, \u017ee d\u011bl\u00e1.<\/p>\n<p>:<br \/>\nZna\u010dku spolehlivosti dostala i spole\u010dnost Ran\u00e1 p\u00e9\u010de Eda. Pros\u00edm p\u0159edstavte v kr\u00e1tkosti Ranou p\u00e9\u010di Eda? Co si pod t\u00edm m\u016f\u017eeme p\u0159edstavit? <\/p>\n<p>Petra M\u017dOURKOV\u00c1, \u0159editelka, spole\u010dnost Ran\u00e1 p\u00e9\u010de Eda:<br \/>\nEda je jm\u00e9no na\u0161eho pan\u00e1\u010dka, kter\u00e9ho m\u00e1me v logu, a organizace poskytuje podporu a pomoc rodin\u00e1m, kde se narod\u00ed nebo vyr\u016fst\u00e1 d\u00edt\u011b se zrakov\u00fdm nebo kombinovan\u00fdm posti\u017een\u00edm od narozen\u00ed do 7 let v\u011bku, a to prost\u0159ednictv\u00edm ter\u00e9nn\u00edch slu\u017eeb. To znamen\u00e1, \u017ee na\u0161i odborn\u00edci pracovn\u00edci jezd\u00ed za rodinami p\u0159\u00edmo k nim dom\u016f, a tam jim poskytuj\u00ed podporu v oblasti v\u00fdvoje d\u00edt\u011bte, ale i podporu rodiny, proto\u017ee v moment\u011b, kdy se v\u00e1m narod\u00ed d\u00edt\u011b s posti\u017een\u00edm, tak se rodi\u010de ocitaj\u00ed v t\u011b\u017ek\u00e9 \u017eivotn\u00ed situaci, kterou pot\u0159ebuj\u00ed \u0159e\u0161it.<\/p>\n<p>:<br \/>\nZa co jste zna\u010dku spolehlivosti dostali?<\/p>\n<p>Petra M\u017dOURKOV\u00c1,<br \/>\nTak j\u00e1 douf\u00e1m, \u017ee za to, \u017ee jsme dostate\u010dn\u011b spolehliv\u00ed, ale my jsme, domn\u00edv\u00e1m se, zdrav\u00e1 a progresivn\u00ed neziskovka a chceme z\u00edskat vy\u0161\u0161\u00ed d\u016fv\u011bryhodnost u d\u00e1rc\u016f a p\u0159edev\u0161\u00edm u soukrom\u00fdch d\u00e1rc\u016f a firemn\u00edch d\u00e1rc\u016f, tak\u017ee pracujeme tak, abychom opravdu byli transparentn\u00ed a abychom byli ve\u0159ejn\u011b prosp\u011b\u0161n\u00ed a spolehliv\u00ed.<\/p>\n<p>:<br \/>\nA znamen\u00e1 to tedy, \u017ee n\u00e1s te\u010fka t\u0159eba n\u011bkdo poslouch\u00e1 a \u0159ekne si &#8211; no, tak to je sympatick\u00e1 neziskovka ta Ran\u00e1 p\u00e9\u010de Eda, tak j\u00e1 bych jim t\u0159eba dal n\u011bjak\u00fd finan\u010dn\u00ed p\u0159\u00edsp\u011bvek. Takhle to funguje? A tak v\u00e1m zavol\u00e1 a t\u0159eba si zjist\u00ed va\u0161e \u010d\u00edslo \u00fa\u010dtu a po\u0161le v\u00e1m n\u011bjak\u00fd p\u0159\u00edsp\u011bvek, takhle to funguje v praxi?<\/p>\n<p>Petra M\u017dOURKOV\u00c1,<br \/>\nV praxi je to mnohem slo\u017eit\u011bj\u0161\u00ed. V na\u0161em t\u00fdmu pracuje fundraiser, kter\u00fd vlastn\u011b z\u00edsk\u00e1v\u00e1 finan\u010dn\u00ed prost\u0159edky a m\u00e1me r\u016fzn\u00e9 kampan\u011b od t\u0159eba DMS po nejr\u016fzn\u011bj\u0161\u00ed akce spole\u010densk\u00e9 a ve\u0159ejn\u00e9, kde vlastn\u011b se sna\u017e\u00edme z\u00edskat d\u00e1rce. Douf\u00e1me, \u017ee t\u00edm, \u017ee m\u00e1me zna\u010dku spolehlivosti, \u017ee to bude je\u0161t\u011b lep\u0161\u00ed, \u017ee kdy\u017e si n\u00e1s n\u011bkde najdou, t\u0159eba na webov\u00fdch str\u00e1nk\u00e1ch eda.cz, tak\u017ee si o n\u00e1s v\u0161echno p\u0159e\u010dtou a t\u00edm, \u017ee tam bude pr\u00e1v\u011b ten \u017elut\u00fd obd\u00e9ln\u00ed\u010dek, tak\u017ee si \u0159eknou &#8211; jo, dobr\u00fd, tak m\u016f\u017eu to zkusit, p\u0159e\u010dtou si v\u00fdro\u010dn\u00ed zpr\u00e1vu, pod\u00edvaj\u00ed se na na\u0161e obr\u00e1zky, mo\u017en\u00e1 p\u0159ijdou na n\u00e1v\u0161t\u011bvu, v\u0161ichni jsou srde\u010dn\u011b v\u00edt\u00e1ni a douf\u00e1me, \u017ee tak z\u00edsk\u00e1me d\u00e1rce dal\u0161\u00ed.<\/p>\n<p>Marek \u0160EDIV\u00dd,<br \/>\nJ\u00e1 tady do toho sko\u010d\u00edm. I to, \u017ee n\u011bkdo zavol\u00e1, tak n\u00e1m se to, teda n\u00e1m osobn\u011b \u00fapln\u011b ne, ale v\u00edm, \u017ee kolegov\u00e9 v jin\u00fdch neziskov\u00fdch tohle za\u017eili, a dokonce to byly dary t\u0159eba ve v\u00fd\u0161i 200 tis\u00edc korun. Je to teda, nen\u00ed to ka\u017ed\u00fd den, to mus\u00edm \u0159\u00edct.<\/p>\n<p>:<br \/>\nTo je hezk\u00e9, te\u010f jsem m\u00e1lem zapomn\u011bla ot\u00e1zku, ale u\u017e jsem si vzpomn\u011bla. Je\u0161t\u011b dopln\u00edm po Markovi, je\u0161t\u011b se vr\u00e1t\u00edm k Pet\u0159e. Petro, jak dlouho trval ten proces, ne\u017e jste od Marka \u0160ediv\u00e9ho dostali zna\u010dku spolehlivosti?<\/p>\n<p>Petra M\u017dOURKOV\u00c1,:<br \/>\nTak byl to docela dlouh\u00fd proces. Nejd\u0159\u00edve jsme se vlastn\u011b museli rozhodnout spole\u010dn\u011b se spr\u00e1vnou radou, jestli do toho procesu vstoup\u00edme. A potom, co jsme se rozhodli, tak jsme se p\u0159ihl\u00e1sili a i p\u0159esto, \u017ee si mysl\u00edm, \u017ee na\u0161e procesy u n\u00e1s v organizaci jsou zdrav\u00e9 a funguj\u00ed, tak jsme se na to p\u0159ipravovali a bylo to \u0159\u00e1dov\u011b n\u011bkolik, t\u0159eba 5 pracovn\u00edch dn\u00ed, kter\u00e9 jsme tomu jako t\u00fdm v\u011bnovali, abychom v\u0161echny podklady vlastn\u011b pro to hodnocen\u00ed dodali spr\u00e1vn\u011b a v\u010das.<\/p>\n<p>:<br \/>\nMarku, m\u016f\u017eete n\u00e1m \u0159\u00edct webov\u00e9 str\u00e1nky, na kter\u00fdch z\u00edsk\u00e1me informace o zna\u010dce spolehlivosti a i t\u0159eba ty organizace, kter\u00fdm u\u017e jste tu zna\u010dku dali?<\/p>\n<p>Marek \u0160EDIV\u00dd, :<br \/>\nDr\u017eitel\u00e9 jsou vlastn\u011b hned na tom, dr\u017eitel\u00e9 jsou hned prvn\u00ed ok\u00e9nko, kter\u00e9 tam je, to je samoz\u0159ejm\u011b to nejd\u016fle\u017eit\u011bj\u0161\u00ed. Je jich te\u010fko 12 u\u017e m\u00e1me a ty str\u00e1nky jsou www.znackaspolehlivosti.cz. Tak\u017ee je to vlastn\u011b celkem jednoduch\u00e9. J\u00e1 jenom k tomu chci \u0159\u00edct, tu zna\u010dku neud\u011bluju j\u00e1, \u0160t\u011bp\u00e1nka to tak uvedla, ale tam m\u00e1me nez\u00e1vislou radu 10 odborn\u00edk\u016f a opravdu jako organizace na to my nem\u00e1me vliv. Ta rada je ti, kte\u0159\u00ed &#8230;, m\u00e1me hodnotitele, kte\u0159\u00ed p\u0159iprav\u00ed hodnocen\u00ed, ale pak a\u017e rada rozhoduje, jestli ta organizace opravdu si tu zna\u010dku zaslou\u017e\u00ed. Tak\u017ee je to rada.<\/p>\n<p>A m\u011b by te\u010f zaj\u00edmalo, Petro M\u017eourkov\u00e1, v\u017edy\u0165 pro v\u00e1s to je ale velk\u00fd z\u00e1vazek, \u017ee jste tu zna\u010dku dostali. Vy te\u010f mus\u00edte udr\u017eet kvalitu, anebo j\u00edt je\u0161t\u011b v\u00fd\u0161.<\/p>\n<p>Petra M\u017dOURKOV\u00c1,:<br \/>\nToho jsme si samoz\u0159ejm\u011b v\u011bdomi. \u010cek\u00e1 n\u00e1s pr\u00e1ce \u0159ekla bych standardn\u00ed, kterou d\u011bl\u00e1me po cel\u00e1 l\u00e9ta, nicm\u00e9n\u011b se budeme zam\u011b\u0159ovat na to, abysme byli transparentn\u00ed, aby na\u0161e v\u00fdro\u010dn\u00ed zpr\u00e1va pod\u00e1vala informace, kter\u00e9 opravdu m\u00e1 a abychom byli \u010d\u00edm d\u00e1l t\u00edm v\u00edce d\u016fv\u011bryhodn\u011bj\u0161\u00ed pro na\u0161e d\u00e1rce.<\/p>\n<p>:<br \/>\nA kde se na v\u00e1s mohou p\u0159ij\u00edt p\u0159\u00edpadn\u00ed d\u00e1rci pod\u00edvat?<\/p>\n<p>Petra M\u017dOURKOV\u00c1,<br \/>\nTak jeliko\u017e my jsme velmi \u010dasto v ter\u00e9nu, tak prvn\u00ed p\u0159\u00edle\u017eitost, kter\u00e1 bude, je u p\u0159\u00edle\u017eitosti 25let\u00e9ho v\u00fdro\u010d\u00ed profesion\u00e1ln\u00ed slu\u017eby Ran\u00e1 p\u00e9\u010de. Bude to ve Stromovce u \u0160lechtovy restaurace 31. kv\u011btna v ned\u011bli ji\u017e od 11 hodin. Tam vlastn\u011b budeme oslavovat Dnem pro Ranou p\u00e9\u010di a cel\u00fd ten den se ponese mottem M\u00e1\u0161 odvahu p\u0159ij\u00edt a rodi\u010de i d\u011bti si tam budou moct vyzkou\u0161et r\u016fzn\u00e9 aktivity, jak to je m\u00edt t\u0159eba posti\u017een\u00ed nebo jak\u00e9 to je nevid\u011bt, chodit s b\u00edlou h\u016flkou a tak.<\/p>\n<p>:<br \/>\nTak je\u0161t\u011b jednou 31. kv\u011btna ve Stromovce u \u0160lechtovky, tam se to bude odehr\u00e1vat. A kdy\u017e by se cht\u011bl n\u011bkdo pod\u00edvat na webov\u00e9 str\u00e1nky, tak jak\u00e9 m\u00e1 naj\u00edt?<\/p>\n<p>Petra M\u017dOURKOV\u00c1,:<br \/>\nPod\u00edvejte se na www.roksedou.com.<\/p>\n<p>:<br \/>\nTam bude program?<\/p>\n<p>M\u017dOURKOV\u00c1:<br \/>\nAno, tam budou v\u0161echny informace.<\/p>\n<p>:<br \/>\nA je\u0161t\u011b se vr\u00e1t\u00edm k Marku \u0160ediv\u00e9mu a k t\u00e9 zna\u010dce neziskovky, zna\u010dce spolehlivosti pro neziskovky. Marku, j\u00e1 jsem tro\u0161ku zam\u00ed\u0159ila do zahrani\u010d\u00ed a nap\u0159\u00edklad jsem zjistila, \u017ee ve v\u011bt\u0161in\u011b st\u00e1t\u016f neziskovky za zna\u010dku plat\u00ed, nehrad\u00ed si ji jen ve \u0160pan\u011blsku, tam na ni p\u0159isp\u00edvaj\u00ed firemn\u00ed d\u00e1rci. Jak tomu m\u00e1m rozum\u011bt? Jak je to tedy u n\u00e1s?<\/p>\n<p>Marek \u0160EDIV\u00dd,:<br \/>\nNo, tak u n\u00e1s je to, my prakticky za\u010d\u00edn\u00e1me. Vy jste \u0159\u00edkala, \u017ee t\u011bch organizac\u00ed je 12. My jsme 3 roky pracovali vlastn\u011b na tom tu zna\u010dku zpracovat pro \u010ceskou republiku, ov\u011b\u0159it to pilotn\u00edmi ov\u011b\u0159en\u00edmi, co\u017e je pr\u00e1v\u011b i to, \u017ee Eda je vlastn\u011b, Eda ran\u00e1 p\u00e9\u010de je organizace, kter\u00e1 v tom pilotu byla, tak\u017ee to bylo v r\u00e1mci evropsk\u00e9ho projektu z opera\u010dn\u00edho programu Lidsk\u00e9 zdroje a zam\u011bstnanost. A te\u010f n\u00e1m to v \u010dervnu kon\u010d\u00ed a vlastn\u011b zna\u010dka p\u016fjde na otev\u0159en\u00fd trh, tak\u017ee s t\u00edm se samoz\u0159ejm\u011b, s t\u00edm se poj\u00ed i n\u00e1klady na tu zna\u010dku, proto\u017ee dote\u010fka to bylo v r\u00e1mci projektu. Te\u010f to m\u00e1me napl\u00e1nov\u00e1no tak, \u017ee \u010d\u00e1st si bude platit neziskov\u00e1 organizace a \u010d\u00e1st se budeme sna\u017eit naj\u00edt u d\u00e1rc\u016f, kter\u00fdm se tenhle projekt bude l\u00edbit, aby to neziskovky m\u011bly co nejlevn\u011bj\u0161\u00ed, \u0159eknu to, jak to je. \u0160pan\u011bl\u00e9 to maj\u00ed napl\u00e1nov\u00e1no tak, \u017ee maj\u00ed fond, kter\u00fd tvo\u0159\u00ed firmy, a ty firmy prakticky neziskovk\u00e1m toto hodnocen\u00ed plat\u00ed.<\/p>\n<p>:<br \/>\nTo je lep\u0161\u00ed, ne?<\/p>\n<p>Marek \u0160EDIV\u00dd,:<br \/>\nTo je lep\u0161\u00ed, ale zase na druhou stranu v \u010cesk\u00e9 republice se n\u00e1m ov\u011b\u0159ilo to, \u017ee je lep\u0161\u00ed, kdy\u017e je ta spolu\u00fa\u010dast. \u010ce\u0161i si zvyknou, \u017ee kdy\u017e je to zadarmo, tak tomu ned\u00e1vaj\u00ed takovou hodnotu, tak\u017ee my chceme, aby ty organizace opravdu vn\u00edmaly i tu hodnotu. Petra vlastn\u011b o tom mluvila, v ka\u017ed\u00e9 t\u00e9 zpr\u00e1v\u011b ta neziskovka dostane p\u0159i tom hodnocen\u00ed doporu\u010den\u00ed, na \u010dem by m\u011bla ty dal\u0161\u00ed 3 roky pracovat, a t\u00edm se i dost\u00e1v\u00e1m k tomu, \u017ee u n\u00e1s ta frekvence hodnocen\u00ed je ka\u017edoro\u010dn\u00ed, ale jednou za 3 roky je to hloubkov\u00e9 hodnocen\u00ed, a pak se 2 roky hodnot\u00ed v\u017edycky jenom ty z\u00e1kladn\u00ed v\u011bci, jestli se spl\u0148uj\u00ed ty z\u00e1kladn\u00ed krit\u00e9ria a pak t\u0159et\u00ed rok jde zase znova do hloubkov\u00e9ho hodnocen\u00ed. Jestli v\u00e1s zaj\u00edmaj\u00ed finance, mysl\u00edm, \u017ee poslucha\u010de ur\u010dit\u011b budou, tak my to napl\u00e1nov\u00e1no tak, \u017ee ta zna\u010dka stoj\u00ed, to prvn\u00ed hodnocen\u00ed 17 tis\u00edc, jinak ta hodnota t\u00e9 zna\u010dky n\u011bco kolem 40 a\u017e 50 tis\u00edc, tak\u017ee tam douf\u00e1me, \u017ee se\u017eeneme dostatek finan\u010dn\u00ed podpory od t\u0159eba firem, kter\u00fdm se to bude l\u00edbit a kter\u00fd budou cht\u00edt pomoct.<\/p>\n<p>:<br \/>\nA j\u00e1 z\u016fstanu v tom zahrani\u010d\u00ed. Te\u010f nap\u0159\u00edklad ve \u0160v\u00fdcarsku, tam se to hodnocen\u00ed pro potvrzen\u00ed ozna\u010den\u00ed obnovuje ka\u017ed\u00fdch 5 let. Jak je to u n\u00e1s?<\/p>\n<p>Marek \u0160EDIV\u00dd, :<br \/>\nMy to m\u00e1me po t\u011bch 3 letech, to znamen\u00e1, my tu frekvenci m\u00e1me \u010dast\u011bj\u0161\u00ed. Mimochodem \u0160v\u00fdcarsko bylo prvn\u00ed zem\u00ed, kde jsme se byli pod\u00edvat, a my jsme se dokonce dostali a povedlo se n\u00e1m dostat do asociace, kter\u00e1 sdru\u017euje 15 zem\u00ed po cel\u00e9m sv\u011bt\u011b, kde jsou sdru\u017eeny organizace, kter\u00e9 takov\u00e9 hodnocen\u00ed d\u011blaj\u00ed i v zahrani\u010d\u00ed. Tak\u017ee \u010cesk\u00e1 republika prost\u0159ednictv\u00edm n\u00e1s je tam taky zastoupena a my jsme za to byli velmi r\u00e1di. Ono to nen\u00ed \u00fapln\u011b jednoduch\u00e9 se do takov\u00e9hle asociace dostat a pr\u00e1v\u011b tu zna\u010dku m\u00e1me tak jako sm\u011brovanou tak, \u017ee ta asociace zad\u00e1v\u00e1 ur\u010dit\u00e9 mantinely, kter\u00e9 spl\u0148ujeme, a pak pro \u010ceskou republiku se tvo\u0159ila zna\u010dka speci\u00e1ln\u011b pro n\u00e1s, proto\u017ee ka\u017ed\u00e1 ta zem\u011b m\u00e1 jin\u00e9 podm\u00ednky, proto jsou i ty ceny jin\u00e9. T\u0159eba N\u011bmecko, tam se plat\u00ed ta zna\u010dka, tam si ji plat\u00ed neziskovky celou, tam nikdo nep\u0159isp\u00edv\u00e1 a ta cena je od 1200 euro a\u017e do 5000 euro za to hodnocen\u00ed.<\/p>\n<p><strong>D\u00edky moc. Na shledanou.<\/strong><\/p>\n","protected":false},"excerpt":{"rendered":"<div class=\"mh-excerpt\"><p>M\u00e1 v\u016fbec smysl podporovat neziskov\u00e9 organizace? Jak pozn\u00e1m, kter\u00e1 je poctiv\u00e1 a kde naopak by ty pen\u00edze mohly padnout n\u011bkam vnive\u010d? O tom \u010cRo &#8211; <a class=\"mh-excerpt-more\" href=\"https:\/\/www.invarena.cz\/?p=21110\" title=\"Jak poznat spolehlivou neziskovou organizaci\">[&#8230;]<\/a><\/p>\n<\/div>","protected":false},"author":1,"featured_media":21115,"comment_status":"open","ping_status":"closed","sticky":false,"template":"","format":"standard","meta":{"footnotes":""},"categories":[12],"tags":[],"class_list":["post-21110","post","type-post","status-publish","format-standard","has-post-thumbnail","hentry","category-rozhovory"],"_links":{"self":[{"href":"https:\/\/www.invarena.cz\/index.php?rest_route=\/wp\/v2\/posts\/21110","targetHints":{"allow":["GET"]}}],"collection":[{"href":"https:\/\/www.invarena.cz\/index.php?rest_route=\/wp\/v2\/posts"}],"about":[{"href":"https:\/\/www.invarena.cz\/index.php?rest_route=\/wp\/v2\/types\/post"}],"author":[{"embeddable":true,"href":"https:\/\/www.invarena.cz\/index.php?rest_route=\/wp\/v2\/users\/1"}],"replies":[{"embeddable":true,"href":"https:\/\/www.invarena.cz\/index.php?rest_route=%2Fwp%2Fv2%2Fcomments&post=21110"}],"version-history":[{"count":0,"href":"https:\/\/www.invarena.cz\/index.php?rest_route=\/wp\/v2\/posts\/21110\/revisions"}],"wp:featuredmedia":[{"embeddable":true,"href":"https:\/\/www.invarena.cz\/index.php?rest_route=\/wp\/v2\/media\/21115"}],"wp:attachment":[{"href":"https:\/\/www.invarena.cz\/index.php?rest_route=%2Fwp%2Fv2%2Fmedia&parent=21110"}],"wp:term":[{"taxonomy":"category","embeddable":true,"href":"https:\/\/www.invarena.cz\/index.php?rest_route=%2Fwp%2Fv2%2Fcategories&post=21110"},{"taxonomy":"post_tag","embeddable":true,"href":"https:\/\/www.invarena.cz\/index.php?rest_route=%2Fwp%2Fv2%2Ftags&post=21110"}],"curies":[{"name":"wp","href":"https:\/\/api.w.org\/{rel}","templated":true}]}}