{"id":21117,"date":"2015-04-30T12:40:42","date_gmt":"2015-04-30T10:40:42","guid":{"rendered":"http:\/\/www.invarena.cz\/?p=21117"},"modified":"2015-04-30T13:19:33","modified_gmt":"2015-04-30T11:19:33","slug":"nadacni-fond-evy-matejkove-pomoc-zdravotnictvi-i-mestu","status":"publish","type":"post","link":"https:\/\/www.invarena.cz\/?p=21117","title":{"rendered":"Nada\u010dn\u00ed fond Evy Mat\u011bjkov\u00e9: Pomoc zdravotnictv\u00ed i m\u011bstu"},"content":{"rendered":"<p><strong>Nada\u010dn\u00ed fond Evy Mat\u011bjkov\u00e9 m\u00e1 ode dne\u0161ka svoje s\u00eddlo v budov\u011b CPI City Center a ofici\u00e1ln\u011b spustil webov\u00e9 str\u00e1nky.<\/strong><!--more--><\/p>\n<p>foto: mensatic  \/ MorgueFile<\/p>\n<p>\u00dast\u00ed nad Labem \u2013 Eva Mat\u011bjkov\u00e1 v devades\u00e1t\u00fdch letech zalo\u017eila beton\u00e1\u0159skou firmu CS-BETON Velk\u00e9 \u017dernoseky a s man\u017eelem Josefem ji vedla do roku 2007, kdy podlehla z\u00e1ke\u0159n\u00e9 chorob\u011b. Jako \u00factu man\u017eelce vytvo\u0159il loni Josef Mat\u011bjka, \u00fasteck\u00fd zastupitel a jednatel spole\u010dnosti CS-BETON, Nada\u010dn\u00ed fond Evy Mat\u011bjkov\u00e9 (NFEM).<\/p>\n<p>&#8222;S d\u011btmi, synem Markem a dcerou Petrou, jsme p\u0159i\u0161li s my\u0161lenkou zalo\u017eit nada\u010dn\u00ed fond, kter\u00fd ponese jm\u00e9no Evy. Ur\u010dit\u011b by s t\u00edm souhlasila a byla by nad\u0161en\u00e1,&#8220; je p\u0159esv\u011bd\u010den\u00fd p\u0159edseda spr\u00e1vn\u00ed rady NFEM Josef Mat\u011bjka.<\/p>\n<p>Prvn\u00edm d\u016fkazem poskytov\u00e1n\u00ed pomoci t\u011bm, kte\u0159\u00ed ji pot\u0159ebuj\u00ed, i t\u011bm, kte\u0159\u00ed nezi\u0161tn\u011b pom\u00e1haj\u00ed druh\u00fdm, bylo elektrick\u00e9 koupac\u00ed l\u016f\u017eko. Umo\u017en\u00ed d\u016fkladnou hygienu t\u011b\u017ece nemocn\u00fdm pacient\u016fm onkologick\u00e9ho odd\u011blen\u00ed Masarykovy nemocnice.<\/p>\n<p>L\u00e9ka\u0159sk\u00fd t\u00fdm \u00fasteck\u00e9 onkologie prosazuje nap\u0159\u00edklad slu\u017ebu Dom\u00e1c\u00ed hospic. Zdravotn\u00edci a dobrovoln\u00edci pom\u00e1haj\u00ed t\u011b\u017ece nemocn\u00e9mu pacientovi z\u016fstat a\u017e do posledn\u00ed chv\u00edle ve sv\u00e9m vlastn\u00edm soci\u00e1ln\u00edm prost\u0159ed\u00ed a v kruhu rodiny. Zku\u0161ebn\u00ed provoz Dom\u00e1c\u00edho hospice zah\u00e1jili v \u0159\u00edjnu 2013 v rozsahu n\u00e1v\u0161t\u011bv paliativn\u00edho l\u00e9ka\u0159e u pacient\u016f doma. K p\u0159ed\u00e1n\u00ed elektrick\u00e9ho koupac\u00edho l\u016f\u017eka onkologick\u00e9mu odd\u011blen\u00ed do\u0161lo loni v srpnu, \u010dty\u0159i m\u011bs\u00edce p\u0159ed zaps\u00e1n\u00edm NFEM do nada\u010dn\u00edho rejst\u0159\u00edku.<\/p>\n<p>Letos u\u017e nada\u010dn\u00ed fond p\u0159isp\u011bl p\u011bti tis\u00edc korunami Jaroslavu \u0160im\u00e1\u010dkovi na zvedac\u00ed toaletn\u00ed za\u0159\u00edzen\u00ed. Mu\u017e trp\u00ed posti\u017een\u00edm sval\u016f horn\u00edch a doln\u00edch kon\u010detin a je odk\u00e1zan\u00fd na invalidn\u00ed voz\u00edk a pomoc druh\u00fdch. &#8222;Na toaletu jsem schopn\u00fd dostat se s\u00e1m, ale pak u\u017e jsem odk\u00e1zan\u00fd na ciz\u00ed pomoc. Je to pro m\u011b velmi t\u011b\u017ek\u00e1 a nep\u0159\u00edjemn\u00e1 situace,&#8220; popisuje Jaroslav \u0160im\u00e1\u010dek. D\u011bkuje za ka\u017ed\u00e9 finan\u010dn\u00ed p\u0159isp\u011bn\u00ed. St\u0159\u00e1d\u00e1, aby si mohl zvedac\u00ed toaletn\u00ed za\u0159\u00edzen\u00ed, kter\u00e9 poji\u0161\u0165ovna nehrad\u00ed, koupit.<\/p>\n<p>Nejenom v oblasti zdravotnictv\u00ed chce NEFM pom\u00e1hat. Na webov\u00fdch str\u00e1nk\u00e1ch jsou t\u0159i druhy formul\u00e1\u0159\u016f, prost\u0159ednictv\u00edm nich\u017e mohou lid\u00e9 \u017e\u00e1dat o finan\u010dn\u00ed pomoc. T\u00fdkaj\u00ed se i oblasti \u0161kolstv\u00ed, zejm\u00e9na jesl\u00ed a \u0161kolek, a m\u011bsta \u00dast\u00ed jako takov\u00e9ho. Program pom\u00e1h\u00e1me \u00dast\u00ed nad Labem zahrnuje jednak podporu image m\u011bsta a zlep\u0161en\u00ed \u017eivota v n\u011bm, jednak podporu senior\u016fm \u010di lidem s handicapem.<\/p>\n<p>Jednotliv\u00e9 \u017e\u00e1dosti budou na pravideln\u00fdch zased\u00e1n\u00edch, zhruba jednou za dva m\u011bs\u00edce, posuzovat spr\u00e1vn\u00ed rada a v\u00fdb\u011brov\u00e1 komise. \u010cleny spr\u00e1vn\u00ed rady jsou Petra \u010copov\u00e1 a Marek Mat\u011bjka. Revizorem da\u0148ov\u00fd poradce Petr Krej\u010d\u00ed.<\/p>\n<p>\u00dasteck\u00fd den\u00edk<br \/>\n<a href=\"http:\/\/www.ustecky.denik.cz\/\">http:\/\/www.ustecky.denik.cz\/<\/a><\/p>\n","protected":false},"excerpt":{"rendered":"<div class=\"mh-excerpt\"><p>Nada\u010dn\u00ed fond Evy Mat\u011bjkov\u00e9 m\u00e1 ode dne\u0161ka svoje s\u00eddlo v budov\u011b CPI City Center a ofici\u00e1ln\u011b spustil webov\u00e9 str\u00e1nky.<\/p>\n<\/div>","protected":false},"author":1,"featured_media":14329,"comment_status":"open","ping_status":"closed","sticky":false,"template":"","format":"standard","meta":{"footnotes":""},"categories":[9],"tags":[],"class_list":["post-21117","post","type-post","status-publish","format-standard","has-post-thumbnail","hentry","category-zpravy"],"_links":{"self":[{"href":"https:\/\/www.invarena.cz\/index.php?rest_route=\/wp\/v2\/posts\/21117","targetHints":{"allow":["GET"]}}],"collection":[{"href":"https:\/\/www.invarena.cz\/index.php?rest_route=\/wp\/v2\/posts"}],"about":[{"href":"https:\/\/www.invarena.cz\/index.php?rest_route=\/wp\/v2\/types\/post"}],"author":[{"embeddable":true,"href":"https:\/\/www.invarena.cz\/index.php?rest_route=\/wp\/v2\/users\/1"}],"replies":[{"embeddable":true,"href":"https:\/\/www.invarena.cz\/index.php?rest_route=%2Fwp%2Fv2%2Fcomments&post=21117"}],"version-history":[{"count":0,"href":"https:\/\/www.invarena.cz\/index.php?rest_route=\/wp\/v2\/posts\/21117\/revisions"}],"wp:featuredmedia":[{"embeddable":true,"href":"https:\/\/www.invarena.cz\/index.php?rest_route=\/wp\/v2\/media\/14329"}],"wp:attachment":[{"href":"https:\/\/www.invarena.cz\/index.php?rest_route=%2Fwp%2Fv2%2Fmedia&parent=21117"}],"wp:term":[{"taxonomy":"category","embeddable":true,"href":"https:\/\/www.invarena.cz\/index.php?rest_route=%2Fwp%2Fv2%2Fcategories&post=21117"},{"taxonomy":"post_tag","embeddable":true,"href":"https:\/\/www.invarena.cz\/index.php?rest_route=%2Fwp%2Fv2%2Ftags&post=21117"}],"curies":[{"name":"wp","href":"https:\/\/api.w.org\/{rel}","templated":true}]}}