{"id":21126,"date":"2015-04-30T12:28:34","date_gmt":"2015-04-30T10:28:34","guid":{"rendered":"http:\/\/www.invarena.cz\/?p=21126"},"modified":"2015-04-30T13:27:00","modified_gmt":"2015-04-30T11:27:00","slug":"kankovsky-kdu-csl-autismus-celospolecensky-problem-nebo-modni-diagnoza-21-stoleti","status":"publish","type":"post","link":"https:\/\/www.invarena.cz\/?p=21126","title":{"rendered":"Ka\u0148kovsk\u00fd (KDU-\u010cSL): Autismus \u2013 celospole\u010densk\u00fd probl\u00e9m nebo m\u00f3dn\u00ed diagn\u00f3za 21. stolet\u00ed?"},"content":{"rendered":"<p><strong>Dovolte mi, abych V\u00e1s co nejsrde\u010dn\u011bji pozval na semin\u00e1\u0159, kter\u00fd po\u0159\u00e1d\u00e1m ve spolupr\u00e1ci s Asociac\u00ed pom\u00e1haj\u00edc\u00ed lidem s autismem \u2013 APLA Praha, St\u0159edn\u00ed \u010cechy, o.s. a V\u00fdborem pro zdravotnictv\u00ed PS P\u010cR, p\u00ed\u0161e V\u00edt Ka\u0148kovsk\u00fd (foto).<\/strong><!--more--><\/p>\n<p>Semin\u00e1\u0159 na t\u00e9ma:&#8220;Autismus &#8211; celospole\u010densk\u00fd probl\u00e9m nebo m\u00f3dn\u00ed diagn\u00f3za 21. stolet\u00ed?&#8220; se uskute\u010dn\u00ed v \u00fater\u00fd 5. kv\u011btna 2015 od 9 hod. v Poslaneck\u00e9 sn\u011bmovn\u011b P\u010cR, Malostransk\u00e9 n\u00e1m. 7\/19, Praha 1 &#8211; Mal\u00e1 Strana, m\u00edstnost \u010d. 48 &#8222;Kon\u00edrna&#8220;.<\/p>\n<p>Z\u00e1\u0161titu nad semin\u00e1\u0159em p\u0159evzali: m\u00edstop\u0159edseda Vl\u00e1dy \u010cR Pavel B\u011blobr\u00e1dek, m\u00edstop\u0159edseda PS P\u010cR Jan Barto\u0161ek a p\u0159edseda V\u00fdboru pro zdravotnictv\u00ed PS P\u010cR Rostislav Vyzula.<\/p>\n<p>Pozv\u00e1nku s programem semin\u00e1\u0159e naleznete n\u00ed\u017ee. Svoji \u00fa\u010dast v p\u0159\u00edpad\u011b z\u00e1jmu potvr\u010fte do 30.4. na mail: autismusPS@apla.cz<\/p>\n<p>V\u00edt Ka\u0148kovsk\u00fd, m\u00edstop\u0159edseda V\u00fdboru pro zdravotnictv\u00ed PS P\u010cR<\/p>\n<p>Program:<\/p>\n<p>8:30 &#8211; 9:00 Registrace \u00fa\u010dastn\u00edk\u016f<\/p>\n<p>9:00 &#8211; 9:15 Zah\u00e1jen\u00ed &#8211; \u00favodn\u00ed slova<\/p>\n<p>I. blok semin\u00e1\u0159e &#8211; \u00davod do problematiky PAS<\/p>\n<p>P\u0159edn\u00e1\u0161ej\u00edc\u00ed I. bloku:<\/p>\n<p>\u2022 PhDr. Kate\u0159ina Thorov\u00e1, Ph.D. &#8211; p\u0159edn\u00ed odbornice na autismus v \u010cR<\/p>\n<p>\u2022 JUDr. Kl\u00e1ra Ko\u0159\u00ednkov\u00e1, Ph.D. &#8211; advok\u00e1tka ( vystoup\u00ed m\u00edsto Mgr. Kamily Bene\u0161ov\u00e9 Hodkov\u00e9)<\/p>\n<p>\u2022 Mgr. Petra Valentov\u00e1 &#8211; p\u0159edsedkyn\u011b sdru\u017een\u00ed proPAS<\/p>\n<p>\u2022 Ing. Magdalena \u010c\u00e1slavsk\u00e1 &#8211; v\u00fdkonn\u00e1 \u0159editelka APLA Praha<\/p>\n<p>9:15 &#8211; 9:45 Autismus &#8211; z\u00e1va\u017en\u00fd spole\u010densk\u00fd probl\u00e9m<\/p>\n<p>Alternativn\u00ed metody<\/p>\n<p>9:45 &#8211; 10:30 Nespr\u00e1vn\u00e9 d\u011blen\u00ed funk\u010dnosti PAS v n\u00e1vaznosti na pr\u016fkazy ZTP\/P<\/p>\n<p>10:30 &#8211; 10:45 Informovanost a osv\u011bta odborn\u00e9 a laick\u00e9 ve\u0159ejnosti<\/p>\n<p>10.45 &#8211; 11:15 Shrnut\u00ed &#8211; N\u00e1vrhy zm\u011bn a mo\u017en\u00e1 \u0159e\u0161en\u00ed. Diskuze<\/p>\n<p>11:15 &#8211; 11:30 P\u0158EST\u00c1VKA &#8211; ob\u010derstven\u00ed<\/p>\n<p>II. blok semin\u00e1\u0159e &#8211; &#8222;Reforma p\u00e9\u010de o du\u0161evn\u00ed zdrav\u00ed&#8220;, komunitn\u00ed p\u00e9\u010de, zdravotn\u00ed, soci\u00e1ln\u00ed a pobytov\u00e9 slu\u017eby pro osoby s PAS<\/p>\n<p>P\u0159edn\u00e1\u0161ej\u00edc\u00ed II. bloku:<\/p>\n<p>\u2022 PhDr. Hynek J\u016fn, Ph.D. &#8211; p\u0159edn\u00ed odborn\u00edk KBT probl\u00e9mov\u00e9ho chov\u00e1n\u00ed<\/p>\n<p>\u2022 MUDr. Marek P\u00e1v, Ph.D. &#8211; n\u00e1m\u011bstek pro l\u00e9ka\u0159skou p\u00e9\u010di PN Bohnice<\/p>\n<p>11:30 &#8211; 12:00 Dostupnost a kvalita zdravotn\u00edch, soci\u00e1ln\u00edch a pobytov\u00fdch slu\u017eeb pro osoby s PAS<\/p>\n<p>12:00 &#8211; 12:30 Rozvoj p\u00e9\u010de o du\u0161evn\u011b nemocn\u00e9 pacienty<\/p>\n<p>12:30 &#8211; 13:00 Shrnut\u00ed &#8211; N\u00e1vrhy zm\u011bn a mo\u017en\u00e1 \u0159e\u0161en\u00ed. Diskuze<\/p>\n<p>13:00 Vyhodnocen\u00ed a z\u00e1v\u011br semin\u00e1\u0159e<\/p>\n<p>Parlamentn\u00ed Listy<\/p>\n","protected":false},"excerpt":{"rendered":"<div class=\"mh-excerpt\"><p>Dovolte mi, abych V\u00e1s co nejsrde\u010dn\u011bji pozval na semin\u00e1\u0159, kter\u00fd po\u0159\u00e1d\u00e1m ve spolupr\u00e1ci s Asociac\u00ed pom\u00e1haj\u00edc\u00ed lidem s autismem \u2013 APLA Praha, St\u0159edn\u00ed \u010cechy, o.s. <a class=\"mh-excerpt-more\" href=\"https:\/\/www.invarena.cz\/?p=21126\" title=\"Ka\u0148kovsk\u00fd (KDU-\u010cSL): Autismus \u2013 celospole\u010densk\u00fd probl\u00e9m nebo m\u00f3dn\u00ed diagn\u00f3za 21. stolet\u00ed?\">[&#8230;]<\/a><\/p>\n<\/div>","protected":false},"author":1,"featured_media":21132,"comment_status":"open","ping_status":"closed","sticky":false,"template":"","format":"standard","meta":{"footnotes":""},"categories":[11],"tags":[],"class_list":["post-21126","post","type-post","status-publish","format-standard","has-post-thumbnail","hentry","category-zdravi"],"_links":{"self":[{"href":"https:\/\/www.invarena.cz\/index.php?rest_route=\/wp\/v2\/posts\/21126","targetHints":{"allow":["GET"]}}],"collection":[{"href":"https:\/\/www.invarena.cz\/index.php?rest_route=\/wp\/v2\/posts"}],"about":[{"href":"https:\/\/www.invarena.cz\/index.php?rest_route=\/wp\/v2\/types\/post"}],"author":[{"embeddable":true,"href":"https:\/\/www.invarena.cz\/index.php?rest_route=\/wp\/v2\/users\/1"}],"replies":[{"embeddable":true,"href":"https:\/\/www.invarena.cz\/index.php?rest_route=%2Fwp%2Fv2%2Fcomments&post=21126"}],"version-history":[{"count":0,"href":"https:\/\/www.invarena.cz\/index.php?rest_route=\/wp\/v2\/posts\/21126\/revisions"}],"wp:featuredmedia":[{"embeddable":true,"href":"https:\/\/www.invarena.cz\/index.php?rest_route=\/wp\/v2\/media\/21132"}],"wp:attachment":[{"href":"https:\/\/www.invarena.cz\/index.php?rest_route=%2Fwp%2Fv2%2Fmedia&parent=21126"}],"wp:term":[{"taxonomy":"category","embeddable":true,"href":"https:\/\/www.invarena.cz\/index.php?rest_route=%2Fwp%2Fv2%2Fcategories&post=21126"},{"taxonomy":"post_tag","embeddable":true,"href":"https:\/\/www.invarena.cz\/index.php?rest_route=%2Fwp%2Fv2%2Ftags&post=21126"}],"curies":[{"name":"wp","href":"https:\/\/api.w.org\/{rel}","templated":true}]}}