{"id":21137,"date":"2015-04-30T15:36:00","date_gmt":"2015-04-30T13:36:00","guid":{"rendered":"http:\/\/www.invarena.cz\/?p=21137"},"modified":"2015-04-30T15:36:09","modified_gmt":"2015-04-30T13:36:09","slug":"veterinarni-sprava-varuje-pred-syrem-obsahujici-listerii","status":"publish","type":"post","link":"https:\/\/www.invarena.cz\/?p=21137","title":{"rendered":"Veterin\u00e1rn\u00ed spr\u00e1va varuje p\u0159ed s\u00fdrem obsahuj\u00edc\u00ed listerii"},"content":{"rendered":"<p><strong>St\u00e1tn\u00ed veterin\u00e1rn\u00ed spr\u00e1va (SVS) dnes varovala p\u0159ed konzumac\u00ed p\u0159\u00edrodn\u00edho pa\u0159en\u00e9ho s\u00fdra od slovensk\u00e9ho v\u00fdrobce, kter\u00fd nese ozna\u010den\u00ed Nite pr\u00edrodn\u00e9. V\u00fdrobek obsahuje nebezpe\u010dnou bakterii listerie, informoval mluv\u010d\u00ed spr\u00e1vy Petr Pejchal.<\/strong><\/p>\n<p>    Bakterie byla potvrzena v celkem 64 kilogramech v\u00fdrobku. Distributorovi se poda\u0159ilo st\u00e1hnout z prodeje p\u0159es 20 kilogram\u016f z\u00e1vadn\u00e9ho s\u00fdra, zbytek se prodal. &#8222;St\u00e1tn\u00ed veterin\u00e1rn\u00ed spr\u00e1va v t\u00e9to souvislosti doporu\u010duje, aby p\u0159\u00edpadn\u00ed z\u00e1kazn\u00edci vr\u00e1tili zakoupen\u00e9 v\u00fdrobky v m\u00edst\u011b prodeje,&#8220; uvedl Pejchal.<br \/>\n    S\u00fdrov\u00e9 nit\u011b vyr\u00e1b\u011bn\u00e9 spole\u010dnost\u00ed Ba\u010dovsk\u00e9 s\u00fdry se s\u00eddlem v \u017dilin\u011b se prod\u00e1valy v prodejn\u00e1ch DeNuevo v obchodn\u00edch centrech v Praze, Hradci Kr\u00e1lov\u00e9 a Jihlav\u011b a tak\u00e9 v r\u00e1mci farm\u00e1\u0159sk\u00fdch trh\u016f na r\u016fzn\u00fdch m\u00edstech republiky.<br \/>\n    Listerie se b\u011b\u017en\u011b vyskytuje v p\u016fd\u011b, prachu, povrchov\u00fdch vod\u00e1ch nebo na rostlin\u00e1ch. P\u0159\u00edtomnost t\u00e9to bakterie v j\u00eddle je\u0161t\u011b neznamen\u00e1 akutn\u00ed nebezpe\u010d\u00ed, zdrav\u00ed lid\u00e9 j\u00ed zpravidla odolaj\u00ed. Onemocn\u011bn\u00ed zp\u016fsobuje u t\u011bhotn\u00fdch \u017een, novorozenc\u016f, senior\u016f a lid\u00ed s oslabenou imunitou. Nemoc m\u00e1 nej\u010dast\u011bji podobu leh\u010d\u00ed ch\u0159ipky, p\u0159i t\u011b\u017e\u0161\u00edm pr\u016fb\u011bhu postihnou pacienta bolesti hlavy, k\u0159e\u010de a zmatenost. Bakterie m\u016f\u017ee vyvolat i z\u00e1n\u011bt mozkov\u00fdch blan. <\/p>\n","protected":false},"excerpt":{"rendered":"<div class=\"mh-excerpt\"><p>St\u00e1tn\u00ed veterin\u00e1rn\u00ed spr\u00e1va (SVS) dnes varovala p\u0159ed konzumac\u00ed p\u0159\u00edrodn\u00edho pa\u0159en\u00e9ho s\u00fdra od slovensk\u00e9ho v\u00fdrobce, kter\u00fd nese ozna\u010den\u00ed Nite pr\u00edrodn\u00e9. V\u00fdrobek obsahuje nebezpe\u010dnou bakterii listerie, informoval <a class=\"mh-excerpt-more\" href=\"https:\/\/www.invarena.cz\/?p=21137\" title=\"Veterin\u00e1rn\u00ed spr\u00e1va varuje p\u0159ed s\u00fdrem obsahuj\u00edc\u00ed listerii\">[&#8230;]<\/a><\/p>\n<\/div>","protected":false},"author":1,"featured_media":0,"comment_status":"open","ping_status":"closed","sticky":false,"template":"","format":"standard","meta":{"footnotes":""},"categories":[9],"tags":[],"class_list":["post-21137","post","type-post","status-publish","format-standard","hentry","category-zpravy"],"_links":{"self":[{"href":"https:\/\/www.invarena.cz\/index.php?rest_route=\/wp\/v2\/posts\/21137","targetHints":{"allow":["GET"]}}],"collection":[{"href":"https:\/\/www.invarena.cz\/index.php?rest_route=\/wp\/v2\/posts"}],"about":[{"href":"https:\/\/www.invarena.cz\/index.php?rest_route=\/wp\/v2\/types\/post"}],"author":[{"embeddable":true,"href":"https:\/\/www.invarena.cz\/index.php?rest_route=\/wp\/v2\/users\/1"}],"replies":[{"embeddable":true,"href":"https:\/\/www.invarena.cz\/index.php?rest_route=%2Fwp%2Fv2%2Fcomments&post=21137"}],"version-history":[{"count":0,"href":"https:\/\/www.invarena.cz\/index.php?rest_route=\/wp\/v2\/posts\/21137\/revisions"}],"wp:attachment":[{"href":"https:\/\/www.invarena.cz\/index.php?rest_route=%2Fwp%2Fv2%2Fmedia&parent=21137"}],"wp:term":[{"taxonomy":"category","embeddable":true,"href":"https:\/\/www.invarena.cz\/index.php?rest_route=%2Fwp%2Fv2%2Fcategories&post=21137"},{"taxonomy":"post_tag","embeddable":true,"href":"https:\/\/www.invarena.cz\/index.php?rest_route=%2Fwp%2Fv2%2Ftags&post=21137"}],"curies":[{"name":"wp","href":"https:\/\/api.w.org\/{rel}","templated":true}]}}