{"id":21168,"date":"2015-05-05T13:15:18","date_gmt":"2015-05-05T11:15:18","guid":{"rendered":"http:\/\/www.invarena.cz\/?p=21168"},"modified":"2015-05-05T13:15:18","modified_gmt":"2015-05-05T11:15:18","slug":"stovky-sportovcu-se-pustily-do-tradicniho-zavodu-u-loun","status":"publish","type":"post","link":"https:\/\/www.invarena.cz\/?p=21168","title":{"rendered":"Stovky sportovc\u016f se pustily do tradi\u010dn\u00edho z\u00e1vodu u Loun"},"content":{"rendered":"<p><strong>Atleti i jezdci se vydali na tra\u0165 z Po\u010derad do Loun, rodiny s d\u011btmi proudily na pestr\u00fd program na v\u00fdstavi\u0161t\u011b<\/strong> <!--more--><\/p>\n<p>Louny, Po\u010derady \u2013 Na patn\u00e1ctikilometrov\u00e9 trati mezi Elektr\u00e1rnou Po\u010derady a v\u00fdstavi\u0161t\u011bm v Lounech z\u00e1vodily v sobotu stovky nad\u0161en\u00fdch sportovc\u016f. Tradi\u010dn\u00ed Memori\u00e1l Karla Raise p\u0159iv\u00edtal p\u0159i 26. ro\u010dn\u00edku silni\u010dn\u00edho b\u011bhu a 23. ro\u010dn\u00edku z\u00e1vodu handbike voz\u00ed\u010dk\u00e1\u0159\u016f nad\u0161ence r\u016fzn\u00e9ho v\u011bku, v\u00fdkonnosti i zdravotn\u00edho stavu. Gener\u00e1ln\u00edm partnerem sportovn\u00ed akce, kterou ka\u017edoro\u010dn\u011b po\u0159\u00e1d\u00e1 Atletick\u00fd sportovn\u00ed klub Elna Po\u010derady, byla Skupina \u010cEZ.<\/p>\n<p>Prvn\u00ed ro\u010dn\u00edk patn\u00e1cti kilometrov\u00e9ho b\u011b\u017eeck\u00e9ho z\u00e1vodu na trase Po\u010derady \u2013 Louny prob\u011bhl v roce 1990. Od roku 1993, kdy byli poprv\u00e9 p\u0159izv\u00e1ni tak\u00e9 handicapovan\u00ed sportovci, nese tento sportovn\u011b spole\u010densk\u00fd podnik jm\u00e9no p\u0159\u00edtele lounsk\u00fdch atlet\u016f a sportovn\u00edho funkcion\u00e1\u0159e Karla Raise. V\u011bhlas Memori\u00e1lu se ji\u017e d\u00e1vno p\u0159enesl p\u0159es hranice \u00dasteck\u00e9ho kraje i cel\u00e9 \u010cesk\u00e9 republiky, co\u017e dokazuje v\u00edce ne\u017e 300 jeho \u00fa\u010dastn\u00edk\u016f.<\/p>\n<p>Do hlavn\u00edho z\u00e1vodu se registrovali mu\u017ei i \u017eeny, zdrav\u00ed i handicapovan\u00ed sportovci. Do m\u011bsta na Oh\u0159i se sjeli z tuzemska, Slovenska, Polska nebo t\u0159eba Nizozem\u00ed, p\u0159ihl\u00e1\u0161eni byli tak\u00e9 borci z Keni.<\/p>\n<p>&#8222;Hlavn\u00ed z\u00e1vod jsme odstartovali tradi\u010dn\u011b nedaleko Elektr\u00e1rny Po\u010derady u Volev\u010dic. Krom\u011b b\u011b\u017ec\u016f a voz\u00ed\u010dk\u00e1\u0159\u016f na handbike vyrazili letos podruh\u00e9 na tra\u0165 i sportovci na kole\u010dkov\u00fdch brusl\u00edch,&#8220; uvedl p\u0159edseda po\u0159adatelsk\u00e9ho klubu ASK Elna Po\u010derady Pavel Verner. M\u00e9n\u011b zdatn\u00ed sportovci, kte\u0159\u00ed si netroufli na cel\u00fd patn\u00e1ctikilometrov\u00fd b\u011bh, pak m\u011bli mo\u017enost z\u00fa\u010dastnit se \u0161tafetov\u00e9ho b\u011bhu na 5 x 3 km.<\/p>\n<p>Pestrou nab\u00eddkou sportovn\u00edho kl\u00e1n\u00ed, ale i z\u00e1bavn\u00e9ho doprovodn\u00e9ho programu cht\u011bj\u00ed organiz\u00e1to\u0159i ka\u017edoro\u010dn\u011b p\u0159il\u00e1kat nejen \u0161pi\u010dkov\u00e9 \u010di v\u00fdkonnostn\u00ed sportovce, ale hlavn\u011b cel\u00e9 rodiny bez rozd\u00edlu v\u011bku \u010di fyzick\u00e9 kondice, v\u010detn\u011b handicapovan\u00fdch sportovc\u016f. &#8222;Jsme velmi r\u00e1di, \u017ee se k n\u00e1m z\u00e1vodn\u00edci ka\u017ed\u00fdm rokem r\u00e1di vracej\u00ed, a p\u0159ib\u00fdv\u00e1 i spousta nov\u00fdch, kte\u0159\u00ed p\u0159ij\u00ed\u017ed\u011bj\u00ed na doporu\u010den\u00ed sv\u00fdch kamar\u00e1d\u016f poznat neopakovatelnou atmosf\u00e9ru spole\u010dn\u00e9ho sportov\u00e1n\u00ed zdrav\u00fdch a handicapovan\u00fdch sportovc\u016f,&#8220; dodal Pavel Verner.<\/p>\n<p>V are\u00e1lu lounsk\u00e9ho v\u00fdstavi\u0161t\u011b prob\u00edhal soub\u011b\u017en\u011b s hlavn\u00edm z\u00e1vodem Lidov\u00fd b\u011bh na 2 km. V\u00fdt\u011b\u017eek z jeho startovn\u00e9ho, jak je v Lounech ji\u017e v\u00edce ne\u017e 20 let tradic\u00ed, putoval na pomoc pot\u0159ebn\u00fdm. Letos p\u0159\u00edsp\u011bvek pom\u016f\u017ee handicapovan\u00e9mu chlapci z Loun, pro n\u011bho\u017e organizuje sb\u00edrku lounsk\u00fd Kiwanis klub.<\/p>\n<p>&#8222;Oce\u0148ujeme pestr\u00fd program Memori\u00e1lu, z n\u011bho\u017e si vybere jak aktivn\u00ed vrcholov\u00fd sportovec, tak mal\u00e9 d\u00edt\u011b spolu se sv\u00fdmi prarodi\u010di. Spole\u010dn\u011b s hlavn\u00edm programem, ve kter\u00e9m na jednom m\u00edst\u011b a v jeden \u010das sout\u011b\u017e\u00ed zdrav\u00ed i handicapovan\u00ed sportovci, to z Memori\u00e1lu Karla Raise \u010din\u00ed v\u00fdjime\u010dn\u00fd z\u00e1\u017eitek, jeho\u017e se dokonce n\u011bkte\u0159\u00ed z n\u00e1s sami r\u00e1di z\u00fa\u010dast\u0148uj\u00ed,&#8220; uvedl Daniel Nov\u00e1k ze Skupiny \u010cEZ.<\/p>\n<p>Sportovn\u00ed a spole\u010densk\u00fd sv\u00e1tek nab\u00eddl i bohat\u00fd doprovodn\u00fd program, pro d\u011bti byl k dispozici d\u011btsk\u00fd koutek. Lounsk\u00e1 knihovna otev\u0159ela sv\u016fj obch\u016fdek, v husitsk\u00e9m kostele byl p\u0159ipraven od 16 hodin charitativn\u00ed koncert.<\/p>\n<p>OTA SCHNEPP, ZDEN\u011aK PLACH\u00dd<br \/>\n\u017dateck\u00fd a lounsk\u00fd den\u00edk<br \/>\n<a href=\"http:\/\/www.zatecky.denik.cz\/\">http:\/\/www.zatecky.denik.cz\/<\/a><\/p>\n","protected":false},"excerpt":{"rendered":"<div class=\"mh-excerpt\"><p>Atleti i jezdci se vydali na tra\u0165 z Po\u010derad do Loun, rodiny s d\u011btmi proudily na pestr\u00fd program na v\u00fdstavi\u0161t\u011b<\/p>\n<\/div>","protected":false},"author":1,"featured_media":15261,"comment_status":"open","ping_status":"closed","sticky":false,"template":"","format":"standard","meta":{"footnotes":""},"categories":[9],"tags":[],"class_list":["post-21168","post","type-post","status-publish","format-standard","has-post-thumbnail","hentry","category-zpravy"],"_links":{"self":[{"href":"https:\/\/www.invarena.cz\/index.php?rest_route=\/wp\/v2\/posts\/21168","targetHints":{"allow":["GET"]}}],"collection":[{"href":"https:\/\/www.invarena.cz\/index.php?rest_route=\/wp\/v2\/posts"}],"about":[{"href":"https:\/\/www.invarena.cz\/index.php?rest_route=\/wp\/v2\/types\/post"}],"author":[{"embeddable":true,"href":"https:\/\/www.invarena.cz\/index.php?rest_route=\/wp\/v2\/users\/1"}],"replies":[{"embeddable":true,"href":"https:\/\/www.invarena.cz\/index.php?rest_route=%2Fwp%2Fv2%2Fcomments&post=21168"}],"version-history":[{"count":0,"href":"https:\/\/www.invarena.cz\/index.php?rest_route=\/wp\/v2\/posts\/21168\/revisions"}],"wp:featuredmedia":[{"embeddable":true,"href":"https:\/\/www.invarena.cz\/index.php?rest_route=\/wp\/v2\/media\/15261"}],"wp:attachment":[{"href":"https:\/\/www.invarena.cz\/index.php?rest_route=%2Fwp%2Fv2%2Fmedia&parent=21168"}],"wp:term":[{"taxonomy":"category","embeddable":true,"href":"https:\/\/www.invarena.cz\/index.php?rest_route=%2Fwp%2Fv2%2Fcategories&post=21168"},{"taxonomy":"post_tag","embeddable":true,"href":"https:\/\/www.invarena.cz\/index.php?rest_route=%2Fwp%2Fv2%2Ftags&post=21168"}],"curies":[{"name":"wp","href":"https:\/\/api.w.org\/{rel}","templated":true}]}}