{"id":21176,"date":"2015-05-05T01:01:18","date_gmt":"2015-05-04T23:01:18","guid":{"rendered":"http:\/\/www.invarena.cz\/?p=21176"},"modified":"2015-05-05T11:01:38","modified_gmt":"2015-05-05T09:01:38","slug":"deti-z-jedlickova-ustavu-dostali-autobus-na-miru","status":"publish","type":"post","link":"https:\/\/www.invarena.cz\/?p=21176","title":{"rendered":"D\u011bti z Jedli\u010dkova \u00fastavu dostali autobus na m\u00edru"},"content":{"rendered":"<p><strong>Pra\u017esk\u00fd Jedli\u010dk\u016fv \u00fastav se po 20 letech do\u010dkal nov\u00e9ho bezbari\u00e9rov\u00e9ho autobusu a to d\u00edky ve\u0159ejn\u00e9 sb\u00edrce. Handicapovan\u00e9 \u017e\u00e1ky bude vozit na \u0161koly v p\u0159\u00edrod\u011b i do zahrani\u010d\u00ed.<\/strong><!--more--><\/p>\n<p>Jm\u00e9no nov\u00e9mu autobusu vybraly samy d\u011bti a jsou z n\u011bj nad\u0161en\u00e9. Podobn\u00e9 autobusy v \u010cesku toti\u017e skoro nejsou. Pro voz\u00ed\u010dk\u00e1\u0159e je tak vyu\u017e\u00edv\u00e1n\u00ed mezim\u011bstsk\u00e9 autobusov\u00e9 dopravy t\u00e9m\u011b\u0159 nemo\u017en\u00e9.<\/p>\n<p>Handicapovan\u00fdm \u017e\u00e1k\u016fm Jedli\u010dkova \u00fastavu ho postavili p\u0159\u00edmo na m\u00edru a oni mu za to vybrali jm\u00e9no. Zv\u00edt\u011bzil n\u00e1vrh Bohumila \u0160ouna. A jak p\u0159i\u0161el zrovna na Rudolfa?<\/p>\n<p>Bohumil \u0160OUN, vymyslel autobusu jm\u00e9no:  No, jednodu\u0161e, vlastn\u011b zakladatel Jedli\u010dk\u00e1rny je Rudolf, tak\u017ee proto Rudolf.<\/p>\n<p>Autobus slavnostn\u011b pok\u0159tili \u0159editel Jedli\u010dkova \u00fastavu Petr Hrub\u00fd a patronka projektu, pra\u017esk\u00e1 prim\u00e1torka Adriana Krn\u00e1\u010dov\u00e1. Moc voz\u00ed\u010dk\u00e1\u0159\u016f si autobus zat\u00edm nezkusilo. Vyvolen\u00ed, kte\u0159\u00ed se v n\u011bm u\u017e projeli, ale tvrd\u00ed, \u017ee tv\u016frci mysleli na v\u0161e.<\/p>\n<p>Radek MUS\u00cdLEK, tiskov\u00fd mluv\u010d\u00ed Jedli\u010dkova \u00fastavu a \u0161kol:  Mn\u011b se tady jezd\u00ed v\u00fdborn\u011b, proto\u017ee ten autobus je vybaven v\u0161\u00edm, co je pot\u0159eba, i na t\u011bch m\u00edstech pro voz\u00ed\u010dk\u00e1\u0159e.<\/p>\n<p>Petr HRUB\u00dd, \u0159editel Jedli\u010dkova \u00fastavu a \u0161kol: Pot\u0159ebovali jsme ur\u010dit\u011b, aby, pokud mo\u017eno, byla rovn\u00e1 podlaha v autobuse, aby vlastn\u011b tam byly ty kolejnice, do kter\u00fdch se d\u00e1 ukotvit n\u011bkolik voz\u00edk\u016f. Ten po\u017eadavek byl minim\u00e1ln\u011b 6.<\/p>\n<p>Na v\u00fdlet tak te\u010f budou moct vyjet i dv\u011b t\u0159\u00eddy \u017e\u00e1k\u016f. Luxus sice nebyl zadarmo, d\u00edky \u0161t\u011bdrosti lid\u00ed se ale Nadaci Jedli\u010dkova \u00fastavu povedlo prost\u0159edky shrom\u00e1\u017edit b\u011bhem t\u0159\u00ed let.<\/p>\n<p>Irena FODOROV\u00c1, \u0159editelka Nadace Jedli\u010dkova \u00fastavu:Sb\u00edrka vynesla kolem 5 milion\u016f korun, co\u017e n\u00e1m p\u0159ipad\u00e1 jako \u00fa\u017easn\u00e9 \u010d\u00edslo a za to ur\u010dit\u011b d\u011bkujeme.<\/p>\n<p>Dal\u0161\u00ed 3 miliony nadace doplatila ze sv\u00e9ho. Bez autobusu by se handicapovan\u00e9 d\u011bti na v\u00fdlety dost\u00e1valy jen obt\u00ed\u017en\u011b.<\/p>\n<p>Radek MUS\u00cdLEK, :V \u010cesk\u00e9 republice mezim\u011bstsk\u00e1 doprava autobusov\u00e1 pro voz\u00ed\u010dk\u00e1\u0159e prakticky neexistuje. \u017deleznice je p\u0159ipravena na p\u0159epravu lid\u00ed s handicapem, ale m\u00e9 zku\u0161enosti jsou v\u0161elijak\u00e9.<\/p>\n<p>Poprv\u00e9 autobus d\u011bti poveze u\u017e za p\u00e1r dn\u00ed &#8211; na \u0161kolu v p\u0159\u00edrod\u011b do ji\u017en\u00edch \u010cech. <\/p>\n<p>televizi Barrandov<\/p>\n<p><a href=\"http:\/\/prazsky.denik.cz\/zpravy_region\/bezbarierovy-autobus-rudolf-byl-pokrten-20150501.html\">dal\u0161\u00ed informace a foto ZDE<\/a><\/p>\n","protected":false},"excerpt":{"rendered":"<div class=\"mh-excerpt\"><p>Pra\u017esk\u00fd Jedli\u010dk\u016fv \u00fastav se po 20 letech do\u010dkal nov\u00e9ho bezbari\u00e9rov\u00e9ho autobusu a to d\u00edky ve\u0159ejn\u00e9 sb\u00edrce. Handicapovan\u00e9 \u017e\u00e1ky bude vozit na \u0161koly v p\u0159\u00edrod\u011b i <a class=\"mh-excerpt-more\" href=\"https:\/\/www.invarena.cz\/?p=21176\" title=\"D\u011bti z Jedli\u010dkova \u00fastavu dostali autobus na m\u00edru\">[&#8230;]<\/a><\/p>\n<\/div>","protected":false},"author":1,"featured_media":3027,"comment_status":"open","ping_status":"closed","sticky":false,"template":"","format":"standard","meta":{"footnotes":""},"categories":[7],"tags":[],"class_list":["post-21176","post","type-post","status-publish","format-standard","has-post-thumbnail","hentry","category-spolecnost"],"_links":{"self":[{"href":"https:\/\/www.invarena.cz\/index.php?rest_route=\/wp\/v2\/posts\/21176","targetHints":{"allow":["GET"]}}],"collection":[{"href":"https:\/\/www.invarena.cz\/index.php?rest_route=\/wp\/v2\/posts"}],"about":[{"href":"https:\/\/www.invarena.cz\/index.php?rest_route=\/wp\/v2\/types\/post"}],"author":[{"embeddable":true,"href":"https:\/\/www.invarena.cz\/index.php?rest_route=\/wp\/v2\/users\/1"}],"replies":[{"embeddable":true,"href":"https:\/\/www.invarena.cz\/index.php?rest_route=%2Fwp%2Fv2%2Fcomments&post=21176"}],"version-history":[{"count":0,"href":"https:\/\/www.invarena.cz\/index.php?rest_route=\/wp\/v2\/posts\/21176\/revisions"}],"wp:featuredmedia":[{"embeddable":true,"href":"https:\/\/www.invarena.cz\/index.php?rest_route=\/wp\/v2\/media\/3027"}],"wp:attachment":[{"href":"https:\/\/www.invarena.cz\/index.php?rest_route=%2Fwp%2Fv2%2Fmedia&parent=21176"}],"wp:term":[{"taxonomy":"category","embeddable":true,"href":"https:\/\/www.invarena.cz\/index.php?rest_route=%2Fwp%2Fv2%2Fcategories&post=21176"},{"taxonomy":"post_tag","embeddable":true,"href":"https:\/\/www.invarena.cz\/index.php?rest_route=%2Fwp%2Fv2%2Ftags&post=21176"}],"curies":[{"name":"wp","href":"https:\/\/api.w.org\/{rel}","templated":true}]}}