{"id":21178,"date":"2015-05-06T08:04:25","date_gmt":"2015-05-06T06:04:25","guid":{"rendered":"http:\/\/www.invarena.cz\/?p=21178"},"modified":"2015-05-06T08:08:20","modified_gmt":"2015-05-06T06:08:20","slug":"budou-vozickari-brat-az-50-tisic-prispevku-na-peci","status":"publish","type":"post","link":"https:\/\/www.invarena.cz\/?p=21178","title":{"rendered":"Budou voz\u00ed\u010dk\u00e1\u0159i br\u00e1t a\u017e 50 tis\u00edc p\u0159\u00edsp\u011bvku na p\u00e9\u010di?"},"content":{"rendered":"<p><strong>S maxim\u00e1ln\u00edm p\u0159\u00edsp\u011bvkem na p\u00e9\u010di od st\u00e1tu, kter\u00fd \u010din\u00ed 12 tis\u00edc korun, vysta\u010d\u00ed voz\u00ed\u010dk\u00e1\u0159i jen asi t\u00fdden. Volaj\u00ed proto po jeho zv\u00fd\u0161en\u00ed. Aby nemuseli do \u00fastav\u016f a mohli d\u00e1l \u017e\u00edt samostatn\u00fd \u017eivot se sv\u00fdmi kon\u00ed\u010dky, pot\u0159ebovali by zhruba 48 tis\u00edc korun. Ministryn\u011b pr\u00e1ce se t\u00edmto probl\u00e9mem hodl\u00e1 zab\u00fdvat.<br \/>\n<\/strong><!--more--><\/p>\n<p>\t\u010cT 1<\/p>\n<p>Nejd\u0159\u00edve na invalidn\u00edm voz\u00edku premi\u00e9r Sobotka, te\u010f ministryn\u011b pr\u00e1ce a soci\u00e1ln\u00edch v\u011bc\u00ed Marksov\u00e1 Tominov\u00e1. Vyzkou\u0161eli si, jak\u00e9 to je b\u00fdt odk\u00e1z\u00e1n na pomoc asistenta na jeden den. <\/p>\n<p>Ti, kte\u0159\u00ed nemaj\u00ed oporu v rodin\u011b a pot\u0159ebuj\u00ed asistenci t\u00e9m\u011b\u0159 cel\u00fd \u017eivot 24 hodin denn\u011b, si j\u00ed \u010dasto dovolit nemohou. St\u00e1t toti\u017e takto v\u00e1\u017en\u011b t\u011blesn\u011b posti\u017een\u00fdm lidem d\u00e1v\u00e1 p\u0159\u00edsp\u011bvek na p\u00e9\u010di maxim\u00e1ln\u011b 12 tis\u00edc m\u011bs\u00ed\u010dn\u011b, co\u017e jim umo\u017e\u0148uje zaplatit si pomoc zhruba na t\u00fdden. A tak nam\u00edsto toho, aby i p\u0159es sv\u00e9 posti\u017een\u00ed mohli \u017e\u00edt svobodn\u011b, pracovat a bavit se dle sv\u00fdch p\u0159edstav, kon\u010d\u00ed v \u00fastavech.<\/p>\n<p>Vladim\u00edr \u0160MILAUER, handicapovan\u00fd:  Hraju florbal, z t\u011bch je\u0161t\u011b dal\u0161\u00edch vznosn\u011bj\u0161\u00edch v\u011bc\u00ed, tak se v\u011bnuju grafice, kresb\u011b.<\/p>\n<p>21let\u00fd Vladim\u00edr \u0160milauer se narodil se svalovou dystrofi\u00ed. L\u00e9ka\u0159i mu d\u00e1vali pouze dva roky \u017eivota, od narozen\u00ed je upout\u00e1n na invalidn\u00ed voz\u00edk. I p\u0159esto \u017eije \u017eivot norm\u00e1ln\u00edho kluka. <\/p>\n<p>O tom v\u00ed sv\u00e9 i 32let\u00fd Jakub, kter\u00fd sv\u016fj p\u0159\u00edb\u011bh popsal pro Aktu\u00e1ln\u011b.cz. Narodil se jako nedono\u0161en\u00e9 d\u00edt\u011b a trp\u00ed d\u011btskou obrnou. Posti\u017een\u00e9 m\u00e1 v\u0161echny \u010dty\u0159i kon\u010detiny a \u017eivot bez kole\u010dek nikdy nepoznal.<\/p>\n<p>Jakub NEUBERT, handicapovan\u00fd; \u0161kolitel asistent\u016f:  \u010clov\u011bk m\u00e1 \u017e\u00edt ve sv\u00fdm prost\u0159ed\u00ed a m\u00e1 m\u00edt pr\u00e1vo \u017e\u00edt tam, kde chce a ne tam, kde mu to n\u011bkdo ur\u010d\u00ed.<\/p>\n<p>Oba dva mu\u017ee spojuje nejen invalidn\u00ed voz\u00edk, ale tak\u00e9 touha po samostatn\u00e9m \u017eivot\u011b, jen\u017ee k n\u011bmu pot\u0159ebuj\u00ed spousty pen\u011bz, aby si ho mohli dovolit. Oba dva pob\u00edraj\u00ed 8 tis\u00edc korun m\u011bs\u00ed\u010dn\u011b, co\u017e zdaleka nepokryje n\u00e1klady na asistenta ani jednomu z nich.<\/p>\n<p>Jakub NEUBERT, :Ten st\u00e1t mu to moc neuleh\u010duje. Tu situaci sp\u00ed\u0161 znesnad\u0148uje. Toho \u010dlov\u011bka d\u0159\u00edve \u010di pozd\u011bji chce dostat do toho \u00fastavu.<\/p>\n<p>Vladim\u00edr \u0160MILAUER, :M\u00e1m pot\u0159ebu asistenta 24 hodin denn\u011b, nicm\u00e9n\u011b neplat\u00edm t\u011bch 24 hodin denn\u011b, proto\u017ee to je opravdu ne\u00fanosn\u00fd. Sna\u017e\u00edm se s t\u011bma asistentama domlouvat na ur\u010dit\u00fdch pau\u0161\u00e1lech, na i placen\u00ed v natur\u00e1li\u00edch.<\/p>\n<p>Jakub NEUBERT,:D\u00edky vlastn\u011b asistentovi m\u016f\u017eu \u017e\u00edt samostatn\u011b, m\u016f\u017eu \u017e\u00edt s partnerkou norm\u00e1ln\u00ed plnohodnotnej \u017eivot, kterej by v \u00fastavu v \u017e\u00e1dn\u00fdm p\u0159\u00edpad\u011b nebyl.<\/p>\n<p>A pr\u00e1v\u011b \u00fastav je no\u010dn\u00ed m\u016fra obou mu\u017e\u016f i mnoha voz\u00ed\u010dk\u00e1\u0159\u016f, kter\u00fdm na asistenty pen\u00edze nesta\u010d\u00ed. Bez nich se p\u0159itom jejich \u017eivot neobejde. N\u011bkte\u0159\u00ed jejich pomoc pot\u0159ebuj\u00ed 24 hodin denn\u011b. Asisten\u010dn\u00ed hodina stoj\u00ed v pr\u016fm\u011bru 100 korun, od st\u00e1tu se velk\u00e9 podpory nedo\u010dkaj\u00ed. Ten p\u0159isp\u00edv\u00e1 maxim\u00e1ln\u011b 12 tis\u00edc m\u011bs\u00ed\u010dn\u011b.<\/p>\n<p>Erik \u010cIPERA, \u0159editel; vedouc\u00ed osobn\u00ed asistence:   Je to na velkou reformu. Podle m\u011b by bylo d\u016fle\u017eit\u00fd, aby opravdu ty p\u0159\u00edsp\u011bvky odpov\u00eddaly tomu, co ty lidi pot\u0159ebujou.<\/p>\n<p>Michaela MARKSOV\u00c1, ministryn\u011b pr\u00e1ce a soci\u00e1ln\u00edch v\u011bc\u00ed \/\u010cSSD\/:<br \/>\nJ\u00e1 v \u017e\u00e1dn\u00e9m p\u0159\u00edpad\u011b bych necht\u011bla, aby lid\u00e9, kte\u0159\u00ed mohou \u017e\u00edt v\u00edcem\u00e9n\u011b sami, mohou m\u00edt sv\u016fj vlastn\u00ed byt a mohou se svobodn\u011b, v\u00edcem\u00e9n\u011b svobodn\u011b pohybovat po m\u011bst\u011b, tak nen\u00ed p\u0159ece \u017e\u00e1dn\u00fd d\u016fvod je nutit, aby byli v \u00fastavu.<\/p>\n<p>Lid\u00e9 z Jedli\u010dkova \u00fastavu ned\u00e1vno oslovili tu nejpovolan\u011bj\u0161\u00ed a p\u0159ipoutali j\u00ed na invalidn\u00ed voz\u00edk. A mo\u017en\u00e1 pr\u00e1v\u011b takov\u00e1 zku\u0161enost, kterou ministryn\u011b podstoupila, by mohla dopomoct k tomu, \u017ee se pen\u00edze v jej\u00edm resortu najdou.<\/p>\n<p>Michaela MARKSOV\u00c1, :My v sou\u010dasn\u00e9 dob\u011b budeme d\u00e1vat na vl\u00e1du informaci, kter\u00e1 se t\u00fdk\u00e1 p\u0159\u00edsp\u011bvk\u016f na p\u00e9\u010di tak, jak je dnes v tom syst\u00e9mu, ale ten n\u00e1vrh toho, jak zohlednit pr\u00e1v\u011b ty lidi, kte\u0159\u00ed skute\u010dn\u011b pot\u0159ebuj\u00ed v\u00edcem\u00e9n\u011b 24 hodin asistenci, tak to je asi v horizontu n\u011bkolika m\u011bs\u00edc\u016f.<\/p>\n<p>I to je dlouh\u00e1 doba. T\u0159eba pro 21let\u00e9ho Vladim\u00edra. Pen\u00edze pot\u0159ebuje hned, aby nemusel do \u00fastavu. Na financov\u00e1n\u00ed u\u017e z\u016fstal s\u00e1m. Jeho maminka zem\u0159ela p\u0159ed lety vy\u010derp\u00e1n\u00edm a tat\u00ednek se l\u00e9\u010d\u00ed s v\u00e1\u017enou nemoc\u00ed, a tak synovi nem\u016f\u017ee u\u017e tolik pom\u00e1hat.<\/p>\n<p>Vladim\u00edr \u0160MILAUER, :Doposava\u010f m\u011b z velk\u00fd \u010d\u00e1sti sponzorovala rodina, kter\u00e1 mi opravdu d\u00e1vala m\u011bs\u00ed\u010dn\u011b kolem 40 tis\u00edc, co\u017e na tu asistenci prost\u011b vych\u00e1zelo. To te\u010f teda p\u0159est\u00e1v\u00e1, v sou\u010dasnosti prost\u011b sponzo\u0159i odch\u00e1zej.<\/p>\n<p>Vladim\u00edrovi hroz\u00ed \u00fastavn\u00ed p\u00e9\u010de, do kter\u00e9 se mu v\u016fbec nechce. Bez asistent\u016f by se o sebe postarat nedok\u00e1zal a musel by se tak\u00e9 vzd\u00e1t sv\u00fdch obl\u00edben\u00fdch \u010dinnost\u00ed, jako je nap\u0159\u00edklad florbal.<\/p>\n<p>Vladim\u00edr \u0160MILAUER, :<br \/>\nNechce se mi tam, ur\u010dit\u011b ne. Nen\u00ed to domov, je to n\u011bjak\u00fd za\u0159\u00edzen\u00ed, n\u011bjak\u00e1 instituce, kde \u010dlov\u011bk mus\u00ed dodr\u017eovat pr\u00e1v\u011b ur\u010dit\u00fd pravidla, v\u00e1zat se na sm\u011bny, kter\u00fd se tam m\u011bn\u011bj.<\/p>\n<p>Erik \u010cIPERA, :Jde o to, aby ty \u017eivoty byly kvalitn\u00ed, ne aby ty lidi p\u0159e\u017eili, ale o to, co fakt d\u011blaj, jestli si m\u016f\u017eou j\u00edt nakoupit, jestli m\u016f\u017eou pracovat, potk\u00e1vat se s jinejma lidma, to jsou takov\u00fd v\u011bci, o kter\u00fd kdyby my jsme p\u0159i\u0161li, tak se zbl\u00e1zn\u00edme.<\/p>\n<p>Jitka DOUCHOV\u00c1, psycholo\u017eka:N\u00e1stup do \u00fastavu m\u016f\u017ee samoz\u0159ejm\u011b znamenat ztr\u00e1tu sv\u00e9bytnosti, samostatnosti, nutnost p\u0159izp\u016fsobovat se.<\/p>\n<p>Kdy se syst\u00e9m rozd\u011blov\u00e1n\u00ed p\u0159\u00edsp\u011bvk\u016f na p\u00e9\u010di zm\u011bn\u00ed a kolik pen\u011bz do n\u011bj bude cht\u00edt ministryn\u011b vlo\u017eit, n\u00e1m konkr\u00e9tn\u011b nikdo \u0159\u00edct nedok\u00e1zal. Ani ona sama. <\/p>\n<p><strong>U\u017e m\u00e1te n\u011bjak\u00e9 prvn\u00ed \u010d\u00edsla, propo\u010dty, kter\u00e9 by se daly zve\u0159ejnit?<\/strong><\/p>\n<p>Michaela MARKSOV\u00c1, ministryn\u011b pr\u00e1ce a soci\u00e1ln\u00edch v\u011bc\u00ed :<br \/>\nNem\u00e1m. To nem\u00e1m je\u0161t\u011b.<\/p>\n<p>Jakub NEUBERT, handicapovan\u00fd; \u0161kolitel asistent\u016f:<br \/>\nJ\u00e1 jsem nenapraviteln\u00fd optimista, tak si v\u017edycky mysl\u00edm, \u017ee n\u011bjakej ten, n\u011bjak\u00e1 cesta se najde, ale samoz\u0159ejm\u011b by to pro m\u011b byla hodn\u011b velk\u00e1 cesta zp\u00e1tky. <\/p>\n<p>\t\u010cT 1<\/p>\n","protected":false},"excerpt":{"rendered":"<div class=\"mh-excerpt\"><p>S maxim\u00e1ln\u00edm p\u0159\u00edsp\u011bvkem na p\u00e9\u010di od st\u00e1tu, kter\u00fd \u010din\u00ed 12 tis\u00edc korun, vysta\u010d\u00ed voz\u00ed\u010dk\u00e1\u0159i jen asi t\u00fdden. Volaj\u00ed proto po jeho zv\u00fd\u0161en\u00ed. Aby nemuseli do <a class=\"mh-excerpt-more\" href=\"https:\/\/www.invarena.cz\/?p=21178\" title=\"Budou voz\u00ed\u010dk\u00e1\u0159i br\u00e1t a\u017e 50 tis\u00edc p\u0159\u00edsp\u011bvku na p\u00e9\u010di?\">[&#8230;]<\/a><\/p>\n<\/div>","protected":false},"author":1,"featured_media":20337,"comment_status":"open","ping_status":"closed","sticky":false,"template":"","format":"standard","meta":{"footnotes":""},"categories":[1],"tags":[],"class_list":["post-21178","post","type-post","status-publish","format-standard","has-post-thumbnail","hentry","category-nezarazene"],"_links":{"self":[{"href":"https:\/\/www.invarena.cz\/index.php?rest_route=\/wp\/v2\/posts\/21178","targetHints":{"allow":["GET"]}}],"collection":[{"href":"https:\/\/www.invarena.cz\/index.php?rest_route=\/wp\/v2\/posts"}],"about":[{"href":"https:\/\/www.invarena.cz\/index.php?rest_route=\/wp\/v2\/types\/post"}],"author":[{"embeddable":true,"href":"https:\/\/www.invarena.cz\/index.php?rest_route=\/wp\/v2\/users\/1"}],"replies":[{"embeddable":true,"href":"https:\/\/www.invarena.cz\/index.php?rest_route=%2Fwp%2Fv2%2Fcomments&post=21178"}],"version-history":[{"count":0,"href":"https:\/\/www.invarena.cz\/index.php?rest_route=\/wp\/v2\/posts\/21178\/revisions"}],"wp:featuredmedia":[{"embeddable":true,"href":"https:\/\/www.invarena.cz\/index.php?rest_route=\/wp\/v2\/media\/20337"}],"wp:attachment":[{"href":"https:\/\/www.invarena.cz\/index.php?rest_route=%2Fwp%2Fv2%2Fmedia&parent=21178"}],"wp:term":[{"taxonomy":"category","embeddable":true,"href":"https:\/\/www.invarena.cz\/index.php?rest_route=%2Fwp%2Fv2%2Fcategories&post=21178"},{"taxonomy":"post_tag","embeddable":true,"href":"https:\/\/www.invarena.cz\/index.php?rest_route=%2Fwp%2Fv2%2Ftags&post=21178"}],"curies":[{"name":"wp","href":"https:\/\/api.w.org\/{rel}","templated":true}]}}