{"id":21179,"date":"2015-05-07T07:07:13","date_gmt":"2015-05-07T05:07:13","guid":{"rendered":"http:\/\/www.invarena.cz\/?p=21179"},"modified":"2015-05-07T12:08:40","modified_gmt":"2015-05-07T10:08:40","slug":"proc-up-neoznamuje-handicapovanym-ze-jim-konci-platnost-prukazu-ozp","status":"publish","type":"post","link":"https:\/\/www.invarena.cz\/?p=21179","title":{"rendered":"Pro\u010d \u00daP neoznamuje handicapovan\u00fdm, \u017ee jim kon\u010d\u00ed platnost pr\u016fkazu OZP?"},"content":{"rendered":"<p><strong>Dotaz: Na z\u00e1klad\u011b rozhodnut\u00ed \u00da\u0159adu pr\u00e1ce-krajsk\u00e9 pobo\u010dky v Brn\u011b mi byl 11.4.2014 p\u0159izn\u00e1n pr\u016fkaz osoby se zdravotn\u00edm posti\u017een\u00ed ozna\u010den\u00fd symbolem \u201cZTP\u201d ode dne 1.1.2014 do 1.1.2017. Prozat\u00edmn\u00ed pr\u016fkaz byl v\u0161ak pracovnic\u00ed \u00fa\u0159adu vyd\u00e1n pouze do 31.12.2015. Tato nebrala na z\u0159etel citaci v rozhodnut\u00ed posudkov\u00e9ho l\u00e9ka\u0159e a zm\u011bnu data platnosti neobsahovalo ani rozhodnut\u00ed, p\u0159\u00edpadn\u011b jeho zd\u016fvodn\u011bn\u00ed.<\/strong> <!--more--><\/p>\n<p>ilustra\u010dn\u00ed foto: Ian Britton \/ freefoto.com<\/p>\n<p>&nbsp;<\/p>\n<p><strong>Pokra\u010dov\u00e1n\u00ed dotazu:<\/strong> Samoz\u0159ejm\u011b, \u017ee jsem \u010detl r\u016fzn\u00e9 p\u0159\u00edsp\u011bvky k t\u00e9to problematice, ov\u0161em nech\u00e1pu, pro\u010d nen\u00ed taxativn\u011b stanoveno do kdy mus\u00ed b\u00fdt nov\u00e1 \u017e\u00e1dost pod\u00e1na. Z vlastn\u00ed zku\u0161enosti v\u00edm, \u017ee po\u017eadavek nebyl vy\u0159\u00edzen ani za p\u016fl roku. \u00da\u0159adu pr\u00e1ce je jist\u011b z evidence patrn\u00e9, do kdy m\u00e1 osoba ZTP platn\u00fd zdravotn\u00ed posudek. Ten by pak m\u011bl osobu vyrozum\u011bt do jak\u00e9ho term\u00ednu je nutn\u00e9 novou \u017e\u00e1dost podat. Tyto mlhav\u00e9 zpr\u00e1vy nejsou pro osoby ZTP p\u0159\u00ednosem, nehled\u011b na okolnost, \u017ee jsou osoby, kter\u00e9 maj\u00ed probl\u00e9m cesty na \u00fa\u0159ad pr\u00e1ce absolvovat. R\u00e1d bych v\u011bd\u011bl, jak tuto situaci \u0159e\u0161it. D\u011bkuji za odpov\u011b\u010f.<\/p>\n<p><strong>Odpov\u011b\u010f:<\/strong><br \/>\n\u00da\u0159ednice V\u00e1m vydala prozat\u00edmn\u00ed pr\u016fkaz s datem platnosti pouze do 31. 12. 2015 z toho d\u016fvodu, \u017ee k tomuto datu kon\u010d\u00ed platnost v\u0161ech pr\u016fkaz\u016f OZP vydan\u00fdch p\u0159ed prvn\u00edm dubnem leto\u0161n\u00edho roku. Znamen\u00e1 to tedy, \u017ee od prvn\u00edho ledna roku 2016 budou platn\u00e9 pouze nov\u00e9 pr\u016fkazy, kter\u00e9 maj\u00ed vzhled podobn\u00fd ob\u010dansk\u00e9mu pr\u016fkazu.<\/p>\n<p>Z toho d\u016fvodu V\u00e1m doporu\u010duji v pr\u016fb\u011bhu leto\u0161n\u00edho roku nav\u0161t\u00edvit V\u00e1\u0161 \u00da\u0159ad pr\u00e1ce a po\u017e\u00e1dat si o v\u00fdm\u011bnu pr\u016fkazu OZP. Z vyj\u00e1d\u0159en\u00ed mluv\u010d\u00ed \u00daP Kate\u0159iny Ber\u00e1nkov\u00e9 vypl\u00fdv\u00e1, \u017ee p\u0159edpokl\u00e1dan\u00e1 doba pot\u0159ebn\u00e1 na v\u00fdrobu nov\u00e9ho pr\u016fkazu je p\u0159ibli\u017en\u011b 7 pracovn\u00edch dn\u016f.<\/p>\n<p>Pokud spr\u00e1vn\u011b ch\u00e1pu V\u00e1\u0161 dal\u0161\u00ed dotaz, tak by V\u00e1s zaj\u00edmalo, pro\u010d \u00daP v\u010das neobes\u00edl\u00e1 dr\u017eitele pr\u016fkazu s t\u00edm, \u017ee jim bude kon\u010dit jeho platnost a tak\u00e9 platnost zdravotn\u00edho posudku.<\/p>\n<p>P\u0159esto\u017ee m\u00e1te jist\u011b pravdu, kdy\u017e tvrd\u00edte, \u017ee cel\u00e9 posuzov\u00e1n\u00ed o n\u00e1roku na pr\u016fkaz OZP m\u016f\u017ee mnohdy trvat i d\u00e9le ne\u017e v\u0161eobecn\u011b ud\u00e1van\u00e9 t\u0159i m\u011bs\u00edce. Pr\u016fkaz OZP v\u0161ak st\u00e1t ned\u00e1v\u00e1 automaticky ka\u017ed\u00e9mu, kdo na n\u011bj m\u00e1 n\u00e1rok a st\u00e1le z\u016fst\u00e1v\u00e1 platn\u00e1 skute\u010dnost, \u017ee m\u00e1-li handicapovan\u00fd z\u00e1jem o n\u011bjak\u00fd typ v\u00fdhody \u010di p\u0159\u00edsp\u011bvku, mus\u00ed si o n\u011bj za\u017e\u00e1dat.<\/p>\n<p>\u00daP a L\u00e9ka\u0159sk\u00e1 posudkov\u00e1 slu\u017eba \u010cSSZ maj\u00ed pouze jasn\u011b stanoveno, \u017ee mus\u00ed vydat rozhodnut\u00ed celkem do 105 dn\u016f. Faktem je, \u017ee m\u016f\u017ee ale doj\u00edt i k prodlou\u017een\u00ed a to mnohdy i kv\u016fli tomu, \u017ee o\u0161et\u0159uj\u00edc\u00ed l\u00e9ka\u0159 handicapovan\u00e9ho v\u010das nedodal LPS zdravotn\u00ed dokumentaci pot\u0159ebnou k rozhodnut\u00ed.<\/p>\n<p>Ji\u0159\u00ed Marek<br \/>\ninvArena<\/p>\n","protected":false},"excerpt":{"rendered":"<div class=\"mh-excerpt\"><p>Dotaz: Na z\u00e1klad\u011b rozhodnut\u00ed \u00da\u0159adu pr\u00e1ce-krajsk\u00e9 pobo\u010dky v Brn\u011b mi byl 11.4.2014 p\u0159izn\u00e1n pr\u016fkaz osoby se zdravotn\u00edm posti\u017een\u00ed ozna\u010den\u00fd symbolem \u201cZTP\u201d ode dne 1.1.2014 do <a class=\"mh-excerpt-more\" href=\"https:\/\/www.invarena.cz\/?p=21179\" title=\"Pro\u010d \u00daP neoznamuje handicapovan\u00fdm, \u017ee jim kon\u010d\u00ed platnost pr\u016fkazu OZP?\">[&#8230;]<\/a><\/p>\n<\/div>","protected":false},"author":3,"featured_media":14136,"comment_status":"open","ping_status":"closed","sticky":false,"template":"","format":"standard","meta":{"footnotes":""},"categories":[18],"tags":[],"class_list":["post-21179","post","type-post","status-publish","format-standard","has-post-thumbnail","hentry","category-poradna"],"_links":{"self":[{"href":"https:\/\/www.invarena.cz\/index.php?rest_route=\/wp\/v2\/posts\/21179","targetHints":{"allow":["GET"]}}],"collection":[{"href":"https:\/\/www.invarena.cz\/index.php?rest_route=\/wp\/v2\/posts"}],"about":[{"href":"https:\/\/www.invarena.cz\/index.php?rest_route=\/wp\/v2\/types\/post"}],"author":[{"embeddable":true,"href":"https:\/\/www.invarena.cz\/index.php?rest_route=\/wp\/v2\/users\/3"}],"replies":[{"embeddable":true,"href":"https:\/\/www.invarena.cz\/index.php?rest_route=%2Fwp%2Fv2%2Fcomments&post=21179"}],"version-history":[{"count":0,"href":"https:\/\/www.invarena.cz\/index.php?rest_route=\/wp\/v2\/posts\/21179\/revisions"}],"wp:featuredmedia":[{"embeddable":true,"href":"https:\/\/www.invarena.cz\/index.php?rest_route=\/wp\/v2\/media\/14136"}],"wp:attachment":[{"href":"https:\/\/www.invarena.cz\/index.php?rest_route=%2Fwp%2Fv2%2Fmedia&parent=21179"}],"wp:term":[{"taxonomy":"category","embeddable":true,"href":"https:\/\/www.invarena.cz\/index.php?rest_route=%2Fwp%2Fv2%2Fcategories&post=21179"},{"taxonomy":"post_tag","embeddable":true,"href":"https:\/\/www.invarena.cz\/index.php?rest_route=%2Fwp%2Fv2%2Ftags&post=21179"}],"curies":[{"name":"wp","href":"https:\/\/api.w.org\/{rel}","templated":true}]}}