{"id":21185,"date":"2015-05-06T08:26:59","date_gmt":"2015-05-06T06:26:59","guid":{"rendered":"http:\/\/www.invarena.cz\/?p=21185"},"modified":"2015-05-06T08:26:59","modified_gmt":"2015-05-06T06:26:59","slug":"projekt-koruna-za-kilo","status":"publish","type":"post","link":"https:\/\/www.invarena.cz\/?p=21185","title":{"rendered":"Projekt Koruna za kilo"},"content":{"rendered":"<p><strong>FTV Prima bude u\u017e tuto sobotu vys\u00edlat zpr\u00e1vy \u017eiv\u011b p\u0159\u00edmo z n\u00e1m\u011bst\u00ed v Pardubic\u00edch. Postupn\u011b nav\u0161t\u00edv\u00ed dal\u0161\u00ed \u010desk\u00e1 m\u011bsta. V r\u00e1mci t\u00e9to roadshow bude unik\u00e1tn\u00ed sout\u011b\u017e ve sb\u011bru star\u00e9ho elektra. A t\u00edm, \u017ee se do sout\u011b\u017ee lid\u00e9 zapoj\u00ed, pomohou handicapovan\u00fdm.<\/strong><!--more--><\/p>\n<p>Prima FTV <\/p>\n<p>Star\u00fd mobiln\u00ed telefon, nefunk\u010dn\u00ed f\u00e9n, toustova\u010d, kalkula\u010dka nebo star\u00e9 r\u00e1dio. Zastaral\u00e9 a mnohdy i nefunk\u010dn\u00ed elektrozbo\u017e\u00ed m\u00e1 doma ur\u010dit\u011b ka\u017ed\u00fd z n\u00e1s. Pokud si l\u00e1mete hlavu, co s takov\u00fdmi v\u011bcmi, m\u00e1me pro v\u00e1s \u0159e\u0161en\u00ed. Kdy\u017e je vhod\u00edte do \u010derven\u00fdch kontejner\u016f, pom\u016f\u017eete handicapovan\u00fdm z\u00edskat pr\u00e1ci.<\/p>\n<p>Martina \u010eA\u010eOV\u00c1, mluv\u010d\u00ed ASEKOL:  Ve spolupr\u00e1ci s nada\u010dn\u00edm fondem Rovn\u00e1 \u0161ance spustili projekt Koruna za kilo a za ka\u017ed\u00e9 vyt\u0159\u00edzen\u00e9 kilo a elektroza\u0159\u00edzen\u00ed v \u010derven\u00fdch kontejnerech p\u0159isp\u00edv\u00e1me jednou korunou na nadaci Rovn\u00e1 \u0161ance.<\/p>\n<p>V\u00e1clav KR\u00c1SA, p\u0159edseda NRZP:  On m\u00e1 p\u0159esn\u011b to posl\u00e1n\u00ed, \u017ee m\u00e1 podporovat osoby se zdravotn\u00edm posti\u017een\u00edm a jednou z t\u011bch v\u011bc\u00ed je tak\u00e9 podporovat zam\u011bstn\u00e1v\u00e1n\u00ed osob se zdravotn\u00edm posti\u017een\u00edm.<\/p>\n<p>Martina \u010eA\u010eOV\u00c1, ASEKOL:   Na n\u00e1m\u011bst\u00ed krom\u011b bohat\u00e9ho programu bude um\u00edst\u011bn i \u010derven\u00fd kontejner, do kter\u00e9ho lid\u00e9 vlastn\u011b mohou p\u0159in\u00e9st to vyslou\u017eil\u00e9 elektroza\u0159\u00edzen\u00ed.<\/p>\n<p>Ale\u0161 P\u00ddCHA, \u0161\u00e9f marketingu FTV Prima: Kdy\u017e lid\u00e9 p\u0159inesou elektroza\u0159\u00edzen\u00ed p\u0159\u00edmo na jednu ze zast\u00e1vek na\u0161\u00ed roadshow, tak nada\u010dn\u00ed fond z\u00edsk\u00e1 ne jednu korunu za ka\u017ed\u00e9 vyt\u0159\u00edzen\u00e9 kilo, ale rovnou 10 korun.<\/p>\n<p>Ten, kdo donese v r\u00e1mci cel\u00e9 roadshow nejv\u00edc kilo, vyhraje chytr\u00fd telefon. Sout\u011b\u017eit mezi sebou ale budou i jednotliv\u00e1 m\u011bsta.<\/p>\n<p>\u010eA\u010eOV\u00c1, :  Prvn\u00ed t\u0159i, kter\u00e1 budou v \u017eeb\u0159\u00ed\u010dku, kde vysb\u00edraj\u00ed lid\u00e9 nejv\u00edce, ty odm\u011bn\u00edme \u0161eky na charitativn\u00ed \u00fa\u010dely.<\/p>\n<p>Prima FTV <\/p>\n","protected":false},"excerpt":{"rendered":"<div class=\"mh-excerpt\"><p>FTV Prima bude u\u017e tuto sobotu vys\u00edlat zpr\u00e1vy \u017eiv\u011b p\u0159\u00edmo z n\u00e1m\u011bst\u00ed v Pardubic\u00edch. Postupn\u011b nav\u0161t\u00edv\u00ed dal\u0161\u00ed \u010desk\u00e1 m\u011bsta. V r\u00e1mci t\u00e9to roadshow bude unik\u00e1tn\u00ed <a class=\"mh-excerpt-more\" href=\"https:\/\/www.invarena.cz\/?p=21185\" title=\"Projekt Koruna za kilo\">[&#8230;]<\/a><\/p>\n<\/div>","protected":false},"author":1,"featured_media":21201,"comment_status":"open","ping_status":"closed","sticky":false,"template":"","format":"standard","meta":{"footnotes":""},"categories":[7],"tags":[],"class_list":["post-21185","post","type-post","status-publish","format-standard","has-post-thumbnail","hentry","category-spolecnost"],"_links":{"self":[{"href":"https:\/\/www.invarena.cz\/index.php?rest_route=\/wp\/v2\/posts\/21185","targetHints":{"allow":["GET"]}}],"collection":[{"href":"https:\/\/www.invarena.cz\/index.php?rest_route=\/wp\/v2\/posts"}],"about":[{"href":"https:\/\/www.invarena.cz\/index.php?rest_route=\/wp\/v2\/types\/post"}],"author":[{"embeddable":true,"href":"https:\/\/www.invarena.cz\/index.php?rest_route=\/wp\/v2\/users\/1"}],"replies":[{"embeddable":true,"href":"https:\/\/www.invarena.cz\/index.php?rest_route=%2Fwp%2Fv2%2Fcomments&post=21185"}],"version-history":[{"count":0,"href":"https:\/\/www.invarena.cz\/index.php?rest_route=\/wp\/v2\/posts\/21185\/revisions"}],"wp:featuredmedia":[{"embeddable":true,"href":"https:\/\/www.invarena.cz\/index.php?rest_route=\/wp\/v2\/media\/21201"}],"wp:attachment":[{"href":"https:\/\/www.invarena.cz\/index.php?rest_route=%2Fwp%2Fv2%2Fmedia&parent=21185"}],"wp:term":[{"taxonomy":"category","embeddable":true,"href":"https:\/\/www.invarena.cz\/index.php?rest_route=%2Fwp%2Fv2%2Fcategories&post=21185"},{"taxonomy":"post_tag","embeddable":true,"href":"https:\/\/www.invarena.cz\/index.php?rest_route=%2Fwp%2Fv2%2Ftags&post=21185"}],"curies":[{"name":"wp","href":"https:\/\/api.w.org\/{rel}","templated":true}]}}