{"id":2120,"date":"2013-03-11T09:47:25","date_gmt":"2013-03-11T08:47:25","guid":{"rendered":"http:\/\/www.invarena.cz\/?p=2120"},"modified":"2013-03-13T11:01:17","modified_gmt":"2013-03-13T10:01:17","slug":"zeman-projekt-skaret-nebyla-chyba-ale-zlocin","status":"publish","type":"post","link":"https:\/\/www.invarena.cz\/?p=2120","title":{"rendered":"Zeman: Projekt sKaret nebyla chyba, ale zlo\u010din"},"content":{"rendered":"<p>Nov\u00fd prezident Milo\u0161 Zeman (na sn\u00edmku) se v hodinov\u00e9m po\u0159adu Partie v televizi Prima FTV stihl vyj\u00e1d\u0159it i k projektu sKaret. Je tedy z\u0159ejm\u00e9, \u017ee se moment\u00e1ln\u011b jedn\u00e1 o velk\u00fd probl\u00e9m, kter\u00fd h\u00fdbe \u010deskou spole\u010dnost\u00ed a politikou.<br \/>\n<!--more--><br \/>\nVe st\u0159edu je na programu projedn\u00e1v\u00e1n\u00ed projektu sKaret. Milo\u0161 Zeman se ho pr\u00fd bohu\u017eel v\u00fdjime\u010dn\u011b nem\u016f\u017ee z\u00fa\u010dastnit, proto\u017ee m\u00e1 na pl\u00e1nu setk\u00e1n\u00ed s hejtmany v kraj\u00edch.<br \/>\nU\u017e p\u0159edem ale avizuje, \u017ee sKarty podle n\u011bj nejsou chybou, mysl\u00ed si, \u017ee se jedn\u00e1 rovnou o zlo\u010din.<\/p>\n<p>&#8222;Pan Dr\u00e1bek byl jeden z nejhor\u0161\u00edch, ne-li zcela nejhor\u0161\u00ed, ministr pr\u00e1ce a soci\u00e1ln\u00edch v\u011bc\u00ed. Kdyby ned\u011blal nic, prosp\u011bl by zemi mnohem v\u00edce ne\u017e sv\u00fdmi \u010diny, kter\u00e9 ud\u011blal, \u010di p\u0159esn\u011bji \u0159e\u010deno sp\u00e1chal,&#8220; zkritizoval Zeman Dr\u00e1bkovu pr\u00e1ci na MPSV.<\/p>\n<p>Podle Zemana se Dr\u00e1bek dopustil &#8222;zlo\u010dinu&#8220;, kdy\u017e bance sl\u00edbil nesplniteln\u00e9, tedy \u017ee karty se budou t\u00fdkat i starobn\u00edch d\u016fchodc\u016f. Banka se c\u00edt\u00ed podvedena.<\/p>\n<p>A co na to Dr\u00e1bek? &#8222;Pan prezident se ji\u017e t\u0159et\u00ed den, kdy je ve sv\u00e9 funkci, vr\u00e1til ke sv\u00fdm velmi zjednodu\u0161uj\u00edc\u00edm bonmot\u016fm. V tomto p\u0159\u00edpad\u011b p\u0159esn\u011bji \u0159e\u010deno malmot\u016fm, p\u0159esto\u017ee s\u00e1m tot\u00e9\u017e kritizuje u novin\u00e1\u0159\u016f,&#8220; reagoval na dotaz novin\u00e1\u0159\u016f exministr. Dodejme jen, \u017ee malmot je podle medi\u00e1ln\u00edho kritika Vladim\u00edra Justa v podstat\u011b synonymum pro nad\u00e1vku. A\u0165 u\u017e kritika nebo nad\u00e1vka, se Zemanov\u00fdmi slovy dnes souhlasila zna\u010dn\u00e1 \u010d\u00e1st politick\u00e9ho spektra.<\/p>\n<p><strong>Prezident bude naslouchat lidem<\/strong><\/p>\n<p>I p\u0159es sv\u016fj nabit\u00fd program ale nechce zapom\u00ednat na &#8222;doln\u00edch deset milion\u016f lid\u00ed&#8220;, kter\u00e9 pl\u00e1nuje pravideln\u011b nav\u0161t\u011bvovat prost\u0159ednictv\u00edm sv\u00fdch cest nap\u0159\u00ed\u010d republikou. Cht\u011bl by tak nav\u00e1zat na tradici sv\u00e9ho p\u0159edch\u016fdce V\u00e1clava Klause, kter\u00fd se pravideln\u011b setk\u00e1val s v\u00fdznamn\u00fdmi osobnostmi jednotliv\u00fdch kraj\u016f. &#8222;Cht\u011bl bych, aby lid\u00e9 na setk\u00e1n\u00ed se mnou chodili dobrovoln\u011b. A n\u00e1m\u011bst\u00ed je pro tento \u00fa\u010del vhodn\u00fdm f\u00f3rem,&#8220; nast\u00ednil, jak hodl\u00e1, mimo jin\u00e9, oslovovat ve\u0159ejnost.<\/p>\n<p>invArena<\/p>\n","protected":false},"excerpt":{"rendered":"<div class=\"mh-excerpt\"><p>Nov\u00fd prezident Milo\u0161 Zeman (na sn\u00edmku) se v hodinov\u00e9m po\u0159adu Partie v televizi Prima FTV stihl vyj\u00e1d\u0159it i k projektu sKaret. Je tedy z\u0159ejm\u00e9, \u017ee <a class=\"mh-excerpt-more\" href=\"https:\/\/www.invarena.cz\/?p=2120\" title=\"Zeman: Projekt sKaret nebyla chyba, ale zlo\u010din\">[&#8230;]<\/a><\/p>\n<\/div>","protected":false},"author":3,"featured_media":2134,"comment_status":"open","ping_status":"open","sticky":false,"template":"","format":"standard","meta":{"footnotes":""},"categories":[6],"tags":[],"class_list":["post-2120","post","type-post","status-publish","format-standard","has-post-thumbnail","hentry","category-politika"],"_links":{"self":[{"href":"https:\/\/www.invarena.cz\/index.php?rest_route=\/wp\/v2\/posts\/2120","targetHints":{"allow":["GET"]}}],"collection":[{"href":"https:\/\/www.invarena.cz\/index.php?rest_route=\/wp\/v2\/posts"}],"about":[{"href":"https:\/\/www.invarena.cz\/index.php?rest_route=\/wp\/v2\/types\/post"}],"author":[{"embeddable":true,"href":"https:\/\/www.invarena.cz\/index.php?rest_route=\/wp\/v2\/users\/3"}],"replies":[{"embeddable":true,"href":"https:\/\/www.invarena.cz\/index.php?rest_route=%2Fwp%2Fv2%2Fcomments&post=2120"}],"version-history":[{"count":0,"href":"https:\/\/www.invarena.cz\/index.php?rest_route=\/wp\/v2\/posts\/2120\/revisions"}],"wp:featuredmedia":[{"embeddable":true,"href":"https:\/\/www.invarena.cz\/index.php?rest_route=\/wp\/v2\/media\/2134"}],"wp:attachment":[{"href":"https:\/\/www.invarena.cz\/index.php?rest_route=%2Fwp%2Fv2%2Fmedia&parent=2120"}],"wp:term":[{"taxonomy":"category","embeddable":true,"href":"https:\/\/www.invarena.cz\/index.php?rest_route=%2Fwp%2Fv2%2Fcategories&post=2120"},{"taxonomy":"post_tag","embeddable":true,"href":"https:\/\/www.invarena.cz\/index.php?rest_route=%2Fwp%2Fv2%2Ftags&post=2120"}],"curies":[{"name":"wp","href":"https:\/\/api.w.org\/{rel}","templated":true}]}}