{"id":21222,"date":"2015-05-07T09:15:16","date_gmt":"2015-05-07T07:15:16","guid":{"rendered":"http:\/\/www.invarena.cz\/?p=21222"},"modified":"2015-05-07T09:15:16","modified_gmt":"2015-05-07T07:15:16","slug":"kmochova-na-deaflympiade-v-rusku-zarila-cesi-celkove-skoncili-druzi","status":"publish","type":"post","link":"https:\/\/www.invarena.cz\/?p=21222","title":{"rendered":"Kmochov\u00e1 na deaflympi\u00e1d\u011b v Rusku z\u00e1\u0159ila, \u010ce\u0161i celkov\u011b skon\u010dili  druz\u00ed"},"content":{"rendered":"<p><strong>S druh\u00fdm m\u00edstem v medailov\u00e9m po\u0159ad\u00ed zem\u00ed se vr\u00e1tila osmi\u010dlenn\u00e1 \u010desk\u00e1 v\u00fdprava sluchov\u011b posti\u017een\u00fdch sportovc\u016f z deaflympi\u00e1dy v Rusku. K p\u011bti triumf\u016fm ly\u017ea\u0159ky Terezy Kmochov\u00e9 p\u0159idal \u0161est\u00e9 zlato snowboardista Tom\u00e1\u0161 Pazdera a st\u0159\u00edbro sjezda\u0159ka Veronika Grygarov\u00e1.<\/strong><!--more--><\/p>\n<p><strong><br \/>\n\u010cesk\u00e1 televize<\/strong><\/p>\n<p>O to, \u017ee \u010cechy v medailov\u00e9m \u017eeb\u0159\u00ed\u010dku p\u0159edstihlo pouze po\u0159\u00e1daj\u00edc\u00ed Rusko, se postarala p\u0159edev\u0161\u00edm Kmochov\u00e1. \u010cty\u0159iadvacetilet\u00e9 studentce se poda\u0159ilo ovl\u00e1dnout v\u0161ech p\u011bt alpsk\u00fdch discipl\u00edn: \u010dty\u0159i zlat\u00e9 z\u00edskala na sjezdovce v Magnitogorsku, p\u00e1tou p\u0159idala v z\u00e1v\u011bre\u010dn\u00e9m slalomu v Chanty-Mansijsku.<\/p>\n<p>P\u011bt medail\u00ed Kmochov\u00e1 vybojovala tak\u00e9 na p\u0159edchoz\u00ed deaflympi\u00e1d\u011b v roce 2007 v Salt Lake City, tehdy byly zlat\u00e9 dv\u011b z nich. &#8222;P\u0159ed deaflympi\u00e1dou jsem po\u010d\u00edtala, \u017ee p\u0159ivezu n\u011bjakou tu medaili, ale nikdy by m\u011b nenapadlo, \u017ee jich bude p\u011bt a \u017ee budou v\u0161echny zlat\u00e9. To je prost\u011b fantazie,&#8220; uvedla Kmochov\u00e1.<\/p>\n<p>Pazdera vyhr\u00e1l snowboardcross, kter\u00fd m\u011bl na deaflympi\u00e1d\u011b premi\u00e9ru. Jeho tren\u00e9rem je Marek Jel\u00ednek, kter\u00fd dohl\u00ed\u017e\u00ed i na olympijskou \u0161ampionku ze So\u010di Evu Samkovou. &#8222;Mus\u00edm moc pod\u011bkovat sv\u00e9mu tren\u00e9rovi Marku Jel\u00ednkovi, \u017ee se mnou snowboardcross tak dlouho piloval a obecn\u011b mi pom\u00e1hal se ve v\u0161ech sm\u011brech zlep\u0161ovat,&#8220; \u0159ekl Pazdera.<\/p>\n<p>Grygarov\u00e1 z\u00edskala st\u0159\u00edbro ve sjezdu, v n\u011bm\u017e ji porazila jen Kmochov\u00e1. Dal\u0161\u00ed v\u00fdkony \u010desk\u00e9 nad\u011bje v\u0161ak poznamenaly vysok\u00e9 hore\u010dky, kter\u00e9 se nevyhnuly ani zbytku v\u00fdpravy.<\/p>\n<p><strong>Tereza Kmochov\u00e1, Tom\u00e1\u0161 Pazdera a matka a tren\u00e9rka \u010desk\u00e9 reprezentantky Kate\u0159ina Prok\u0161ov\u00e1 byli tak\u00e9 hosty dopoledn\u00edho Radio\u017eurn\u00e1lu<\/strong><\/p>\n<p>moder\u00e1torka:<br \/>\n<strong>Tak co d\u011blaj\u00ed sportovci po tak \u00fasp\u011b\u0161n\u00e9 sezon\u011b. Terezo. Co d\u011blaj\u00ed sportovci, kdy\u017e maj\u00ed \u00fasp\u011b\u0161nou sezonu za sebou?<\/strong><\/p>\n<p>Tereza KMOCHOV\u00c1, ly\u017ea\u0159ka:<br \/>\nNo v\u011bt\u0161inou odpo\u010d\u00edv\u00e1me, ale j\u00e1 nem\u00e1m \u010das na odpo\u010dinek, proto\u017ee j\u00e1 d\u011bl\u00e1m bakal\u00e1\u0159skou pr\u00e1ci a m\u00e1m na to vlastn\u011b jenom m\u011bs\u00edc a u\u017e m\u00e1m docela n\u016f\u017e na krku a nev\u00edm, jestli to stihnu, ale vypad\u00e1 to, \u017ee jo.<\/p>\n<p>:<br \/>\n\u0158\u00edk\u00e1 studentka v oboru molekul\u00e1rn\u00ed biologie, \u0159\u00edk\u00e1m to dob\u0159e?<\/p>\n<p>Tereza KMOCHOV\u00c1, ly\u017ea\u0159ka:<br \/>\nNo molekul\u00e1rn\u00ed biologie, no.<\/p>\n<p>:<br \/>\nMolekul\u00e1rn\u00ed biologie, bakal\u00e1\u0159sk\u00e1 pr\u00e1ce za m\u011bs\u00edc, budeme v\u00e1m dr\u017eet palce.<\/p>\n<p>Tereza KMOCHOV\u00c1, ly\u017ea\u0159ka:<br \/>\nD\u011bkuju.<br \/>\n:<br \/>\nTom\u00e1\u0161i, co vy?<\/p>\n<p>Tom\u00e1\u0161 PAZDERA, snowboardista:<br \/>\nTak popravd\u011b j\u00e1 v\u011bt\u0161inou jenom slav\u00edm, tak\u017ee jako &#8230;<\/p>\n<p>:<br \/>\nTo u\u017e slav\u00edte t\u0159et\u00ed t\u00fdden?<\/p>\n<p>Tom\u00e1\u0161 PAZDERA, snowboardista:<br \/>\n&#8230; proto\u017ee tohle to je v\u00fdjime\u010dn\u00e1 ud\u00e1lost, ale zase vzhledem k tomu, \u017ee jsme absolvovali hodn\u011b tr\u00e9nink\u016f a i docela n\u00e1s to i psychicky i fyzicky zat\u00ed\u017eilo, tak\u017ee m\u00e1me takovou pauzu \/nesrozumiteln\u00e9\/, tak\u017ee, ale popravd\u011b to u\u017e sp\u00ed\u0161 jenom \u017ee v\u0161ichni cht\u011bj\u00ed, abysme se, abysme si to u\u017eili a slav\u00edme to jenom.<\/p>\n<p>:<br \/>\nTak jedin\u00fd, kdo by tady teoreticky mohl odpo\u010d\u00edvat, je Kate\u0159ina Prok\u0161ov\u00e1, maminka Terezy a tren\u00e9rka. Tak co, d\u011bl\u00e1te to?<\/p>\n<p>Kate\u0159ina PROK\u0160OV\u00c1, tren\u00e9rka:<br \/>\nJ\u00e1 tedy trochu odpo\u010d\u00edv\u00e1m, to je pravda, ale taky se sna\u017e\u00edm pom\u00e1hat, kde to jde a tak\u00e9 je pot\u0159eba p\u0159ipravit postupn\u011b tr\u00e9nink a v\u0161echny z\u00e1le\u017eitosti ohledn\u011b p\u0159\u00edpravy na p\u0159\u00ed\u0161t\u00ed sezonu, tak\u017ee se sna\u017e\u00edme d\u011blat v\u0161echno tohle a d\u00e1t dohromady v\u0161echny resty, kter\u00e9 se naskl\u00e1daly za celou zimu.<\/p>\n<p>:<br \/>\nU Terezy v\u00edme, \u017ee vlastn\u011b m\u00e1 100 % ztr\u00e1tu sluchu na ob\u011b u\u0161i. Jak jste na tom vy?<\/p>\n<p>Tom\u00e1\u0161 PAZDERA, snowboardista:<br \/>\nTak j\u00e1 m\u00e1m popravd\u011b taky skoro 100 %, p\u0159esn\u011b teda 99,9, ale jako jsem na tom stejn\u011b jako Tereza.<\/p>\n<p>:<br \/>\nJ\u00e1 si neum\u00edm p\u0159edstavit, jak je to limituj\u00edc\u00ed pro v\u00e1\u0161 sport. M\u016f\u017eete mi to vysv\u011btlit, Terezo? Ly\u017eov\u00e1n\u00ed.<\/p>\n<p>Tereza KMOCHOV\u00c1, ly\u017ea\u0159ka:<br \/>\nNo, j\u00e1 jsem se s t\u00edm narodila, tak\u017ee vlastn\u011b s t\u00edm \u017eiju celej \u017eivot a nev\u00edm, jestli to je pro m\u011b n\u011bjak limituj\u00edc\u00ed, j\u00e1 \u017eiju \u00fapln\u011b norm\u00e1ln\u011b a nem\u00e1m s t\u00edm v\u016fbec \u017e\u00e1dn\u00fd probl\u00e9m. Jenom akor\u00e1t asi d\u00e9le trvalo, ne\u017e jsem se nau\u010dila mluvit a vlastn\u011b komunikovat s t\u011bma lidma v m\u00fdm okol\u00ed, ale zat\u00edm je to po\u0159\u00e1d dobr\u00fd.<\/p>\n<p>:<br \/>\nJ\u00e1 jsem na ly\u017e\u00edch jezdila, sice nem\u00e1m tolik medail\u00ed jako vy, ale v\u00edm, \u017ee ob\u010das z t\u00e9 vys\u00edla\u010dky naho\u0159e \u010dlov\u011bk pot\u0159ebuje n\u011bco sly\u0161et, tak jak to d\u011bl\u00e1te?<\/p>\n<p>Tereza KMOCHOV\u00c1, ly\u017ea\u0159ka:<br \/>\nNo, je to pravda. J\u00e1 prost\u011b pot\u0159ebujeme komunikovat s t\u011bma vys\u00edla\u010dkama a pr\u00e1v\u011b n\u011bkdo mus\u00ed b\u00fdt p\u0159\u00edmo u m\u011b na tom kopci, kterej mi zprost\u0159edkuje ty zpr\u00e1vy v t\u00fd vys\u00edla\u010dce a v\u011bt\u0161inou je to teda m\u00e1ma nebo t\u00e1ta nebo prost\u011b i ty lidi, se kter\u00fdma tr\u00e9nuju a oni mi to v\u017edycky p\u0159elo\u017eej\u00ed.<\/p>\n<p>:<br \/>\nCo \u0159\u00edk\u00e1te Tereze, maminko?<\/p>\n<p>Kate\u0159ina PROK\u0160OV\u00c1, tren\u00e9rka:<br \/>\nNo je to p\u0159esn\u011b tak, jak Terka \u0159\u00edk\u00e1. J\u00e1 se sna\u017e\u00edm v\u017edycky p\u0159etlumo\u010dit to, co se z vys\u00edla\u010dky vys\u00edl\u00e1. Tak\u017ee se sna\u017e\u00edm Terku honit na kopci a b\u00fdt po\u0159\u00e1d co nejv\u00edc s n\u00ed. P\u0159ed startem jsme v\u017edycky domluveni, \u017ee ten prost\u011b jeden z n\u00e1s, bu\u010f j\u00e1 nebo Standa bude, nebo prost\u011b kdokoli jin\u00fd, kdo n\u00e1m m\u016f\u017ee pom\u00e1hat z ostatn\u00edch tren\u00e9r\u016f, tak\u017ee je to tak, jak Terka \u0159\u00edkala.<\/p>\n<p>:<br \/>\nA jak je to s t\u00edm zvukov\u00fdm sign\u00e1lem t\u0159eba nebo jak se startuje vlastn\u011b?<\/p>\n<p>Tereza KMOCHOV\u00c1, ly\u017ea\u0159ka:<br \/>\nNo startuje se, tak nesm\u00edme \/nesrozumiteln\u00e9\/ hodiny, kde to vid\u011bt ten \u010das toho startu a kdy\u017e u\u017e tam prost\u011b nejsou, tak \u0159ekneme p\u0159ed t\u00edm startem tomu start\u00e9rovi, aby mi uk\u00e1zal n\u011bjakej \/nesrozumiteln\u00e9\/ a pak 5, 4, 3 a takhle odpo\u010d\u00edt\u00e1vat t\u011bma prstama, ale no &#8230;<\/p>\n<p>:<br \/>\nA pak m\u00e1vne.<\/p>\n<p>Tereza KMOCHOV\u00c1, ly\u017ea\u0159ka:<br \/>\nNo, no, no. A my m\u00e1me takovej limit, \u017ee m\u016f\u017eeme odstartovat kdykoli od 5 do 0, tak\u017ee j\u00e1 v\u011bt\u0161inou startuju na 3. N\u011bjak to ne\u0159e\u0161\u00edm ani.<\/p>\n<p>:<br \/>\nTom\u00e1\u0161i, jak to m\u00e1te vy na startu? Je to podobn\u011b t\u0159eba?<\/p>\n<p>Tom\u00e1\u0161 PAZDERA, snowboardista:<br \/>\nNe. U m\u011b je to takov\u00fd tro\u0161ku obt\u00ed\u017en\u011bj\u0161\u00ed, proto\u017ee na startu je n\u00e1s v\u00edc, tak\u017ee tam start\u00e9r, kter\u00fd je v\u017edycky za n\u00e1ma, tak v\u017edycky jenom za\u010dne n\u00e1m mluvit a vzhledem k tomu, \u017ee s tren\u00e9rem a spole\u010dn\u011b s cel\u00fdm snowboardcrossov\u00fdm t\u00fdmem jsme jakoby natr\u00e9novali, jak vn\u00edmat nebo jak reagovat na to, kdy\u017e t\u0159eba start\u00e9r za\u010dne mluvit a p\u0159ipravovat ke startu. Ale ten snowboardcross je v podstat\u011b tro\u0161inku jednodu\u0161\u0161\u00ed v tom, \u017ee pokud je ten \u010dlov\u011bk u\u017e d\u0159\u00edv p\u0159ipravenej, tak m\u016f\u017ee vystartovat d\u0159\u00edv ne\u017e i t\u0159eba sly\u0161\u00edc\u00ed lidi.<br \/>\n:<br \/>\nJ\u00e1 jsem na to, kolik m\u00e1te zbytku sluchu ptala proto, \u017ee t\u0159eba nev\u00edm, jestli to nep\u0159in\u00e1\u0161\u00ed i n\u011bjak\u00e9 probl\u00e9my s rovnov\u00e1hou t\u0159eba?<\/p>\n<p>Tom\u00e1\u0161 PAZDERA, snowboardista:<br \/>\nJe to pravda, vlastn\u011b j\u00e1 ob\u010das jako m\u00e1m probl\u00e9m, kdy\u017e jako sund\u00e1m sluchadlo, tak\u017ee nesly\u0161\u00edm v\u016fbec nic. Ale my jsme te\u010fko s tren\u00e9rama jako tr\u00e9novali n\u011bjakou dobu, tak\u017ee pak jsem ten probl\u00e9m nem\u011bl.<\/p>\n<p>:<br \/>\nDeaflympi\u00e1da se jede bez sluchadla.<\/p>\n<p>Tom\u00e1\u0161 PAZDERA, snowboardista:<br \/>\nAno.<\/p>\n<p>:<br \/>\nTam je to, prost\u011b nesm\u00edte.<\/p>\n<p>Tereza KMOCHOV\u00c1, ly\u017ea\u0159ka:<br \/>\nNes\u00edme tam m\u00edt sluchadlo.<\/p>\n<p>:<br \/>\nTak\u017ee je lep\u0161\u00ed jako jste to \u0159\u00edkal vy, Tom\u00e1\u0161i, \u017ee je lep\u0161\u00ed tr\u00e9novat bez, proto\u017ee pak u\u017e \u010dlov\u011bk jede norm\u00e1ln\u011b.<\/p>\n<p>Tom\u00e1\u0161 PAZDERA, snowboardista:<br \/>\nP\u0159esn\u011b tak. J\u00e1 si mysl\u00edm, \u017ee i jako sportovci by i m\u011bli v\u011bd\u011bt, \u017ee na z\u00e1vodech jsou jin\u00e9 jakoby motivace, jin\u00fd nervy, tak\u017ee i na t\u011bch z\u00e1vodech, na t\u011bch z\u00e1vodech musej\u00ed prost\u011b tr\u00e9novat i bez sluchadla.<\/p>\n<p>:<br \/>\nA kdy\u017e u\u017e jsme zm\u00ednili nervy, jste nervozn\u00ed p\u0159ed startem? Tereza je favoritka v\u0161ech deaflympionick\u00fdch sout\u011b\u017e\u00ed, tak jak?<\/p>\n<p>Tereza KMOCHOV\u00c1, ly\u017ea\u0159ka:<br \/>\nNo j\u00e1 jsem pr\u00e1v\u011b stra\u0161n\u011b nervozn\u00ed, proto\u017ee j\u00e1 si nesm\u00edm ud\u011blat t\u0159eba \/nesrozumiteln\u00e9\/ a z toho pramenila ta nervozita, proto\u017ee jinak by m\u011b konkurenti mohli ohrozit, j\u00e1 jsem prost\u011b \u0161la za tou zlatou medail\u00ed, kterou jsem cht\u011bla a no byla jsem stra\u0161n\u011b nervozn\u00ed i norm\u00e1ln\u011b podlamovaly kolena na startu, ale ust\u00e1la jsem to a dopadlo to dob\u0159e.<\/p>\n<p>No l\u00e9pe to dopadnout nemohlo. Terezo, co d\u011bl\u00e1te, tedy pardon Kate\u0159ino, co d\u011bl\u00e1te, kdy\u017e vid\u00edte, \u017ee va\u0161e dcera je na startu nervozn\u00ed?<\/p>\n<p>Kate\u0159ina PROK\u0160OV\u00c1, tren\u00e9rka:<br \/>\nNo p\u0159izn\u00e1m se, \u017ee jsem se sna\u017eila zmizet, jak nejrychleji to \u0161lo, abych tu nervozitu je\u0161t\u011b nezv\u00fd\u0161ila. Jinak se, jsem se sna\u017eila Terce \u0159\u00edct, aby byla naprosto v pohod\u011b, \u017ee v\u0161echno je dobr\u00e9, prost\u011b naladit ji, ji na dobrou notu, ale opravdu jsem se sna\u017eila prost\u011b z toho startu zmizet nebo z toho p\u0159edstartovn\u00edho pole zmizet co nejd\u0159\u00edve, abych na n\u00ed tu nervozitu, kter\u00e1 byla i ve mn\u011b pochopiteln\u011b, tak abych to nep\u0159en\u00e1\u0161ela i na n\u00ed. A taky tady asi mus\u00edm zm\u00ednit obrovskou pomoc a vynikaj\u00edc\u00ed pr\u00e1ci na\u0161eho fyzioterapeuta Kry\u0161tofa Kuby, kter\u00fd se Terky vlastn\u011b ujal v t\u011bchto p\u0159edstartovn\u00edch situac\u00edch a opravdu \u00fapln\u011b senza\u010dn\u00edm zp\u016fsobem se sna\u017eil ve\u0161kerou nervozitu rozpt\u00fdlit, nechat Terku zapomenout na v\u0161echny tyhle ty p\u0159edstartovn\u00ed stresy a prost\u011b pomoct j\u00ed natolik, aby byla v pohod\u011b a skute\u010dn\u011b se na tom startu mohla odp\u00edchnout a ve\u0161kerou nervozitu nechat za sebou. A fakt je, \u017ee potom teda p\u0159edvedla \u00fapln\u011b skv\u011bl\u00fd j\u00edzdy, tak\u017ee jsme byli hrozn\u011b r\u00e1di.<\/p>\n<p>:<br \/>\npro ty, co nikdy nebyli na olympi\u00e1d\u011b pro sluchov\u011b posti\u017een\u00e9. Jak moc se li\u0161\u00ed od t\u00e9 opravdov\u00e9?<\/p>\n<p>Tom\u00e1\u0161 PAZDERA, snowboardista:<br \/>\nNo, popravd\u011b li\u0161\u00ed se hodn\u011b medializace, tam jako t\u0159eba nap\u0159\u00edklad v So\u010di, tam je velik\u00e1 n\u00e1v\u0161t\u011bvnost a na druhou stranu Deaflympi\u00e1da, olympi\u00e1da pro sluchov\u011b posti\u017een\u00fd, tam je mnohem m\u00ed\u0148 jakoby z\u00e1vodn\u00edk\u016f, proto\u017ee jako i mo\u017en\u00e1 i ta atmosf\u00e9ra je tro\u0161ku jin\u00e1 ne\u017e jako na t\u00fd olympi\u00e1d\u011b.<\/p>\n<p>:<br \/>\nTak\u017ee nem\u00e1m \u010dekat takovou jako velkou akci?<\/p>\n<p>Tom\u00e1\u0161 PAZDERA, snowboardista:<br \/>\nMus\u00edm \u0159\u00edct, \u017ee kdy\u017e jsem byl na jin\u00fd Deaflympi\u00e1d\u011b, tak tahle Deaflympi\u00e1da, Deaflympi\u00e1da byla pom\u011brn\u011b dost jakoby i zaj\u00edmav\u00e1, mysl\u00edm si, \u017ee i n\u00e1m se to l\u00edbilo, mysl\u00edm, \u017ee i v\u0161ichni kejvaj\u00ed, \u017ee jo. A j\u00e1 si mysl\u00edm, \u017ee j\u00e1 jsem si to docela i n\u00e1ramn\u011b u\u017eil.<\/p>\n<p>:<br \/>\nTerezo, jak je to u prof\u00edk\u016f, u profesion\u00e1l\u016f sportovc\u016f v\u00edme, maj\u00ed velk\u00e9 t\u00fdmy, hodn\u011b sponzor\u016f, hodn\u011b pen\u011bz, jak to m\u00e1te vy?<\/p>\n<p>Tereza KMOCHOV\u00c1, ly\u017ea\u0159ka:<br \/>\nNo, my m\u00e1me malej rodinnej t\u00fdm, takov\u00fd skromn\u00fd, ale je fakt, \u017ee u t\u011bch zdravejch \/nesrozumiteln\u00e9\/ a prost\u011b se stane, \u017ee my v\u0161eho, co pot\u0159ebujeme a m\u011b rodinnej t\u00fdm a mus\u00edme navz\u00e1jem spolupracovat a je\u017e\u00ed\u0161 &#8230;<\/p>\n<p>:<br \/>\nNo maminka by mohla, maminka by mohla doplnit, proto\u017ee vlastn\u011b m\u00e1me tady tren\u00e9rku, \u017ee jo, tak\u017ee kolik v\u00e1s je? M\u00e1m si p\u0159edstavit, \u017ee jste t\u0159eba vy, n\u011bjak\u00fd fyzioterapeut a to je tak zhruba v\u0161echno?<\/p>\n<p>Kate\u0159ina PROK\u0160OV\u00c1, tren\u00e9rka:<br \/>\nNo tak v\u011bt\u0161inou jsem tam ponejv\u00edc asi j\u00e1 a Terka jenom. Pravda, je, \u017ee se spojujeme s dal\u0161\u00edmi ly\u017ea\u0159kami. Te\u010f v posledn\u00ed, posledn\u00ed roky Terka tr\u00e9novala a douf\u00e1m bude tr\u00e9novat zase s Ka\u010dkou Paul\u00e1thovou.<\/p>\n<p>:<br \/>\nTo je Slovenka.<\/p>\n<p>Kate\u0159ina PROK\u0160OV\u00c1, tren\u00e9rka:<br \/>\nTo je, to je taky \u010ce\u0161ka, je to reprezentantka Svazu ly\u017ea\u0159\u016f a t\u00fdm \u017een. Vynikaj\u00edc\u00ed ob\u0159\u00e1kl\u00e1\u0159ka, tak\u017ee to jako je pro n\u00e1s i velmi skv\u011bl\u00e1 motivace, tak\u017ee s jej\u00edm rodinn\u00fdm t\u00fdmem velmi r\u00e1di spolupracujeme, navz\u00e1jem si pom\u016f\u017eeme. Pak jsme se je\u0161t\u011b tak\u00e9 spojovali leto\u0161n\u00ed zimu s dal\u0161\u00ed \u0161ikovnou ly\u017ea\u0159kou \u010deskou medailistkou mimo jin\u00e9 z univerzi\u00e1dy s Pavlou Klicnarovou a jej\u00edm tren\u00e9rem, tak\u017ee vlastn\u011b takhle pospojujeme dva mal\u00e9 t\u00fdmy, ale navz\u00e1jem si pom\u00e1h\u00e1me, no. Ob\u010das se k n\u00e1m p\u0159ipoj\u00ed taky t\u00e1ta Standa, tak\u017ee jsem aspo\u0148 3.<\/p>\n<p>:<br \/>\nJak to m\u00e1te vy?<\/p>\n<p>Tom\u00e1\u0161 PAZDERA, snowboardista:<br \/>\nTak j\u00e1 jsem jakoby jedinej snowboardista v \u010cesk\u00fd republice jako sluchov\u011b posti\u017een\u00fd a j\u00e1 jsem spojen\u00fd, jsem v t\u00fdmu Czech Snowboardcross Teamu, kter\u00fd vede n\u00e1\u0161 reprezenta\u010dn\u00ed tren\u00e9r Marek Jel\u00ednek.<\/p>\n<p>:<br \/>\nTo je vlastn\u011b mu\u017e, kter\u00fd tak\u00e9 stoj\u00ed za \u00fasp\u011bchem Evy Samkov\u00e9.<\/p>\n<p>Tom\u00e1\u0161 PAZDERA, snowboardista:<br \/>\nAno, p\u0159esn\u011b tak, i taky za \u00fasp\u011bch m\u011b.<\/p>\n<p>:<br \/>\nA v\u00edte co, j\u00e1, j\u00e1 v\u00edm, \u017ee Eva Samkov\u00e1 vlastn\u011b vzala svoje auto, kter\u00e9 vydra\u017eila za 300 tis\u00edc korun a polovinu z t\u011bch pen\u011bz dala v\u00e1m. Bylo to p\u0159ekvapen\u00ed nebo v\u011bd\u011bl jste co se &#8230;<\/p>\n<p>Tom\u00e1\u0161 PAZDERA, snowboardista:<br \/>\nNev\u011bd\u011bl jsem, popravd\u011b jsem to nev\u011bd\u011bl, hodn\u011b m\u011b to p\u0159ekvapilo a samoz\u0159ejm\u011b mi to ud\u011blalo hrozn\u011b velkou radost, proto\u017ee v dne\u0161n\u00ed dob\u011b m\u00e1me opravdu probl\u00e9m v\u016fbec prosadit novou ml\u00e1de\u017e\/nesrozumiteln\u00e9\/ ke sportu a tohle n\u00e1m hrozn\u011b moc pomohla.<\/p>\n<p>:<br \/>\nVy jste pr\u00fd tak\u00e9 tr\u00e9noval s Evou Samkovou a s d\u011btmi na tr\u00e9ninkov\u00e9m kempu. To si neum\u00edm p\u0159edstavit, jako \u017ee tam jezd\u00ed t\u0159eba osmilet\u00e9 d\u011bti, Samkov\u00e1 a vy?<\/p>\n<p>Tom\u00e1\u0161 PAZDERA, snowboardista:<br \/>\nTak v podstat\u011b j\u00e1 si mysl\u00edm, \u017ee ty d\u011bti hrozn\u011b jako maj\u00ed r\u00e1dy, kdy\u017e jako, kdy\u017e je tr\u00e9nuje vlastn\u011b Eva Samkov\u00e1 a kdy\u017e j\u00e1 jsem zrovna m\u011bl obdob\u00ed, kdy jsem pot\u0159eboval tr\u00e9novat a ne v\u0161ude se d\u00e1 jezdit snowboardcross. Tak\u017ee tam jako v \u010cech\u00e1ch byla postaven\u00e1 snowboardcrossov\u00e1 tra\u0165 a m\u011bl jsem mo\u017enost tu tr\u00e9novat. Ale zase na druhou stranu s d\u011btma jsme si trochu hr\u00e1li, proto\u017ee chv\u00edli s n\u00e1ma soupe\u0159ily jak se mnou nebo s Evou Samkovou, tak v\u017edycky jsme jim nech\u00e1vali velik\u00fd n\u00e1skok, tak\u017ee pro n\u00e1s to byla taky i motivace, abysme je pokou\u0161eli p\u0159edj\u00ed\u017ed\u011bt.<\/p>\n<p>:<br \/>\nVe studiu je se mnou ov\u0161em tak\u00e9 maminka \u010desk\u00e9 reprezentantky Kate\u0159ina Prok\u0161ov\u00e1. Smek\u00e1m p\u0159ed v\u00e1mi. Mus\u00edm, mus\u00edm to \u0159\u00edct, proto\u017ee jsem vid\u011bla o va\u0161\u00ed dce\u0159i dokument a pochopila jsem, kolik velik\u00e9 pr\u00e1ce za v\u00e1mi je a vlastn\u011b \u017ee dote\u010f jste svoji dceru nepustila. Pro m\u011b je to z\u00e1zrak a nev\u00edm, jestli mi to dok\u00e1\u017eete, ur\u010dit\u011b mi to dok\u00e1\u017eete vysv\u011btlit, jak je mo\u017en\u00e9, \u017ee n\u011bkdo, kdo m\u00e1 vlastn\u011b 100 % ztr\u00e1tu sluchu, m\u016f\u017ee mluvit a vlastn\u011b reprodukovat zvuky, kter\u00e9 nesly\u0161\u00ed? Jak se to d\u011bl\u00e1?<\/p>\n<p>Kate\u0159ina PROK\u0160OV\u00c1, tren\u00e9rka:<br \/>\nD\u011bkuju moc za, za poklonu a pod\u011bkov\u00e1n\u00ed a no jak se to d\u011bl\u00e1? Je to stra\u0161n\u011b dlouh\u00e1 historie, mus\u00edm to \u0159\u00edct kr\u00e1tce. Prost\u011b kdy\u017e jsme na to p\u0159i\u0161li, kdy\u017e l\u00e9ka\u0159i p\u0159i\u0161li na to, \u017ee Terka opravdu nesly\u0161\u00ed, tak si n\u00e1s vzala do p\u00e9\u010de \u00fa\u017easn\u00e1 pan\u00ed logopedka teta Jitka, dnes Holmanov\u00e1, d\u0159\u00edve je\u0161t\u011b Vackov\u00e1. Ta n\u00e1s vlastn\u011b navedla na cestu, jak nesly\u0161\u00edc\u00ed d\u011bti nau\u010dit odez\u00edrat, nau\u010dit je mluvit, pokud to jde, nejde to v\u017edycky, to je pravda, a Terka na\u0161t\u011bst\u00ed m\u011bla tak nebo m\u00e1 tak \u00fa\u017easn\u00e9 jazykov\u00e9 schopnosti, \u017ee to prost\u011b \u0161lo v podstat\u011b i do, asi m\u016f\u017eu \u0159\u00edct, \u017ee i docela snadno. Nicm\u00e9n\u011b to byla tit\u011brn\u00e1 a dlouholet\u00e1 pr\u00e1ce a asi by to, asi by se dalo pokra\u010dovat i dnes, ale to u\u017e je dobr\u00fd, a v\u0161ecko to vlastn\u011b znamen\u00e1 nau\u010dit d\u00edt\u011b odez\u00edrat, nau\u010dit ho pomalu, postupn\u011b ze sebe vyd\u00e1vat n\u011bjak\u00e9 zvuky, kter\u00e9 postupn\u011b za\u010dne artikulovat do prvn\u00edch slov a trv\u00e1 to prost\u011b m\u011bs\u00edce, roky.<\/p>\n<p>:<br \/>\nA jak vlastn\u011b m\u016f\u017ee sly\u0161et ten zvuk, kter\u00fd vyd\u00e1v\u00e1 nebo jak m\u016f\u017ee vn\u00edmat, jestli ten zvuk, kter\u00fd vyd\u00e1v\u00e1, je to spr\u00e1vn\u00e9, ta hl\u00e1ska, to p\u00edsmeno?<\/p>\n<p>Kate\u0159ina PROK\u0160OV\u00c1, tren\u00e9rka:<br \/>\nAno, ano, spr\u00e1vn\u00e1 ot\u00e1zka, proto\u017ee podstatn\u00e9 je, \u017ee Terka m\u00e1 zbyte\u010dky sluchu, kter\u00e9 je schopn\u00e1 vyu\u017e\u00edt s pomoc\u00ed sluchadel, sluchadla j\u00ed zes\u00edl\u00ed zvuk natolik, \u017ee prost\u011b dok\u00e1\u017ee vn\u00edmat, tak\u017ee vlastn\u011b i n\u011bco sly\u0161\u00ed. Dok\u00e1\u017ee dneska rozli\u0161it i jednoduchou v\u00fdsti\u017enou v\u011btu bez odez\u00edr\u00e1n\u00ed, ale teda mus\u00edm \u0159\u00edct, \u017ee to je skoro v\u00fdjime\u010dn\u00e9. A jak se sly\u0161\u00ed? No t\u011b\u017eko. Na to jsou r\u016fzn\u00e9 pom\u016fcky, \u017ee si t\u0159eba d\u00e1v\u00e1 ruku na krk nebo ruku na tv\u00e1\u0159, ruku p\u0159ed pusu, foukne a prost\u011b spousta takov\u00fdch logopedick\u00fdch pom\u016fcek, kter\u00e9 n\u00e1s v\u0161echny nau\u010dila teta Jitka. Moc d\u011bkujeme.<\/p>\n<p>:<br \/>\nTom\u00e1\u0161i, vy jste se u\u010dil mluvit podobn\u011b?<\/p>\n<p>Tom\u00e1\u0161 PAZDERA, snowboardista:<br \/>\nAno, p\u0159esn\u011b tak. J\u00e1 se p\u0159izn\u00e1v\u00e1m, mo\u017en\u00e1 bych se i p\u0159idal, j\u00e1 jsem m\u011bl taky logopedku Jitku Holmanovou a tak\u017ee dlouh\u00e1 l\u00e9ta takhle p\u0159esn\u011b, jak \u0159\u00edkala pan\u00ed Prok\u0161ov\u00e1, tak, takhle jsme se p\u0159esn\u011b u\u010dili.<br \/>\n:<br \/>\nA m\u011bli jste to ur\u010dit\u011b v n\u011bjak\u00e9m obdob\u00ed hodn\u011b t\u011b\u017ek\u00e9, \u0159ekn\u011bme t\u011b\u017e\u0161\u00ed ne\u017e v jin\u00e9m obdob\u00ed. Kdy, kdy to bylo nejhor\u0161\u00ed nebo nejt\u011b\u017e\u0161\u00ed?<\/p>\n<p>Tom\u00e1\u0161 PAZDERA, snowboardista:<br \/>\nTak j\u00e1 jsem m\u011bl nejhor\u0161\u00ed obdob\u00ed, obdob\u00ed puberty, proto\u017ee jsem si myslel, \u017ee to nem\u00e1 pro m\u011b smysl, v\u016fbec jsem nikomu nerozum\u011bl, a pak jsem akor\u00e1t m\u011bl takovou zase chvilku, \u017ee jsem si \u0159\u00edkal, \u017ee \u010dlov\u011bk mus\u00ed jakoby v uvozovk\u00e1ch \u017e\u00edt s \u00fasm\u011bvem, ale jako prost\u011b kdy\u017e jsem se rozhodl, \u017ee prost\u011b chci fungovat, tak nem\u00e1m se \u010deho b\u00e1t a proto\u017ee \u0159\u00edct to lidem na rovinu, proto\u017ee spousta lid\u00ed v\u016fbec o n\u00e1s nev\u011bd\u00ed, myslej\u00ed si, \u017ee jsme jenom \u00fapln\u011b uzav\u0159en\u00e1 skupina a to si tak nemysl\u00edm.<\/p>\n<p>:<br \/>\nTerezo, vy vypad\u00e1te jako holka, pro kterou nic nen\u00ed probl\u00e9m. M\u011bla jste n\u011bkdy n\u011bjak\u00fd probl\u00e9m v n\u011bjak\u00e9 f\u00e1zi dosp\u00edv\u00e1n\u00ed nebo, nebo d\u011btstv\u00ed?<\/p>\n<p>Tereza KMOCHOV\u00c1, ly\u017ea\u0159ka:<br \/>\nNo kdy\u017e jsem byla mal\u00e1, tak u\u017e si toho ani moc nepamatuju, ale nejv\u011bt\u0161\u00edm probl\u00e9mem pro m\u011b bylo bejt ve \u0161kole, proto\u017ee j\u00e1 jsem prost\u011b nezvl\u00e1dala odez\u00edrat celou hodinu nebo p\u0159edn\u00e1\u0161ku a v\u0161echno jsem se vlastn\u011b nau\u010dila p\u0159episov\u00e1n\u00edm od ostatn\u00edch spolu\u017e\u00e1k\u016f do se\u0161itu a taky vlastn\u011b takhle u\u010d\u00edm pomoc\u00ed t\u011bch z\u00e1pisk\u016f, ale jinak to odez\u00edr\u00e1n\u00ed se mnou prost\u011b pere celej \u017eivot a \/nesrozumiteln\u00e9\/.<\/p>\n<p>:<br \/>\n\u0158ekn\u011bte mi, kdy\u017e jste na Deaflympi\u00e1d\u011b, na olympi\u00e1d\u011b nesly\u0161\u00edc\u00edch, domluv\u00edte se s jednotliv\u00fdmi n\u00e1rody znakov\u00fdm jazykem? M\u016f\u017eete mluvit rukama? T\u0159eba s Rusy, s Ameri\u010dany. Jde to? Rozum\u00edte si?<\/p>\n<p>Tereza KMOCHOV\u00c1, ly\u017ea\u0159ka:<br \/>\nNo j\u00e1 s t\u011bma sportovcema celkem rozum\u00edm, proto\u017ee oni taky odez\u00edraj\u00ed a kdy\u017e n\u00e1hodou nem\u016f\u017eeme se jako domluvit, tak rukama, nohama, nebo i teda nap\u00ed\u0161eme jako.<\/p>\n<p>:<br \/>\nA co &#8230;<\/p>\n<p>Tom\u00e1\u0161 PAZDERA, snowboardista:<br \/>\nTak j\u00e1 popravd\u011b jako nejsem \u00fapln\u011b dobrej angli\u010dtin\u00e1\u0159 a v\u00edm, \u017ee znakov\u00fd jazyk nen\u00ed zas tak \u00fapln\u011b extr\u00e9mn\u011b odli\u0161n\u00fd, proto\u017ee kdo m\u00e1 fantazii, tak to dok\u00e1\u017ee pochopit. Tak\u017ee kdy\u017e j\u00e1 sp\u00ed\u0161 pou\u017e\u00edval znakov\u00fd jazyk a co\u017e asi 90 % sportovc\u016f nesly\u0161\u00edc\u00edch, co bylo ze sv\u011bta, tak pou\u017e\u00edvali znakovku.<\/p>\n<p>:<br \/>\nNa\u0161i poslucha\u010di se ptaj\u00ed, ptaj\u00ed se na spoustu v\u011bc\u00ed. t\u0159eba tady je ot\u00e1zka, jak\u00fdm zp\u016fsobem se v\u00e1m sh\u00e1n\u00ed pr\u00e1ce, nebo jestli v\u00e1s t\u0159eba v\u00e1\u0161 sport u\u017eiv\u00ed? Tak Tom\u00e1\u0161.<\/p>\n<p>Tom\u00e1\u0161 PAZDERA, snowboardista:<br \/>\nTak popravd\u011b sport je probl\u00e9m jako takhle, vrcholov\u00ed sportovci chce b\u00fdt ka\u017edej sportovec, to je sen ka\u017ed\u00e9ho sportovce, ale mezi handicapovan\u00fdmi nebo mezi nesly\u0161\u00edc\u00edma obrovskej probl\u00e9m. Tam prost\u011b nejsou dostatek financ\u00ed, finan\u010dn\u00edch prost\u0159edk\u016f na to, aby prost\u011b mohli pokr\u00fdt v\u0161echny nesly\u0161\u00edc\u00ed nebo handicapovan\u00fd sportovce a tam je, tak\u017ee v\u016fbec nedok\u00e1\u017eu jako \u0159\u00edct, jestli je tam \u0161ance nebo ne. Jedin\u00fd v\u00fdjimka asi smek\u00e1m p\u0159ed Je\u017ekem cyklistou.kter\u00fd se t\u00edm \u017eiv\u00ed a je to m\u016fj vlastn\u011b i vzor, \/nesrozumiteln\u00e9\/ dostal tam, jak ten Je\u017eek taky.<\/p>\n<p>:<br \/>\nA jak\u00e9 to je, kdy\u017e \u010dlov\u011bk t\u0159eba se sna\u017e\u00ed naj\u00edt pr\u00e1ci a \u017e\u00e1d\u00e1 o pr\u00e1ci a mus\u00ed tam vypsat \u0161koly, na kter\u00fdch se u\u010dil, kter\u00e9 studoval?<\/p>\n<p>Tom\u00e1\u0161 PAZDERA, snowboardista:<br \/>\nTak j\u00e1 u\u017e jako popravd\u011b u\u017e nepracuju. Jako pracoval jsem v r\u016fzn\u00fdch skladech a podobn\u011b, ale proto\u017ee jsem se rozhodnul, \u017ee lidi vzhledem k tomu, \u017ee nemaj\u00ed n\u011bjak\u00fd zku\u0161enosti s nesly\u0161\u00edc\u00edma nebo obecn\u011b s handicapovan\u00fdma, tak jsem za\u010dal, za\u010dal vlastn\u011b jakoby v uvozovk\u00e1ch podnikat a uk\u00e1zat vlastn\u011b sv\u011btu, \u017ee i ty handicapovan\u00fd jsou schopn\u00ed d\u011blat n\u011bjak\u00fd v\u00fdjimky a \u017ee jsou schopn\u00fd pracovat.<br \/>\n:<br \/>\nTak a Tereza Kmochov\u00e1 studuje.<\/p>\n<p>Tereza KMOCHOV\u00c1, ly\u017ea\u0159ka:<br \/>\nNo j\u00e1 studuju, zat\u00edm jsem nehledala \u017e\u00e1dnou pr\u00e1ci, no a jsem zv\u011bdav\u00e1 na to, jak to vlastn\u011b bude, a\u017e dostuduju, no a vlastn\u011b jako sportovec je celkem u\u017e v\u00edm, proto\u017ee m\u00e1m hlavn\u011b sponzory, kter\u00fd mi d\u00e1vaj\u00ed finance na to, abych mohla ly\u017eovat a hlavn\u011b ten \u010ceskej paralympijskej v\u00fdbor a \/nesrozumiteln\u00e9\/ t\u011bch sportovc\u016f na tomhle n\u00e1s docela podporuje, \u017ee n\u00e1m d\u00e1vaj\u00ed prost\u0159edky na p\u0159\u00edpravu a d\u00edky tomu jsme my tyhle ty 6 medail\u00ed do \u010cech.<\/p>\n<p>:<br \/>\nTak a te\u010f mi \u0159ekn\u011bte, co budete jednou d\u011blat, a\u017e vystudujete molekul\u00e1rn\u00ed biologii?<\/p>\n<p>Tereza KMOCHOV\u00c1, ly\u017ea\u0159ka:<br \/>\nNo tak dobr\u00e1 ot\u00e1zka, proto\u017ee j\u00e1 te\u010f zat\u00edm nev\u00edm.<\/p>\n<p>:<br \/>\nAle v\u00edte, co byste asi cht\u011bla, nebo co byste mohla.<\/p>\n<p>Tereza KMOCHOV\u00c1, ly\u017ea\u0159ka:<br \/>\nNo to je docela daleko, j\u00e1 hlavn\u011b te\u010fka se soust\u0159ed\u00edm na tu bakal\u00e1\u0159ku a bych pak hledala d\u00e1le dostat na magistra a pak teprve za\u010dne n\u011bjak r\u00fdsovat ta budoucnost.<\/p>\n<p>:<br \/>\nDob\u0159e, tak m\u011b by zaj\u00edmala ta budoucnost sportovn\u00ed. J\u00e1 v\u00edm, \u017ee vy m\u00e1te jedno spole\u010dn\u00e9, toti\u017e, \u017ee jste schopni jezdit z\u00e1vody, norm\u00e1ln\u011b z\u00e1vody FIS, evropsk\u00e9 poh\u00e1ry se zdrav\u00edmi sportovci, tak kam m\u00ed\u0159\u00edte v tomhle ohledu?<\/p>\n<p>Tom\u00e1\u0161 PAZDERA, snowboardista:<br \/>\nTak snowboardcross je n\u00e1ro\u010dn\u00fd hlavn\u011b v tom, \u017ee tam lidi, kte\u0159\u00ed tr\u00e9nujou a jsou i nejlep\u0161\u00ed, tak padaj, tak\u017ee zdravotn\u00ed \/nesrozumiteln\u00e9\/ tam jako docela maj\u00ed \u010dasto a to jejich zdrav\u00ed vlastn\u011b nevydr\u017e\u00ed hodn\u011b dlouho, ale moje nejv\u011bt\u0161\u00ed motivace pro pr\u00e1v\u011b kdy\u017e jsem z\u00edskal zlato, tak se dostat opravdu mezi \/nesrozumiteln\u00e9\/ na evropsk\u00fdch poh\u00e1rech na hodn\u011b dobr\u00fdm um\u00edst\u011bn\u00ed, abych mohl z\u00edskat body na sv\u011btov\u00fd poh\u00e1ry a to te\u010f m\u011b samoz\u0159ejm\u011b jaksi nechci moc vys\u00edlat hodn\u011b moc \/nesrozumiteln\u00e9\/, ale chci t\u0159eba zkusit Koreu, kter\u00fd bude za 3 roky na olympi\u00e1d\u011b.<\/p>\n<p>:<br \/>\nAle to se tam mo\u017en\u00e1 s Terezou uvid\u00edte, ne?<\/p>\n<p>Tom\u00e1\u0161 PAZDERA, snowboardista:<br \/>\nTo je dost mo\u017en\u00fd.<\/p>\n<p>:<br \/>\nCo, Terezo, tak j\u00e1, j\u00e1 v\u00e1s tipuji tak na univerzi\u00e1du t\u0159eba bl\u00ed\u017e\u00edc\u00ed se.<\/p>\n<p>Tereza KMOCHOV\u00c1, ly\u017ea\u0159ka:<br \/>\nNo, univerzi\u00e1da bude prost\u011b \/nesrozumiteln\u00e9\/ v Kazachst\u00e1nu, ale j\u00e1 bych se tam cht\u011bla r\u00e1da kvalifikovat, ale nebude to lehk\u00fd, tam u\u017e bych m\u011bla, a pak \u00fa\u010dastnit v tom roce druh\u00fd mistrovstv\u00ed sv\u011bta nesly\u0161\u00edc\u00edch v Americe, co\u017e douf\u00e1m, \u017ee p\u016fjde a tam bych m\u011bla obh\u00e1jit t\u011bch 5 medail\u00ed z toho mistrovstv\u00ed. A pak v dal\u0161\u00edm roce je olympi\u00e1da v Korei a to je docela pro m\u011b v\u00fdzva, ale prosadit se mezi sly\u0161\u00edc\u00edma je stra\u0161n\u011b t\u011b\u017ek\u00fd, proto\u017ee evropsk\u00fd a sv\u011btob\u00fd poh\u00e1ry jsou tak nadupan\u00fd, \u017ee to je prost\u011b hrozn\u011b t\u011b\u017ek\u00fd.<\/p>\n<p>:<br \/>\nAlena p\u00ed\u0161e: &#8222;Dobr\u00fd den, kdy\u017e z\u00e1vod\u00edte se zdrav\u00fdmi sportovci, jak se k v\u00e1m na z\u00e1vodech chovaj\u00ed a jak komunikujete?&#8220;<\/p>\n<p>Tereza KMOCHOV\u00c1, ly\u017ea\u0159ka:<br \/>\nNo t\u00e9m\u011b\u0159 se chovaj\u00ed zrovna stejn\u011b a pro m\u011b vlastn\u011b jako norm\u00e1ln\u00ed soupe\u0159ky, proto\u017ee j\u00e1, j\u00e1 jsem schopn\u00e1 z\u00e1vodit s t\u011bma holkama a &#8230;<\/p>\n<p>:<br \/>\nBoj\u00ed se v\u00e1s?<\/p>\n<p>Tereza KMOCHOV\u00c1, ly\u017ea\u0159ka:<br \/>\nNo, boj\u00ed se m\u011b docela.<\/p>\n<p>:<br \/>\nTo je dob\u0159e, jen a\u0165 se boj\u00ed. Co vy, Tom\u00e1\u0161i?<\/p>\n<p>Tom\u00e1\u0161 PAZDERA, snowboardista:<br \/>\nJ\u00e1 se p\u0159izn\u00e1m, \u017ee jsem jakoby pan tajemn\u00fd, proto\u017ee nikdo o mn\u011b nev\u00ed, podle m\u00fdho n\u00e1zoru, ale mo\u017en\u00e1 te\u010fko z\u00edsk\u00e1m zlato, z\u00edskal jsem zlato, tak asi si lidi pak, si toho v\u0161imnou, tak\u017ee u\u017e budou m\u00edt asi v\u011bt\u0161\u00ed ohledy, ale mysl\u00edm si, \u017ee co j\u00e1 je zn\u00e1m a bavil jsem se s nima a nev\u011bd\u011bli, \u017ee jsem nesly\u0161\u00edc\u00ed, tak budou \u00fapln\u011b jako f\u00e9rov\u00ed kamar\u00e1di, proto\u017ee jako norm\u00e1ln\u00ed sportovci.<\/p>\n<p>:<br \/>\nJe tady ot\u00e1zka od Radky ze Star\u00e9 Boleslavi: &#8222;Jak se jmenuje dokument o Tereze Kmochov\u00e9. J\u00e1 jsem vid\u011bla n\u011bco v magaz\u00ednu, bylo to zhruba 25 minut v televizn\u00edm magaz\u00ednu pro nesly\u0161\u00edc\u00ed.&#8220;<\/p>\n<p>Kate\u0159ina PROK\u0160OV\u00c1, tren\u00e9rka:<br \/>\nAno, Televizn\u00ed klub nesly\u0161\u00edc\u00edch a bylo to, mysl\u00edm, vloni v \u0159\u00edjnu.<\/p>\n<p>Tereza KMOCHOV\u00c1, ly\u017ea\u0159ka:<br \/>\nNo loni to bylo.<\/p>\n<p>Kate\u0159ina PROK\u0160OV\u00c1, tren\u00e9rka:<br \/>\nN\u011bkdy za\u010d\u00e1tkem \u0159\u00edjna, Televizn\u00ed klub nesly\u0161\u00edc\u00edch.<\/p>\n<p>:<br \/>\nJe tady je\u0161t\u011b jedna ot\u00e1zka. Pt\u00e1 se vlastn\u011b p\u00e1n, kter\u00fd m\u00e1 nesly\u0161\u00edc\u00ed man\u017eelku, j\u00e1 se sna\u017e\u00edm tu ot\u00e1zku naj\u00edt, proto\u017ee je tady hodn\u011b t\u011bch ot\u00e1zek, kter\u00fd m\u00e1 nesly\u0161\u00edc\u00ed pan\u00ed a r\u00e1d by, aby jeho \u017eena tak\u00e9 sportovala. Kam se m\u016f\u017ee vlastn\u011b obr\u00e1tit? Jak m\u016f\u017ee za\u010d\u00edt?<\/p>\n<p>Tom\u00e1\u0161 PAZDERA, snowboardista:<br \/>\nTak j\u00e1 si mysl\u00edm, \u017ee s Terezou m\u00e1me i jakoby kontakty, r\u016fzn\u011b jsou na Facebooku, anebo j\u00e1 m\u00e1m svoje webov\u00fd str\u00e1nky a mysl\u00edm, \u017ee i Tereza m\u00e1 taky, nev\u00edm.<\/p>\n<p>Tereza KMOCHOV\u00c1, ly\u017ea\u0159ka:<br \/>\nNo, no, j\u00e1 m\u00e1m str\u00e1nky na Facebooku, tak n\u00e1m m\u016f\u017eou napsat.<\/p>\n<p>Tom\u00e1\u0161 PAZDERA, snowboardista:<br \/>\nAle rozhodn\u011b \u00fapln\u011b nejjednodu\u0161\u0161\u00ed bude, kdy\u017e na Googlu zadaj\u00ed jm\u00e9no na\u0161e a tam to v\u0161echno najde.<\/p>\n<p>:<br \/>\nJ\u00e1 si mysl\u00edm, \u017ee ur\u010dit\u011b by velik\u00e9 d\u00edky na z\u00e1v\u011br na\u0161eho rozhovoru pat\u0159ily nejenom mamince, kter\u00e9 u\u017e jsem, p\u0159ed kterou u\u017e jsem sv\u016fj pomysln\u00fd klobouk smekla, ale spoust\u011b dal\u0161\u00edch lid\u00ed, kte\u0159\u00ed se o v\u00e1s staraj\u00ed nebo v\u00e1m pom\u00e1haj\u00ed, tak jestli chcete vyu\u017e\u00edt tuhle mo\u017enost, tak to, pros\u00edm, ud\u011blejte.<\/p>\n<p>Tereza KMOCHOV\u00c1, ly\u017ea\u0159ka:<br \/>\nNo tak j\u00e1 bych ur\u010dit\u011b cht\u011bla hrozn\u011b moc pod\u011bkovat v\u0161em sponzor\u016fm, kter\u00fd n\u00e1s takhle podporujou, podporovali a hlavn\u011b \u010cesk\u00e9mu paralympijsk\u00e9mu v\u00fdboru a \u010cesk\u00e9mu svazu nesly\u0161\u00edc\u00edch sportovc\u016f, kter\u00fd n\u00e1m ob\u011bma d\u00e1vaj\u00ed prost\u0159edky na tu p\u0159\u00edpravu &#8230;<\/p>\n<p>Tom\u00e1\u0161 PAZDERA, snowboardista:<br \/>\nTak j\u00e1 bych samoz\u0159ejm\u011b taky cht\u011bl pod\u011bkovat p\u0159esn\u011b, jak \u0159\u00edkala Tereza Kmochov\u00e1, a hlavn\u011b hodn\u011b bych cht\u011bl pod\u011bkovat t\u00fdmu snowboardcrossov\u00e9mu t\u00fdmu, kter\u00fd vede Marek Jel\u00ednek a m\u011bl velkou trp\u011blivost se mnou prost\u011b b\u00fdt a samoz\u0159ejm\u011b i v\u0161em fanou\u0161k\u016fm, rodi\u010d\u016fm, p\u0159\u00edbuzn\u00fdm a podobn\u011b. Tak\u017ee d\u011bkuju.<\/p>\n<p>Tereza KMOCHOV\u00c1, ly\u017ea\u0159ka:<br \/>\nNo j\u00e1 bych je\u0161t\u011b cht\u011bla moc pod\u011bkovat m\u00e9mu rodinn\u00e9mu t\u00fdmu a na\u0161im kamar\u00e1d\u016fm, kte\u0159\u00ed se mnou tr\u00e9nujou, hlavn\u011b Ka\u010den\u011b Paul\u00e1thov\u00fd a Pepin\u011b Klitnarov\u00fd.<\/p>\n<p>Lucie V\u00ddBORN\u00c1, moder\u00e1torka:<br \/>\nD\u011bkuji, \u017ee jste p\u0159i\u0161li a a\u0165 se v\u00e1m hodn\u011b da\u0159\u00ed v nadch\u00e1zej\u00edc\u00ed sezon\u011b, ale i v t\u00e9 dal\u0161\u00ed. D\u00edky.<\/p>\n","protected":false},"excerpt":{"rendered":"<div class=\"mh-excerpt\"><p>S druh\u00fdm m\u00edstem v medailov\u00e9m po\u0159ad\u00ed zem\u00ed se vr\u00e1tila osmi\u010dlenn\u00e1 \u010desk\u00e1 v\u00fdprava sluchov\u011b posti\u017een\u00fdch sportovc\u016f z deaflympi\u00e1dy v Rusku. K p\u011bti triumf\u016fm ly\u017ea\u0159ky Terezy Kmochov\u00e9 <a class=\"mh-excerpt-more\" href=\"https:\/\/www.invarena.cz\/?p=21222\" title=\"Kmochov\u00e1 na deaflympi\u00e1d\u011b v Rusku z\u00e1\u0159ila, \u010ce\u0161i celkov\u011b skon\u010dili  druz\u00ed\">[&#8230;]<\/a><\/p>\n<\/div>","protected":false},"author":1,"featured_media":10548,"comment_status":"open","ping_status":"closed","sticky":false,"template":"","format":"standard","meta":{"footnotes":""},"categories":[7],"tags":[],"class_list":["post-21222","post","type-post","status-publish","format-standard","has-post-thumbnail","hentry","category-spolecnost"],"_links":{"self":[{"href":"https:\/\/www.invarena.cz\/index.php?rest_route=\/wp\/v2\/posts\/21222","targetHints":{"allow":["GET"]}}],"collection":[{"href":"https:\/\/www.invarena.cz\/index.php?rest_route=\/wp\/v2\/posts"}],"about":[{"href":"https:\/\/www.invarena.cz\/index.php?rest_route=\/wp\/v2\/types\/post"}],"author":[{"embeddable":true,"href":"https:\/\/www.invarena.cz\/index.php?rest_route=\/wp\/v2\/users\/1"}],"replies":[{"embeddable":true,"href":"https:\/\/www.invarena.cz\/index.php?rest_route=%2Fwp%2Fv2%2Fcomments&post=21222"}],"version-history":[{"count":0,"href":"https:\/\/www.invarena.cz\/index.php?rest_route=\/wp\/v2\/posts\/21222\/revisions"}],"wp:featuredmedia":[{"embeddable":true,"href":"https:\/\/www.invarena.cz\/index.php?rest_route=\/wp\/v2\/media\/10548"}],"wp:attachment":[{"href":"https:\/\/www.invarena.cz\/index.php?rest_route=%2Fwp%2Fv2%2Fmedia&parent=21222"}],"wp:term":[{"taxonomy":"category","embeddable":true,"href":"https:\/\/www.invarena.cz\/index.php?rest_route=%2Fwp%2Fv2%2Fcategories&post=21222"},{"taxonomy":"post_tag","embeddable":true,"href":"https:\/\/www.invarena.cz\/index.php?rest_route=%2Fwp%2Fv2%2Ftags&post=21222"}],"curies":[{"name":"wp","href":"https:\/\/api.w.org\/{rel}","templated":true}]}}