{"id":21225,"date":"2015-05-10T06:56:30","date_gmt":"2015-05-10T04:56:30","guid":{"rendered":"http:\/\/www.invarena.cz\/?p=21225"},"modified":"2015-05-10T06:56:30","modified_gmt":"2015-05-10T04:56:30","slug":"evropska-komise-schvalila-operacni-program-zamestnanost-cerpani-penez-tak-muze-zacit","status":"publish","type":"post","link":"https:\/\/www.invarena.cz\/?p=21225","title":{"rendered":"Evropsk\u00e1 komise schv\u00e1lila Opera\u010dn\u00ed program Zam\u011bstnanost, \u010derp\u00e1n\u00ed pen\u011bz tak m\u016f\u017ee za\u010d\u00edt"},"content":{"rendered":"<p>Evropsk\u00e1 komise ve st\u0159edu 6. kv\u011btna schv\u00e1lila Opera\u010dn\u00ed program Zam\u011bstnanost (OPZ). Do\u0161lo tak ke spln\u011bn\u00ed posledn\u00ed form\u00e1ln\u00ed p\u0159ek\u00e1\u017eky pro zah\u00e1jen\u00ed \u010derp\u00e1n\u00ed pen\u011bz z Evropsk\u00e9 unie v programov\u00e9m obdob\u00ed 2014\u20132020.<br \/>\n<!--more--><\/p>\n<p>ilustra\u010dn\u00ed foto: dwf1 \/ MorgueFile<\/p>\n<p>Celkov\u00e1 alokace programu, jeho\u017e \u0159\u00eddic\u00edm org\u00e1nem je Ministerstvo pr\u00e1ce a soci\u00e1ln\u00edch v\u011bc\u00ed \u010cR, je zhruba 70 miliard korun.<\/p>\n<p>\u201eJsem r\u00e1d, \u017ee \u00fasp\u011b\u0161n\u00e9 schvalov\u00e1n\u00ed opera\u010dn\u00edch program\u016f pro \u010derp\u00e1n\u00ed evropsk\u00fdch pen\u011bz v obdob\u00ed 2014\u20132020 pokra\u010duje a \u017ee dnes Evropsk\u00e1 komise schv\u00e1lila \u010cesk\u00e9 republice ji\u017e t\u0159et\u00ed opera\u010dn\u00ed program, tentokr\u00e1t Opera\u010dn\u00ed program Zam\u011bstnanost. V\u011bt\u0161ina prost\u0159edk\u016f p\u016fjde na podporu zam\u011bstnanosti, d\u00e1le pak na aktivity v\u011bnovan\u00e9 soci\u00e1ln\u00edmu za\u010dle\u0148ov\u00e1n\u00ed a boji proti chudob\u011b a diskriminaci zejm\u00e9na financov\u00e1n\u00edm soci\u00e1ln\u00edch slu\u017eeb \u010di na podporu soci\u00e1ln\u00ed inovace,\u201c \u0159ekl premi\u00e9r Bohuslav Sobotka. <\/p>\n<p>V\u00edce ne\u017e 60 procent alokace OPZ, tedy p\u0159ibli\u017en\u011b 43 mld. K\u010d, p\u016fjde na podporu zam\u011bstnanosti. Celkov\u00e1 m\u00edra zam\u011bstnanosti ve v\u011bkov\u00e9 skupin\u011b 20\u201364 let je v \u010cesku vy\u0161\u0161\u00ed, ne\u017e je pr\u016fm\u011br evropsk\u00e9 sedmadvac\u00edtky, z\u00e1rove\u0148 ale nedosahuje c\u00edle stanoven\u00e9ho v N\u00e1rodn\u00edm programu reforem \u010cR pro rok 2020, co\u017e je 75procentn\u00ed zam\u011bstnanost. <\/p>\n<p>\u201eNa\u0161\u00ed prioritou v oblasti trhu pr\u00e1ce je podpora zejm\u00e9na t\u011bch skupin osob, u kter\u00fdch m\u00edra zam\u011bstnanosti nejv\u00edce zaost\u00e1v\u00e1, co\u017e jsou mlad\u00ed bez praxe, star\u0161\u00ed lid\u00e9, \u017eeny a tak\u00e9 lid\u00e9 s n\u00edzkou kvalifikac\u00ed. V r\u00e1mci OPZ chceme \u010derpat prost\u0159edky z evropsk\u00fdch fond\u016f co nejefektivn\u011bji,\u201c popsala z\u00e1m\u011bry resortu ministryn\u011b pr\u00e1ce a soci\u00e1ln\u00edch v\u011bc\u00ed Michaela Marksov\u00e1. <\/p>\n<p>V\u00edce ne\u017e \u010dtvrtina alokace programu, tedy p\u0159ibli\u017en\u011b 19 mld. K\u010d, pak bude sm\u011b\u0159ovat na aktivity v\u011bnovan\u00e9 soci\u00e1ln\u00edmu za\u010dle\u0148ov\u00e1n\u00ed a boji proti chudob\u011b a diskriminaci zejm\u00e9na financov\u00e1n\u00edm soci\u00e1ln\u00edch slu\u017eeb. P\u0159ibli\u017en\u011b dv\u011b procenta prost\u0159edk\u016f programu p\u016fjdou na soci\u00e1ln\u00ed inovace s c\u00edlem jejich tvorby,<br \/>\ntestov\u00e1n\u00ed a n\u00e1sledn\u00e9ho \u0161\u00ed\u0159en\u00ed, a tak\u00e9 na podporu mezin\u00e1rodn\u00ed spolupr\u00e1ce. Zhruba \u0161est procent alokace bude vy\u010dlen\u011bno pro \u00fa\u010dely zefektivn\u011bn\u00ed ve\u0159ejn\u00e9 spr\u00e1vy. Zb\u00fdvaj\u00edc\u00ed prost\u0159edky p\u0159ipadnou na technickou pomoc, tedy na \u0159\u00edzen\u00ed cel\u00e9ho programu v\u010detn\u011b podpory \u017eadatel\u016f a p\u0159\u00edjemc\u016f. <\/p>\n<p>OPZ navazuje na Opera\u010dn\u00ed program Lidsk\u00e9 zdroje a zam\u011bstnanost, kter\u00fd letos kon\u010d\u00ed. Oproti minul\u00e9mu programov\u00e9mu obdob\u00ed m\u00e1 OPZ k dispozici zhruba o 12 miliard korun v\u00edce. Celkov\u011b by projekty z nov\u00e9ho opera\u010dn\u00edho programu m\u011bly podpo\u0159it p\u0159es 585 tis\u00edc lid\u00ed. <\/p>\n<p>Samotn\u00e9mu schv\u00e1len\u00ed OPZ p\u0159edch\u00e1zelo dlouh\u00e9 vyjedn\u00e1v\u00e1n\u00ed s Evropskou komis\u00ed o jeho kone\u010dn\u00e9 podob\u011b, ale hlavn\u011b bylo nutn\u00e9 splnit \u0159adu p\u0159edb\u011b\u017en\u00fdch podm\u00ednek, ke kter\u00fdm se zav\u00e1zala \u010desk\u00e1 vl\u00e1da \u2013 nap\u0159\u00edklad p\u0159ijmout z\u00e1kon o st\u00e1tn\u00ed slu\u017eb\u011b.<br \/>\nD\u00edky schv\u00e1len\u00ed programu je tedy mo\u017en\u00e9 spustit proces vyhla\u0161ov\u00e1n\u00ed v\u00fdzev pro p\u0159edkl\u00e1d\u00e1n\u00ed projekt\u016f. \u201eJedny z prvn\u00edch otev\u0159en\u00fdch v\u00fdzev \u2013 tedy ur\u010den\u00e9 ve\u0159ejnosti \u2013 budou zam\u011b\u0159eny na vybudov\u00e1n\u00ed a provoz d\u011btsk\u00fdch skupin. T\u00edm mimo jin\u00e9 reagujeme na zv\u00fd\u0161enou popt\u00e1vku rodi\u010d\u016f mal\u00fdch d\u011bt\u00ed po za\u0159\u00edzen\u00edch p\u0159ed\u0161koln\u00edho typu,\u201c up\u0159esnil n\u00e1m\u011bstek ministryn\u011b pro ekonomiku a fondy EU Martin Ku\u010dera. Pl\u00e1n v\u00fdzevpro leto\u0161n\u00ed rok je zve\u0159ejn\u011bn na webov\u00fdch str\u00e1nk\u00e1ch www.esfcr.cz, spolu se v\u0161emi dal\u0161\u00edmi nezbytn\u00fdmi informacemi pro \u017eadatele a p\u0159\u00edjemce z OPZ. <\/p>\n<p>Petr Hab\u00e1\u0148<br \/>\ntiskov\u00fd mluv\u010d\u00ed MPSV<\/p>\n","protected":false},"excerpt":{"rendered":"<div class=\"mh-excerpt\"><p>Evropsk\u00e1 komise ve st\u0159edu 6. kv\u011btna schv\u00e1lila Opera\u010dn\u00ed program Zam\u011bstnanost (OPZ). Do\u0161lo tak ke spln\u011bn\u00ed posledn\u00ed form\u00e1ln\u00ed p\u0159ek\u00e1\u017eky pro zah\u00e1jen\u00ed \u010derp\u00e1n\u00ed pen\u011bz z Evropsk\u00e9 unie <a class=\"mh-excerpt-more\" href=\"https:\/\/www.invarena.cz\/?p=21225\" title=\"Evropsk\u00e1 komise schv\u00e1lila Opera\u010dn\u00ed program Zam\u011bstnanost, \u010derp\u00e1n\u00ed pen\u011bz tak m\u016f\u017ee za\u010d\u00edt\">[&#8230;]<\/a><\/p>\n<\/div>","protected":false},"author":1,"featured_media":14283,"comment_status":"open","ping_status":"closed","sticky":false,"template":"","format":"standard","meta":{"footnotes":""},"categories":[1],"tags":[],"class_list":["post-21225","post","type-post","status-publish","format-standard","has-post-thumbnail","hentry","category-nezarazene"],"_links":{"self":[{"href":"https:\/\/www.invarena.cz\/index.php?rest_route=\/wp\/v2\/posts\/21225","targetHints":{"allow":["GET"]}}],"collection":[{"href":"https:\/\/www.invarena.cz\/index.php?rest_route=\/wp\/v2\/posts"}],"about":[{"href":"https:\/\/www.invarena.cz\/index.php?rest_route=\/wp\/v2\/types\/post"}],"author":[{"embeddable":true,"href":"https:\/\/www.invarena.cz\/index.php?rest_route=\/wp\/v2\/users\/1"}],"replies":[{"embeddable":true,"href":"https:\/\/www.invarena.cz\/index.php?rest_route=%2Fwp%2Fv2%2Fcomments&post=21225"}],"version-history":[{"count":0,"href":"https:\/\/www.invarena.cz\/index.php?rest_route=\/wp\/v2\/posts\/21225\/revisions"}],"wp:featuredmedia":[{"embeddable":true,"href":"https:\/\/www.invarena.cz\/index.php?rest_route=\/wp\/v2\/media\/14283"}],"wp:attachment":[{"href":"https:\/\/www.invarena.cz\/index.php?rest_route=%2Fwp%2Fv2%2Fmedia&parent=21225"}],"wp:term":[{"taxonomy":"category","embeddable":true,"href":"https:\/\/www.invarena.cz\/index.php?rest_route=%2Fwp%2Fv2%2Fcategories&post=21225"},{"taxonomy":"post_tag","embeddable":true,"href":"https:\/\/www.invarena.cz\/index.php?rest_route=%2Fwp%2Fv2%2Ftags&post=21225"}],"curies":[{"name":"wp","href":"https:\/\/api.w.org\/{rel}","templated":true}]}}