{"id":21245,"date":"2015-05-10T22:46:34","date_gmt":"2015-05-10T20:46:34","guid":{"rendered":"http:\/\/www.invarena.cz\/?p=21245"},"modified":"2015-05-10T23:04:17","modified_gmt":"2015-05-10T21:04:17","slug":"u-cerpacich-stanic-se-v-kvetnu-bude-zdarma-testovat-zrak","status":"publish","type":"post","link":"https:\/\/www.invarena.cz\/?p=21245","title":{"rendered":"U \u010derpac\u00edch stanic se v kv\u011btnu bude zdarma testovat zrak"},"content":{"rendered":"<p><strong>\u0158idi\u010di si mohou ve vybran\u00fdch m\u011bstech u \u010derpac\u00edch stanic po cel\u00fd kv\u011bten nechat zdarma otestovat od optometrist\u016f zrak. Kvalitn\u00ed vid\u011bn\u00ed je z\u00e1sadn\u00ed pro to, aby \u0159idi\u010d ovl\u00e1dal v\u016fz bezpe\u010dn\u011b a neohro\u017eoval ostatn\u00ed \u00fa\u010dastn\u00edky silni\u010dn\u00edho provozu. <\/strong><!--more--><\/p>\n<p>N\u011bkte\u0159\u00ed \u0159idi\u010di o sv\u00e9m hor\u0161\u00edm vid\u011bn\u00ed nev\u011bd\u00ed, a pokud kv\u016fli tomu zp\u016fsob\u00ed dopravn\u00ed nehodu, policist\u00e9 nesleduj\u00ed, zda \u0159idi\u010d m\u011bl spr\u00e1vn\u00e9 dioptrie, jen to, zda v p\u0159\u00edpad\u011b hor\u0161\u00edho zraku m\u00e1 br\u00fdle.<\/p>\n<p>    Optometrist\u00e9 a jejich asistenti porovnaj\u00ed kvalitu vid\u011bn\u00ed vy\u0161et\u0159ovan\u00e9ho. Vylou\u010d\u00ed nebo potvrd\u00ed hodnoty nam\u011b\u0159en\u00e9 na jeho br\u00fdl\u00edch se skute\u010dn\u00fdm stavem oka. Zjist\u00ed-li nedokonal\u00e9 \u010di z\u00e1sadn\u011b odli\u0161n\u00e9 hodnoty korekce, nebo budou m\u00edt podez\u0159en\u00ed na o\u010dn\u00ed vadu \u010di dokonce onemocn\u011bn\u00ed, doporu\u010d\u00ed bezodkladnou n\u00e1v\u0161t\u011bvu o\u010dn\u00edho l\u00e9ka\u0159e nebo specializovan\u00e9 o\u010dn\u00ed optiky.<\/p>\n<p>    V osv\u011btov\u00e9 kampani nazvan\u00e9 &#8222;Bezpe\u010dn\u011b za volantem &#8211; P\u00e9\u010de o zrak&#8220; sezn\u00e1m\u00ed odborn\u00edci \u0159idi\u010de i ostatn\u00ed \u00fa\u010dastn\u00edky silni\u010dn\u00edho provozu s riziky \u0161patn\u00e9 nebo nedostate\u010dn\u00e9 korekce zraku, doporu\u010d\u00ed jim vhodn\u011bj\u0161\u00ed v\u00fd\u0161i dioptri\u00ed a upozorn\u00ed na nebezpe\u010d\u00ed br\u00fdl\u00ed z b\u011b\u017en\u00fdch obchod\u016f, tzv. hotovek, kter\u00e9 ned\u011blal optik podle nam\u011b\u0159en\u00fdch hodnot. Vysv\u011btl\u00ed tak\u00e9 v\u00fdhody kontrol zraku ve specializovan\u00fdch optik\u00e1ch, kter\u00e9 maj\u00ed k m\u011b\u0159en\u00ed zraku opr\u00e1vn\u011bn\u00ed.<\/p>\n<p>    Celost\u00e1tn\u00ed kampa\u0148 v roce 2013 odhalila mezi 589 vy\u0161et\u0159en\u00fdmi \u0161est procent \u0159idi\u010d\u016f s ni\u017e\u0161\u00ed zrakovou ostrost\u00ed, jedno procento m\u011blo zrakovou ostrost tak malou, \u017ee by v\u016fbec za volant usednout nem\u011bli, sd\u011blila \u010cTK prezidentka Mezin\u00e1rodn\u00edho sdru\u017een\u00ed optik\u016f a optometrist\u016f Iva Urv\u00e1lkov\u00e1.<\/p>\n<p>    &#8222;Nepodce\u0148ujte pravidelnou kontrolu zraku, proto\u017ee na \u0159ad\u011b dopravn\u00edch nehod se pod\u00edl\u00ed \u0161patn\u00e9 vid\u011bn\u00ed. \u0158e\u0161te svoji o\u010dn\u00ed vadu v\u010das vhodn\u00fdmi br\u00fdlov\u00fdmi skly nebo kontaktn\u00edmi \u010do\u010dkami. M\u011bjte na pam\u011bti bezpe\u010dnost za volantem pro sebe a sv\u00e9 okol\u00ed,&#8220; vzk\u00e1zala \u0159idi\u010d\u016fm.<\/p>\n<p>    M\u011b\u0159en\u00ed se v roce 2013 konalo na odstavn\u00fdch parkovi\u0161t\u00edch za asistence dopravn\u00ed policie a koordin\u00e1tor\u016f BESIP. Letos se kon\u00e1 v prostor\u00e1ch \u010derpac\u00edch stanic Shell za asistence optik\u016f a optometrist\u016f ve v\u0161ech kraj\u00edch. P\u0159esn\u00e1 m\u00edsta screeningu zraku \u0159idi\u010d\u016f jsou na webu. <\/p>\n","protected":false},"excerpt":{"rendered":"<div class=\"mh-excerpt\"><p>\u0158idi\u010di si mohou ve vybran\u00fdch m\u011bstech u \u010derpac\u00edch stanic po cel\u00fd kv\u011bten nechat zdarma otestovat od optometrist\u016f zrak. Kvalitn\u00ed vid\u011bn\u00ed je z\u00e1sadn\u00ed pro to, aby <a class=\"mh-excerpt-more\" href=\"https:\/\/www.invarena.cz\/?p=21245\" title=\"U \u010derpac\u00edch stanic se v kv\u011btnu bude zdarma testovat zrak\">[&#8230;]<\/a><\/p>\n<\/div>","protected":false},"author":1,"featured_media":0,"comment_status":"open","ping_status":"closed","sticky":false,"template":"","format":"standard","meta":{"footnotes":""},"categories":[9],"tags":[],"class_list":["post-21245","post","type-post","status-publish","format-standard","hentry","category-zpravy"],"_links":{"self":[{"href":"https:\/\/www.invarena.cz\/index.php?rest_route=\/wp\/v2\/posts\/21245","targetHints":{"allow":["GET"]}}],"collection":[{"href":"https:\/\/www.invarena.cz\/index.php?rest_route=\/wp\/v2\/posts"}],"about":[{"href":"https:\/\/www.invarena.cz\/index.php?rest_route=\/wp\/v2\/types\/post"}],"author":[{"embeddable":true,"href":"https:\/\/www.invarena.cz\/index.php?rest_route=\/wp\/v2\/users\/1"}],"replies":[{"embeddable":true,"href":"https:\/\/www.invarena.cz\/index.php?rest_route=%2Fwp%2Fv2%2Fcomments&post=21245"}],"version-history":[{"count":0,"href":"https:\/\/www.invarena.cz\/index.php?rest_route=\/wp\/v2\/posts\/21245\/revisions"}],"wp:attachment":[{"href":"https:\/\/www.invarena.cz\/index.php?rest_route=%2Fwp%2Fv2%2Fmedia&parent=21245"}],"wp:term":[{"taxonomy":"category","embeddable":true,"href":"https:\/\/www.invarena.cz\/index.php?rest_route=%2Fwp%2Fv2%2Fcategories&post=21245"},{"taxonomy":"post_tag","embeddable":true,"href":"https:\/\/www.invarena.cz\/index.php?rest_route=%2Fwp%2Fv2%2Ftags&post=21245"}],"curies":[{"name":"wp","href":"https:\/\/api.w.org\/{rel}","templated":true}]}}