{"id":21248,"date":"2015-05-11T10:19:19","date_gmt":"2015-05-11T08:19:19","guid":{"rendered":"http:\/\/www.invarena.cz\/?p=21248"},"modified":"2015-05-11T10:19:28","modified_gmt":"2015-05-11T08:19:28","slug":"oslavu-narozenin-si-nejvyssi-cech-moc-neuzil","status":"publish","type":"post","link":"https:\/\/www.invarena.cz\/?p=21248","title":{"rendered":"Oslavu narozenin si nejvy\u0161\u0161\u00ed \u010cech moc neu\u017eil"},"content":{"rendered":"<p><strong>Nejvy\u0161\u0161\u00ed \u010cech, Tom\u00e1\u0161 Pustina z Humpolce, slavil sv\u00e9 osmat\u0159ic\u00e1t\u00e9 narozeniny. Bohu\u017eel si je ale moc neu\u017eil. Ani te\u010f po t\u0159ech letech od operace nohy se jeho stav po\u0159\u00e1d nezlep\u0161uje. Probl\u00e9my mu d\u011bl\u00e1 uj\u00edt i p\u00e1r krok\u016f a re\u00e1ln\u011b hroz\u00ed, \u017ee skon\u010d\u00ed na invalidn\u00edm voz\u00edku.<\/strong><!--more--><\/p>\n<p>foto: youtube.com<\/p>\n<p>I p\u00e1r krok\u016f po byt\u011b, doj\u00edt jen z pokoje do kuchyn\u011b mu d\u011bl\u00e1 obrovsk\u00e9 probl\u00e9my. Nejvy\u0161\u0161\u00ed \u010cech Tom\u00e1\u0161 Pustina m\u00e1 st\u00e1le v lev\u00e9 p\u0159esn\u011b p\u0159ed t\u0159emi lety operovan\u00e9 noze zlomenou dlahu a ta se mu v\u00edc a v\u00edc bort\u00ed. Na novou operaci ale nem\u016f\u017ee kv\u016fli nezahojen\u00e9mu b\u00e9rcov\u00e9mu v\u0159edu.<\/p>\n<p>Stav Tom\u00e1\u0161e se natolik zhor\u0161il, \u017ee nejsp\u00ed\u0161 skon\u010d\u00ed na invalidn\u00edm voz\u00edku. To, aby se v\u016fbec mohl n\u011bkam dostat, u\u017e si ho byl i vyzkou\u0161et.<\/p>\n<p>Alena PUSTINOV\u00c1, matka:  nev\u00edm, jestli ho v\u016fbec utla\u010d\u00edm, jestli ho uvezu.<\/p>\n<p>Ono v\u016fbec t\u0159eba jen do postele dostat dv\u011b st\u011b dvacet t\u0159i centimetr\u016f vysok\u00e9ho a sto osmdes\u00e1t kilogram\u016f v\u00e1\u017e\u00edc\u00edho obra, to je po\u0159\u00e1d fu\u0161ka.<\/p>\n<p>Nic jin\u00e9ho ne\u017e po\u0159\u00eddit invalidn\u00ed voz\u00edk tak Tom\u00e1\u0161ovi nejsp\u00ed\u0161 nezbude. V l\u00e9t\u011b nechce b\u00fdt jen zav\u0159en\u00fd doma. Pl\u00e1nuje t\u0159eba n\u00e1v\u0161t\u011bvu humpoleck\u00e9ho hudebn\u00edho festivalu. Hr\u00e1t na n\u011bm toti\u017e budou i jeho kamar\u00e1di, kapela Wohnout, a ty nechce prop\u00e1snout.<\/p>\n<p> Televize Nova<\/p>\n","protected":false},"excerpt":{"rendered":"<div class=\"mh-excerpt\"><p>Nejvy\u0161\u0161\u00ed \u010cech, Tom\u00e1\u0161 Pustina z Humpolce, slavil sv\u00e9 osmat\u0159ic\u00e1t\u00e9 narozeniny. Bohu\u017eel si je ale moc neu\u017eil. Ani te\u010f po t\u0159ech letech od operace nohy se <a class=\"mh-excerpt-more\" href=\"https:\/\/www.invarena.cz\/?p=21248\" title=\"Oslavu narozenin si nejvy\u0161\u0161\u00ed \u010cech moc neu\u017eil\">[&#8230;]<\/a><\/p>\n<\/div>","protected":false},"author":1,"featured_media":21249,"comment_status":"open","ping_status":"closed","sticky":false,"template":"","format":"standard","meta":{"footnotes":""},"categories":[9],"tags":[],"class_list":["post-21248","post","type-post","status-publish","format-standard","has-post-thumbnail","hentry","category-zpravy"],"_links":{"self":[{"href":"https:\/\/www.invarena.cz\/index.php?rest_route=\/wp\/v2\/posts\/21248","targetHints":{"allow":["GET"]}}],"collection":[{"href":"https:\/\/www.invarena.cz\/index.php?rest_route=\/wp\/v2\/posts"}],"about":[{"href":"https:\/\/www.invarena.cz\/index.php?rest_route=\/wp\/v2\/types\/post"}],"author":[{"embeddable":true,"href":"https:\/\/www.invarena.cz\/index.php?rest_route=\/wp\/v2\/users\/1"}],"replies":[{"embeddable":true,"href":"https:\/\/www.invarena.cz\/index.php?rest_route=%2Fwp%2Fv2%2Fcomments&post=21248"}],"version-history":[{"count":0,"href":"https:\/\/www.invarena.cz\/index.php?rest_route=\/wp\/v2\/posts\/21248\/revisions"}],"wp:featuredmedia":[{"embeddable":true,"href":"https:\/\/www.invarena.cz\/index.php?rest_route=\/wp\/v2\/media\/21249"}],"wp:attachment":[{"href":"https:\/\/www.invarena.cz\/index.php?rest_route=%2Fwp%2Fv2%2Fmedia&parent=21248"}],"wp:term":[{"taxonomy":"category","embeddable":true,"href":"https:\/\/www.invarena.cz\/index.php?rest_route=%2Fwp%2Fv2%2Fcategories&post=21248"},{"taxonomy":"post_tag","embeddable":true,"href":"https:\/\/www.invarena.cz\/index.php?rest_route=%2Fwp%2Fv2%2Ftags&post=21248"}],"curies":[{"name":"wp","href":"https:\/\/api.w.org\/{rel}","templated":true}]}}