{"id":21253,"date":"2015-05-11T10:56:29","date_gmt":"2015-05-11T08:56:29","guid":{"rendered":"http:\/\/www.invarena.cz\/?p=21253"},"modified":"2015-05-11T10:56:29","modified_gmt":"2015-05-11T08:56:29","slug":"soud-potvrdil-liboru-mrazovi-osmnactilety-trest","status":"publish","type":"post","link":"https:\/\/www.invarena.cz\/?p=21253","title":{"rendered":"Soud potvrdil Liboru Mr\u00e1zovi osmn\u00e1ctilet\u00fd trest"},"content":{"rendered":"<p><strong>Vrchn\u00ed soud v Olomouci se minul\u00fd t\u00fdden zab\u00fdval nezvykle brut\u00e1ln\u00edm \u00fatokem na bezbrannou \u017eenu. Ta p\u0159e\u017eila jen d\u00edky maxim\u00e1ln\u00edmu \u00fasil\u00ed l\u00e9ka\u0159\u016f a je dodnes upout\u00e1na na invalidn\u00ed voz\u00edk. Osudn\u00fdm se j\u00ed stalo, \u017ee se pokusila zastavit zlod\u011bje, kter\u00fd vykr\u00e1dal jej\u00ed byt. <\/strong><\/p>\n<p>Byl mraziv\u00fd ve\u010der 9. ledna roku 2014, Libor Mr\u00e1z v t\u00e9 dob\u011b pracoval na rekonstrukci domu, kter\u00fd se pr\u00e1v\u011b v ten den rozhodl vykr\u00e1st. P\u0159i \u010dinu ho ale vyru\u0161ila majitelka.<\/p>\n<p>Vladim\u00edr LICHNOVSK\u00dd, mluv\u010d\u00ed Vrchn\u00edho soudu v Olomouci:J\u00ed zasadil nejm\u00e9n\u011b 7 \u00fader\u016f r\u016fzn\u00e9 intenzity, a to do vlasat\u00e9 a obli\u010dejov\u00e9 \u010d\u00e1sti hlavy, kdy pot\u00e9, co upadla do bezv\u011bdom\u00ed, tuto nechal na m\u00edst\u011b le\u017eet.<\/p>\n<p>Pak podle ob\u017ealoby je\u0161t\u011b hodinu kolem bezvl\u00e1dn\u00e9ho t\u011bla chodil a hledal cennosti. V\u00e1\u017en\u011b zran\u011bn\u00e9 \u017een\u011b nakonec ukradl i mobiln\u00ed telefony a nechal j\u00ed le\u017eet v nevytopen\u00e9m dom\u011b. To soud ozna\u010dil jako jasn\u00fd pokus o vra\u017edu a potvrdil p\u0159edchoz\u00ed osmn\u00e1ctilet\u00fd trest.<\/p>\n<p>Vladim\u00edr LICHNOVSK\u00dd:Nav\u00edc si mus\u00edme uv\u011bdomit, \u017ee se jedn\u00e1 o recidivistu, kter\u00fd u\u017e byl \u0161estn\u00e1ctkr\u00e1t soudn\u011b trest\u00e1n.<\/p>\n<p>ena je po \u00fatoku dodnes upout\u00e1na na invalidn\u00ed voz\u00edk a m\u00e1 probl\u00e9my s pam\u011bt\u00ed. Tak\u00e9 proto st\u00e1tn\u00ed z\u00e1stupce po\u017eadoval v\u00fdjime\u010dn\u00fd trest. Jeho odvol\u00e1n\u00ed ale soud zam\u00edtl. Mr\u00e1z s rozsudkem nesouhlas\u00ed a neust\u00e1le tvrd\u00ed, \u017ee \u017eenu necht\u011bl zab\u00edt. O tom je p\u0159esv\u011bd\u010dena i jeho obh\u00e1jkyn\u011b.<\/p>\n<p>Zde\u0148ka KASALOV\u00c1, obh\u00e1jkyn\u011b:<br \/>\nJ\u00e1 si mysl\u00edm, \u017ee d\u016fkazn\u00ed situace nesv\u011bd\u010d\u00ed pro z\u00e1v\u011br, kter\u00fd dnes odvolac\u00ed soud u\u010dinil. Otev\u0159ena je ot\u00e1zka dovol\u00e1n\u00ed. Uvid\u00edme, jak se s klientem porad\u00edme.<\/p>\n<p>Tom\u00e1\u0161 PETR\u017dELA, redaktor:Pokud by n\u011bkter\u00e1 ze stran podala mimo\u0159\u00e1dn\u00e9 dovol\u00e1n\u00ed, p\u0159\u00edpadem by se zab\u00fdval je\u0161t\u011b Nejvy\u0161\u0161\u00ed soud v Brn\u011b. V tuto chv\u00edli je ale rozsudek ka\u017edop\u00e1dn\u011b pravomocn\u00fd. <\/p>\n<p> Prima FTV.<\/p>\n","protected":false},"excerpt":{"rendered":"<div class=\"mh-excerpt\"><p>Vrchn\u00ed soud v Olomouci se minul\u00fd t\u00fdden zab\u00fdval nezvykle brut\u00e1ln\u00edm \u00fatokem na bezbrannou \u017eenu. Ta p\u0159e\u017eila jen d\u00edky maxim\u00e1ln\u00edmu \u00fasil\u00ed l\u00e9ka\u0159\u016f a je dodnes upout\u00e1na <a class=\"mh-excerpt-more\" href=\"https:\/\/www.invarena.cz\/?p=21253\" title=\"Soud potvrdil Liboru Mr\u00e1zovi osmn\u00e1ctilet\u00fd trest\">[&#8230;]<\/a><\/p>\n<\/div>","protected":false},"author":1,"featured_media":0,"comment_status":"open","ping_status":"closed","sticky":false,"template":"","format":"standard","meta":{"footnotes":""},"categories":[9],"tags":[],"class_list":["post-21253","post","type-post","status-publish","format-standard","hentry","category-zpravy"],"_links":{"self":[{"href":"https:\/\/www.invarena.cz\/index.php?rest_route=\/wp\/v2\/posts\/21253","targetHints":{"allow":["GET"]}}],"collection":[{"href":"https:\/\/www.invarena.cz\/index.php?rest_route=\/wp\/v2\/posts"}],"about":[{"href":"https:\/\/www.invarena.cz\/index.php?rest_route=\/wp\/v2\/types\/post"}],"author":[{"embeddable":true,"href":"https:\/\/www.invarena.cz\/index.php?rest_route=\/wp\/v2\/users\/1"}],"replies":[{"embeddable":true,"href":"https:\/\/www.invarena.cz\/index.php?rest_route=%2Fwp%2Fv2%2Fcomments&post=21253"}],"version-history":[{"count":0,"href":"https:\/\/www.invarena.cz\/index.php?rest_route=\/wp\/v2\/posts\/21253\/revisions"}],"wp:attachment":[{"href":"https:\/\/www.invarena.cz\/index.php?rest_route=%2Fwp%2Fv2%2Fmedia&parent=21253"}],"wp:term":[{"taxonomy":"category","embeddable":true,"href":"https:\/\/www.invarena.cz\/index.php?rest_route=%2Fwp%2Fv2%2Fcategories&post=21253"},{"taxonomy":"post_tag","embeddable":true,"href":"https:\/\/www.invarena.cz\/index.php?rest_route=%2Fwp%2Fv2%2Ftags&post=21253"}],"curies":[{"name":"wp","href":"https:\/\/api.w.org\/{rel}","templated":true}]}}