{"id":21254,"date":"2015-05-12T14:15:37","date_gmt":"2015-05-12T12:15:37","guid":{"rendered":"http:\/\/www.invarena.cz\/?p=21254"},"modified":"2015-05-12T14:24:17","modified_gmt":"2015-05-12T12:24:17","slug":"ministr-skolstvi-marcel-chladek-chce-dat-vice-penez-i-na-postizene-sportovce","status":"publish","type":"post","link":"https:\/\/www.invarena.cz\/?p=21254","title":{"rendered":"Ministr \u0161kolstv\u00ed Chl\u00e1dek chce d\u00e1t v\u00edce pen\u011bz i na posti\u017een\u00e9 sportovce"},"content":{"rendered":"<p><strong>Ministr \u0161kolstv\u00ed Marcel Chl\u00e1dek hovo\u0159il na Frekvenci 1 v Press klubu o financov\u00e1n\u00ed sportu, kde chce p\u0159idat nav\u00edc t\u0159i miliardy korun. Jednou z podporovan\u00fdch kategori\u00ed jsou i zdravotn\u011b posti\u017een\u00ed sportovci&#8230;<\/strong><!--more--><\/p>\n<p><strong>P\u0159ed p\u00e1r dny prob\u011bhlo jak\u00e9si zased\u00e1n\u00ed nebo konference na \u010cesk\u00e9 unii sportu, kter\u00e9ho jste se \u00fa\u010dastnil, pane minist\u0159e. Co se tam d\u016fle\u017eit\u00e9ho odehr\u00e1lo? Proto\u017ee v kulo\u00e1rech se \u0159\u00edk\u00e1, a vy mn\u011b to mo\u017en\u00e1 potvrd\u00edte nebo vyvr\u00e1t\u00edte, \u017ee u\u017e to kone\u010dn\u011b vypad\u00e1, \u017ee do sportu p\u016fjde v\u00edc pen\u011bz.<\/strong><\/p>\n<p>Marcel CHL\u00c1DEK, ministr \u0161kolstv\u00ed \/\u010cSSD\/:<br \/>\nTak, doufejme, byla to valn\u00e1 hromada \u010cesk\u00e9 unie sportu, a mo\u017en\u00e1 to bude p\u0159elomov\u00e1 valn\u00e1 hromada, nebo jedna z dal\u0161\u00edch p\u0159elomov\u00fdch, proto\u017ee jsem tam ozn\u00e1mil v r\u00e1mci p\u0159edstaven\u00ed koncepce podpory sportu, \u017ee budeme cht\u00edt do rozpo\u010dtu dal\u0161\u00ed t\u0159i miliardy nav\u00edc, tak\u017ee v podstat\u011b<strong> zdvojn\u00e1soben\u00ed po\u010dtu finan\u010dn\u00edch prost\u0159edk\u016f<\/strong> do oblasti sportu. N\u00e1m se za ten rok a \u010dtvrt, co jsem ministrem, poda\u0159ilo v\u00edce ztransparentnit financov\u00e1n\u00ed \u010desk\u00e9ho sportu, m\u00edsto p\u011bti program\u016f ji\u017e m\u00e1me dnes nastaveno sedm program\u016f a chceme do budoucna deset program\u016f, tak, aby ka\u017ed\u00fd program byl zam\u011b\u0159en\u00fd na jednu kategorii. Jednodu\u0161e \u0159e\u010deno, jedna kategorie je sportovn\u00ed reprezentace, druh\u00e1 v\u00fdznamn\u00e9 akce, t\u0159et\u00ed ml\u00e1de\u017e,<strong> \u010dtvrt\u00e1 zdravotn\u011b posti\u017een\u00ed sportovci<\/strong> a podobn\u011b. A minulosti to bylo tak, \u017ee \u0159ada t\u011bch kategori\u00ed byla v jednom bal\u00edku a podle na\u0161eho n\u00e1zoru to nebylo transparentn\u00ed a pr\u016fhledn\u00e9. Dal\u0161\u00ed krok, kter\u00fd je kl\u00ed\u010dov\u00fd, tak mus\u00edme tak\u00e9 \u0159\u00edci, \u017ee ta koncepce je ji\u017e t\u00e9m\u011b\u0159 dotvo\u0159ena, \u010dek\u00e1 se na schv\u00e1len\u00ed z\u00e1kona o podpo\u0159e sportu, kter\u00fd n\u00e1m tady chyb\u00ed v t\u00e9 nov\u00e9 podob\u011b, proto\u017ee ten sou\u010dasn\u00fd je ji\u017e p\u0159e\u017eit\u00fd. No, a v neposledn\u00ed \u0159ad\u011b se mus\u00edme vyvarovat tomu, co se stalo v leto\u0161n\u00edm roce, proto\u017ee d\u00edky p\u0159edchoz\u00edm rozhodnut\u00edm, kter\u00e9 nebyly koordinovan\u00e9, m\u00e1me v \u010cesk\u00e9 republice v roce 2015 nejv\u00edce sv\u011btov\u00fdch a evropsk\u00fdch ud\u00e1lost\u00ed za celou historii, organiza\u010dn\u011b, nap\u0159\u00edklad Mistrovstv\u00ed sv\u011bta v hokeji, Mistrovstv\u00ed Evropy v halov\u00e9 atletice, Mistrovstv\u00ed Evropy jednadvac\u00edtek ve fotbale, Mistrovstv\u00ed sv\u011bta v cyklokrosu a takto bych mohl pokra\u010dovat.<\/p>\n<p>moder\u00e1tor:<br \/>\nJasn\u011b. A &#8230;<\/p>\n<p>CHL\u00c1DEK,:<br \/>\nAle co je probl\u00e9m? J\u00e1 v\u00edm, \u017ee to je opravdu dobr\u00e9, l\u00e1kav\u00e9 pro fanou\u0161ky, ale takto mal\u00e1 zem\u011b zcela logicky bude m\u00edt probl\u00e9m to finan\u010dn\u011b ut\u00e1hnout. A ty prost\u0159edky pak budou chyb\u011bt n\u011bkde jinde. Nap\u0159\u00edklad na investice do sportu.<\/p>\n<p>moder\u00e1tor:<br \/>\nKam by m\u011bly dorazit ty t\u0159i miliardy, kter\u00e9 se te\u010f tedy poda\u0159\u00ed z\u00edskat do sportu?<\/p>\n<p>CHL\u00c1DEK:<br \/>\nJ\u00e1 tam m\u00e1m dv\u011b hlavn\u00ed priority. Jedna je ml\u00e1de\u017e, p\u0159edev\u0161\u00edm \u0161koln\u00ed ml\u00e1de\u017e, je\u0161t\u011b se k tomu vr\u00e1t\u00edm s dovolen\u00edm, a ta druh\u00e1 priorita je na mal\u00e9 jednoty. Mal\u00e9 jednoty dlouhodob\u011b jsou podfinancovan\u00e9, a my pot\u0159ebujeme jim poslat v\u00edce finan\u010dn\u00edch prost\u0159edk\u016f v podstat\u011b na \u00fadr\u017ebu, na provoz a na jejich \u010dinnost. Kdy\u017e se vr\u00e1t\u00edm k t\u00e9 ml\u00e1de\u017ei, my od z\u00e1\u0159\u00ed chceme zav\u00e1d\u011bt t\u0159et\u00ed hodinu pohybu nav\u00edc, tady podot\u00fdk\u00e1m pro v\u0161echny poslucha\u010de, \u017ee to je dobrovoln\u00e1 z\u00e1le\u017eitost.<br \/>\nTak\u017ee \u0161koly, kter\u00e9 se n\u00e1m p\u0159ihl\u00e1s\u00ed, tak se z\u00fa\u010dastn\u00ed tohoto projektu, a budou dost\u00e1vat od n\u00e1s finan\u010dn\u00ed prost\u0159edky na tren\u00e9ry a u\u010ditele, kte\u0159\u00ed tuto hodinu povedou. Chceme se zam\u011b\u0159it na prvn\u00ed stupe\u0148 z\u00e1kladn\u00ed \u0161koly.<\/p>\n<p>:<br \/>\nJak to bude vypadat? Po \u0161kole, a\u017e skon\u010d\u00ed v\u00fduka?<\/p>\n<p>CHL\u00c1DEK, :<br \/>\nA\u017e skon\u010d\u00ed v\u00fduka, tak pak ta \u0161kola, kter\u00e1 se do toho projektu p\u0159ihl\u00e1s\u00ed, bude m\u00edt zaji\u0161t\u011bn\u00e9ho tren\u00e9ra, zaji\u0161t\u011bn\u00e9 prostory, my budeme platit toho tren\u00e9ra, a ten povede pr\u00e1v\u011b tu pohybovou v\u00fduku. Cht\u011bli bychom, aby to nebyl klasick\u00fd t\u011blocvik, ale aby to byla t\u0159et\u00ed hodina pohybu hravou formou, zapojily se n\u00e1m do toho v\u0161echny velk\u00e9 sporty, basketbal, fotbal, hokejist\u00e9 a dal\u0161\u00ed a dal\u0161\u00ed, a oni pr\u00e1v\u011b povedou i metodicky tu v\u00fduku na tom prvn\u00edm stupni. My jsme zjistili, \u017ee nejv\u011bt\u0161\u00ed probl\u00e9m pr\u00e1v\u011b je, \u017ee ty nejmen\u0161\u00ed d\u011bti na z\u00e1klad\u011b toho, \u017ee mnohde ten t\u011blocvik samoz\u0159ejm\u011b u\u010d\u00ed u\u010ditel \u010di pan\u00ed u\u010ditelka, kter\u00e1 u\u010d\u00ed \u00fapln\u011b v\u0161echno, zp\u00edv\u00e1, kresl\u00ed, cvi\u010d\u00ed s nimi, \u010de\u0161tinu d\u011bl\u00e1, matematiku, a mnohdy pr\u00e1v\u011b mezi ty slab\u0161\u00ed str\u00e1nky, proto\u017ee ne ka\u017ed\u00fd z n\u00e1s jsme na v\u0161echno, tak ta slab\u0161\u00ed str\u00e1nka mnohdy u nich je ta t\u011blesn\u00e1 v\u00fdchova, a tam pr\u00e1v\u011b za\u010d\u00edn\u00e1 i ta nechu\u0165 k t\u011blocviku, proto\u017ee \u0159ada d\u011bt\u00ed prost\u011b d\u011bl\u00e1 formu t\u011blocviku, kter\u00e1 pro n\u011b nen\u00ed z\u00e1bavn\u00e1, nep\u0159it\u00e1hne je k tomu.<\/p>\n<p>:<br \/>\ntak\u017ee to by m\u011bl tento nov\u00fd projekt &#8230;<\/p>\n<p>CHL\u00c1DEK:<br \/>\nTo by m\u011bl zm\u011bnit. Pak by se m\u011bl roz\u0161\u00ed\u0159it a pokra\u010dovat a m\u011bl by pokra\u010dovat i druh\u00fd projekt, kter\u00fd vlastn\u011b je poh\u00e1r pro z\u00e1kladn\u00ed \u0161koly, poh\u00e1r ministra, kde se zapojilo p\u0159es tis\u00edc \u0161kol, jsou tam stovky a stovky \u017e\u00e1k\u016f, kte\u0159\u00ed sout\u011b\u017e\u00ed v r\u016fzn\u00fdch discipl\u00edn\u00e1ch, kolektivn\u00edch hr\u00e1ch, ale i v atletice, a co m\u00e1m zp\u011btnou vazbu, tak se to velmi uchytilo na \u0161kol\u00e1ch a d\u011bti bav\u00ed nejenom to, \u017ee se pohybuj\u00ed a sportuj\u00ed, ale takov\u00e1 ta soun\u00e1le\u017eitost ke \u0161kole, a \u017ee v podstat\u011b se navz\u00e1jem podporuj\u00ed. A mysl\u00edm si, \u017ee to zlep\u0161\u00ed i klima na \u010desk\u00fdch \u0161kol\u00e1ch.<\/p>\n<p>:<br \/>\nDob\u0159e. A vrcholov\u00fd sport? Do jak\u00e9 m\u00edry je v t\u00e9to chv\u00edli podfinancovan\u00fd, anebo t\u0159eba v\u00fdd\u011ble\u010dn\u00fd? Ten sport v tom nejvy\u0161\u0161\u00edm pat\u0159e.<\/p>\n<p>CHL\u00c1DEK,\/:<br \/>\nTak, sport obecn\u011b je dlouhodob\u011b podfinancovan\u00fd. V cel\u00e9 oblasti m\u00e1me podfinancov\u00e1no \u00fapln\u011b v\u0161e. Nap\u0159\u00edklad \u0161kolstv\u00ed, pr\u016fm\u011br v Evrop\u011b je \u0161est cel\u00fdch jedna hrub\u00e9ho dom\u00e1c\u00edho produktu, kter\u00e9 d\u00e1v\u00e1 vysp\u011bl\u00e1 Evropa, a my d\u00e1v\u00e1me n\u011bco pod \u010dty\u0159i procenta, d\u00e1v\u00e1me m\u00e9n\u011b i na ml\u00e1de\u017e, d\u00e1v\u00e1me m\u00e9n\u011b i na sport, srovn\u00e1m to se Slovenskem, Slovensko d\u00e1v\u00e1 p\u011btin\u00e1sobek \u010d\u00e1stky na sport, kdy\u017e to porovn\u00e1me s po\u010dtem obyvatel &#8230;<br \/>\nA pat\u0159\u00ed do toho i ten vrcholov\u00fd sport, kdy my chceme p\u0159idat finan\u010dn\u00ed prost\u0159edky, proto jsou ty t\u0159i miliardy, kter\u00e9 p\u016fjdou jak na ml\u00e1de\u017e, tak na mal\u00e9 jednoty, ale chceme i na vrcholov\u00fd sport, proto\u017ee, a p\u0159edev\u0161\u00edm vrcholov\u00fd sport ml\u00e1de\u017ee. Pokud chceme vychov\u00e1vat vrcholov\u00e9 sportovce, tak mus\u00edme d\u00e1t na ml\u00e1de\u017e finan\u010dn\u00ed prost\u0159edky, tak aby se n\u00e1m nest\u00e1valo to, co v hokeji, proto\u017ee to tady zazn\u00edv\u00e1, jsou tady r\u016fzn\u00e9 kauzy a debaty o tom, \u017ee se plat\u00ed za to, kdy\u017e n\u011bjak\u00fd hr\u00e1\u010d n\u011bkde hraje nebo nehraje, nebo kdy\u017e d\u00edt\u011b chce p\u0159estoupit z jednoho klubu do druh\u00e9ho, my bychom to cht\u011bli v\u00edce zafinancovat, proto\u017ee po informac\u00edch, kter\u00e9 j\u00e1 m\u00e1m, tak v podstat\u011b n\u00e1m ub\u00fdv\u00e1 ml\u00e1de\u017e v t\u011bch na\u0161ich kl\u00ed\u010dov\u00fdch sportech, jako je nap\u0159\u00edklad hokej, a pokud nebudeme m\u00edt kvalitn\u00ed z\u00e1kladnu, tak do budoucna se m\u016f\u017eeme rozlou\u010dit s n\u011bjakou medail\u00ed.<\/p>\n","protected":false},"excerpt":{"rendered":"<div class=\"mh-excerpt\"><p>Ministr \u0161kolstv\u00ed Marcel Chl\u00e1dek hovo\u0159il na Frekvenci 1 v Press klubu o financov\u00e1n\u00ed sportu, kde chce p\u0159idat nav\u00edc t\u0159i miliardy korun. Jednou z podporovan\u00fdch kategori\u00ed <a class=\"mh-excerpt-more\" href=\"https:\/\/www.invarena.cz\/?p=21254\" title=\"Ministr \u0161kolstv\u00ed Chl\u00e1dek chce d\u00e1t v\u00edce pen\u011bz i na posti\u017een\u00e9 sportovce\">[&#8230;]<\/a><\/p>\n<\/div>","protected":false},"author":1,"featured_media":6904,"comment_status":"open","ping_status":"closed","sticky":false,"template":"","format":"standard","meta":{"footnotes":""},"categories":[1],"tags":[],"class_list":["post-21254","post","type-post","status-publish","format-standard","has-post-thumbnail","hentry","category-nezarazene"],"_links":{"self":[{"href":"https:\/\/www.invarena.cz\/index.php?rest_route=\/wp\/v2\/posts\/21254","targetHints":{"allow":["GET"]}}],"collection":[{"href":"https:\/\/www.invarena.cz\/index.php?rest_route=\/wp\/v2\/posts"}],"about":[{"href":"https:\/\/www.invarena.cz\/index.php?rest_route=\/wp\/v2\/types\/post"}],"author":[{"embeddable":true,"href":"https:\/\/www.invarena.cz\/index.php?rest_route=\/wp\/v2\/users\/1"}],"replies":[{"embeddable":true,"href":"https:\/\/www.invarena.cz\/index.php?rest_route=%2Fwp%2Fv2%2Fcomments&post=21254"}],"version-history":[{"count":0,"href":"https:\/\/www.invarena.cz\/index.php?rest_route=\/wp\/v2\/posts\/21254\/revisions"}],"wp:featuredmedia":[{"embeddable":true,"href":"https:\/\/www.invarena.cz\/index.php?rest_route=\/wp\/v2\/media\/6904"}],"wp:attachment":[{"href":"https:\/\/www.invarena.cz\/index.php?rest_route=%2Fwp%2Fv2%2Fmedia&parent=21254"}],"wp:term":[{"taxonomy":"category","embeddable":true,"href":"https:\/\/www.invarena.cz\/index.php?rest_route=%2Fwp%2Fv2%2Fcategories&post=21254"},{"taxonomy":"post_tag","embeddable":true,"href":"https:\/\/www.invarena.cz\/index.php?rest_route=%2Fwp%2Fv2%2Ftags&post=21254"}],"curies":[{"name":"wp","href":"https:\/\/api.w.org\/{rel}","templated":true}]}}