{"id":21267,"date":"2015-05-12T13:48:50","date_gmt":"2015-05-12T11:48:50","guid":{"rendered":"http:\/\/www.invarena.cz\/?p=21267"},"modified":"2015-05-12T13:48:50","modified_gmt":"2015-05-12T11:48:50","slug":"marksova-vyber-dodavatelu-it-na-mpsv-probiha-transparentne","status":"publish","type":"post","link":"https:\/\/www.invarena.cz\/?p=21267","title":{"rendered":"Marksov\u00e1: V\u00fdb\u011br dodavatel\u016f IT na MPSV prob\u00edh\u00e1 transparentn\u011b"},"content":{"rendered":"<p><strong>Ministryn\u011b Michaela Marksov\u00e1 podrobn\u011b informovala vl\u00e1du o pr\u016fb\u011bhu zad\u00e1v\u00e1n\u00ed ve\u0159ejn\u00fdch zak\u00e1zek na agendov\u00e9 informa\u010dn\u00ed syst\u00e9my v r\u00e1mci Jednotn\u00e9ho informa\u010dn\u00edho syst\u00e9mu pr\u00e1ce a soci\u00e1ln\u00edch v\u011bc\u00ed na MPSV. Podle n\u00ed v\u00fdb\u011brov\u00e1 \u0159\u00edzen\u00ed prob\u00edhaj\u00ed transparentn\u011b.<\/strong><!--more--><\/p>\n<p>\u201eO \u0159\u00e1dn\u00e9m, propracovan\u00e9m a zejm\u00e9na nediskrimina\u010dn\u00edm nastaven\u00ed zad\u00e1vac\u00edch podm\u00ednek sv\u011bd\u010d\u00ed pom\u011brn\u011b velk\u00fd po\u010det podan\u00fdch nab\u00eddek a nejni\u017e\u0161\u00ed nab\u00eddkov\u00e9 ceny odpov\u00eddaj\u00edc\u00ed zhruba jedn\u00e9 t\u0159etin\u011b p\u0159edpokl\u00e1dan\u00e9 hodnoty ve\u0159ejn\u00e9 zak\u00e1zky, kter\u00e9 povedou ke zna\u010dn\u00e9 \u00faspo\u0159e ve\u0159ejn\u00fdch prost\u0159edk\u016f,\u201c \u0159\u00edk\u00e1 ministryn\u011b pr\u00e1ce a soci\u00e1ln\u00edch v\u011bc\u00ed Michaela Marksov\u00e1. <\/p>\n<p>\u201eNeevidujeme \u017e\u00e1dn\u00fd dotaz, kter\u00fd by upozor\u0148oval na jak\u00e9koli z\u00e1sadn\u00ed vady \u010di logick\u00e9 rozpory v zad\u00e1vac\u00edch podm\u00ednk\u00e1ch,\u201c dodala ministryn\u011b. <\/p>\n<p>Na jednu ve\u0159ejnou zak\u00e1zku je v pr\u016fm\u011bru \u0161est a\u017e deset nab\u00eddek, co\u017e potvrzuje skute\u010dnost, \u017ee uchaze\u010di objektivn\u011b neshled\u00e1vali zad\u00e1vac\u00ed podm\u00ednky nijak kontroverzn\u00edmi, rizikov\u00fdmi \u010di ve vztahu k p\u0159edm\u011btu pln\u011bn\u00ed ne\u00fam\u011brn\u011b n\u00e1ro\u010dn\u00fdmi. V opa\u010dn\u00e9m p\u0159\u00edpad\u011b by se toti\u017e tyto skute\u010dnosti prom\u00edtly do v\u00fd\u0161e nab\u00eddkov\u00fdch cen. O v\u0161eobecn\u00e9 akceptaci zad\u00e1vac\u00edch podm\u00ednek ze strany dodavatel\u016f pak sv\u011bd\u010d\u00ed tak\u00e9 to, \u017ee zat\u00edm nebyly zad\u00e1vac\u00ed podm\u00ednky ani \u017e\u00e1dn\u00fd \u00fakon zadavatele ve vztahu k ve\u0159ejn\u00fdm zak\u00e1zk\u00e1m JISPSV napadeny u \u00da\u0159adu pro ochranu hospod\u00e1\u0159sk\u00e9 sout\u011b\u017ee. <\/p>\n<p>Ministryn\u011b Michaela Marksov\u00e1 pravideln\u011b informuje vl\u00e1du o p\u0159\u00edprav\u011b a pr\u016fb\u011bhu t\u011bchto otev\u0159en\u00fdch v\u00fdb\u011brov\u00fdch \u0159\u00edzen\u00ed. Za \u00fa\u010delem zaji\u0161t\u011bn\u00ed agendov\u00fdch informa\u010dn\u00edch syst\u00e9m\u016f a souvisej\u00edc\u00edch agend od roku 2016 a 2017 byla vyhl\u00e1\u0161ena zad\u00e1vac\u00ed \u0159\u00edzen\u00ed otev\u0159en\u00fdch ve\u0159ejn\u00fdch zak\u00e1zek v listopadu a prosinci roku 2014.<\/p>\n<p> Z\u00e1rove\u0148 prob\u00edh\u00e1 otev\u0159en\u00e9 zad\u00e1vac\u00ed \u0159\u00edzen\u00ed na dod\u00e1n\u00ed HW, SW a slu\u017eeb v oblasti infrastruktury nov\u00fdch datov\u00fdch center. Na zased\u00e1n\u00ed vl\u00e1dy dne 1. 10. 2014 p\u0159ednesla ministryn\u011b prvn\u00ed materi\u00e1l \u201ePostup p\u0159i zaji\u0161\u0165ov\u00e1n\u00ed informa\u010dn\u00edch syst\u00e9m\u016f pro nepojistn\u00e9 soci\u00e1ln\u00ed d\u00e1vky a zam\u011bstnanost,\u201c ve kter\u00e9m sd\u011blila podrobnosti o pl\u00e1nu MPSV vyhl\u00e1sit otev\u0159en\u00e9 zad\u00e1vac\u00ed \u0159\u00edzen\u00ed na v\u00fdplatu nepojistn\u00fdch soci\u00e1ln\u00edch d\u00e1vek a d\u00e1vek st\u00e1tn\u00ed politiky zam\u011bstnanosti a na dal\u0161\u00ed souvisej\u00edc\u00ed informa\u010dn\u00ed syst\u00e9my. <\/p>\n<p>Dal\u0161\u00ed materi\u00e1l s n\u00e1zvem \u201e Od\u016fvodn\u011bn\u00ed ve\u0159ejn\u00e9 zak\u00e1zky \u201eJednotn\u00fd informa\u010dn\u00ed syst\u00e9m pr\u00e1ce a soci\u00e1ln\u00edch v\u011bc\u00ed IS \u2013 soci\u00e1ln\u00ed d\u00e1vky\u201c byl schv\u00e1len vl\u00e1dou \u010cR dne 1. 12. 2014. <\/p>\n<p>Petr Hab\u00e1\u0148<br \/>\ntiskov\u00fd mluv\u010d\u00ed MPSV<\/p>\n","protected":false},"excerpt":{"rendered":"<div class=\"mh-excerpt\"><p>Ministryn\u011b Michaela Marksov\u00e1 podrobn\u011b informovala vl\u00e1du o pr\u016fb\u011bhu zad\u00e1v\u00e1n\u00ed ve\u0159ejn\u00fdch zak\u00e1zek na agendov\u00e9 informa\u010dn\u00ed syst\u00e9my v r\u00e1mci Jednotn\u00e9ho informa\u010dn\u00edho syst\u00e9mu pr\u00e1ce a soci\u00e1ln\u00edch v\u011bc\u00ed na <a class=\"mh-excerpt-more\" href=\"https:\/\/www.invarena.cz\/?p=21267\" title=\"Marksov\u00e1: V\u00fdb\u011br dodavatel\u016f IT na MPSV prob\u00edh\u00e1 transparentn\u011b\">[&#8230;]<\/a><\/p>\n<\/div>","protected":false},"author":1,"featured_media":21072,"comment_status":"open","ping_status":"closed","sticky":false,"template":"","format":"standard","meta":{"footnotes":""},"categories":[7],"tags":[],"class_list":["post-21267","post","type-post","status-publish","format-standard","has-post-thumbnail","hentry","category-spolecnost"],"_links":{"self":[{"href":"https:\/\/www.invarena.cz\/index.php?rest_route=\/wp\/v2\/posts\/21267","targetHints":{"allow":["GET"]}}],"collection":[{"href":"https:\/\/www.invarena.cz\/index.php?rest_route=\/wp\/v2\/posts"}],"about":[{"href":"https:\/\/www.invarena.cz\/index.php?rest_route=\/wp\/v2\/types\/post"}],"author":[{"embeddable":true,"href":"https:\/\/www.invarena.cz\/index.php?rest_route=\/wp\/v2\/users\/1"}],"replies":[{"embeddable":true,"href":"https:\/\/www.invarena.cz\/index.php?rest_route=%2Fwp%2Fv2%2Fcomments&post=21267"}],"version-history":[{"count":0,"href":"https:\/\/www.invarena.cz\/index.php?rest_route=\/wp\/v2\/posts\/21267\/revisions"}],"wp:featuredmedia":[{"embeddable":true,"href":"https:\/\/www.invarena.cz\/index.php?rest_route=\/wp\/v2\/media\/21072"}],"wp:attachment":[{"href":"https:\/\/www.invarena.cz\/index.php?rest_route=%2Fwp%2Fv2%2Fmedia&parent=21267"}],"wp:term":[{"taxonomy":"category","embeddable":true,"href":"https:\/\/www.invarena.cz\/index.php?rest_route=%2Fwp%2Fv2%2Fcategories&post=21267"},{"taxonomy":"post_tag","embeddable":true,"href":"https:\/\/www.invarena.cz\/index.php?rest_route=%2Fwp%2Fv2%2Ftags&post=21267"}],"curies":[{"name":"wp","href":"https:\/\/api.w.org\/{rel}","templated":true}]}}