{"id":21273,"date":"2015-05-12T14:58:20","date_gmt":"2015-05-12T12:58:20","guid":{"rendered":"http:\/\/www.invarena.cz\/?p=21273"},"modified":"2015-05-12T14:58:20","modified_gmt":"2015-05-12T12:58:20","slug":"ve-vysce-i-na-zemi-pocitili-lide-slepotu-prijela-kavarna-potme","status":"publish","type":"post","link":"https:\/\/www.invarena.cz\/?p=21273","title":{"rendered":"Ve v\u00fd\u0161ce i na zemi poc\u00edtili lid\u00e9 slepotu. P\u0159ijela Kav\u00e1rna Potm\u011b"},"content":{"rendered":"<p><strong>Od nevid\u00edm do nevid\u00edm. Takov\u00e1 je otv\u00edrac\u00ed doba kav\u00e1rny, kter\u00e1 parkuje u kostela svat\u00e9 Ludmily na n\u00e1m\u011bst\u00ed M\u00edru. Dvacetimetrov\u00fd autobus se za\u010dern\u011bn\u00fdmi skly v\u0161ak d\u00e1v\u00e1 tu\u0161it, \u017ee se nejedn\u00e1 o oby\u010dejn\u00e9 ob\u010derstven\u00ed.<\/strong> <!--more--><\/p>\n<p>&#8222;Autobus propojuje sv\u011bt nevidom\u00fdch a vid\u00edc\u00edch. Z\u00e1rove\u0148 role mo\u017en\u00e1 p\u0159evrac\u00ed, proto\u017ee v okam\u017eiku, kdy se dostanete do Kav\u00e1rny Potm\u011b, tak jste naprosto v moci nevidom\u00fdch kav\u00e1rn\u00edk\u016f,&#8220; \u0159ekl P\u0159emysl Filip, \u0159editel Nada\u010dn\u00edho fondu Sv\u011btlu\u0161ka, kter\u00fd za\u0159\u00edzen\u00ed provozuje. Pr\u00e1v\u011b obsluhuj\u00edc\u00ed, jen\u017e je kv\u016fli sv\u00e9mu posti\u017een\u00ed na obklopuj\u00edc\u00ed tmu zvykl\u00fd, v\u0161echny n\u00e1v\u0161t\u011bvn\u00edky do kav\u00e1rny zavede, usad\u00ed, obslou\u017e\u00ed a pom\u016f\u017ee, pokud je t\u0159eba. Vyzkou\u0161et si zlomek z ka\u017edodenn\u00edch n\u00e1strah zrakov\u011b handicapovan\u00e9ho \u010dlov\u011bka je jeden z d\u016fvod\u016f, pro\u010d tato kav\u00e1rna u\u017e po \u010dtvrt\u00e9 vyr\u00e1\u017e\u00ed do r\u016fzn\u00fdch tuzemsk\u00fdch m\u011bst. Tak\u00e9 jde o pomoc nevidom\u00fdm, nebo\u0165 svou n\u00e1v\u0161t\u011bvou kav\u00e1rny \u010dlov\u011bk p\u0159isp\u00edv\u00e1 na konto Sv\u011btlu\u0161ky.<\/p>\n<p>Startovn\u00edm m\u00edstem, odkud Kav\u00e1rna Potm\u011b vyraz\u00ed na cestu, se stalo n\u00e1m\u011bst\u00ed M\u00edru na druh\u00e9 m\u011bstsk\u00e9 \u010d\u00e1sti. A\u017e do st\u0159edy 13. kv\u011btna zde bude autobus st\u00e1t a je mo\u017en\u00e9 ho nav\u0161t\u00edvit b\u011bhem otv\u00edrac\u00ed doby, kter\u00e1 je podle n\u00e1pisu na tri\u010dk\u00e1ch kav\u00e1rn\u00edk\u016f &#8222;od nevid\u00edm do nevid\u00edm&#8220;. P\u0159evedeno na \u010das vid\u00edc\u00edch: kav\u00e1rnu lze nav\u0161t\u00edvit od 10 do 20 hodin.<\/p>\n<p>Prvn\u00edmi leto\u0161n\u00edmi hosty byli here\u010dka Lenka Vlas\u00e1kov\u00e1 a herec Jan Dolansk\u00fd. Ten se u\u017e p\u0159ed vstupem do tmy t\u011b\u0161il na to, co ho \u010dek\u00e1. Akdy\u017e po zhruba p\u016fl hodin\u011b vy\u0161el, spln\u011bn\u00e1 o\u010dek\u00e1v\u00e1n\u00ed netajil. &#8222;Bylo to n\u00e1dhern\u00e9. Ze za\u010d\u00e1tku jsem m\u011bl pocit, \u017ee tu tmu rozkouk\u00e1m, \u017ee n\u011bco uvid\u00edm. Ale nevid\u011bl jsem nic. Asi p\u011bt minut mi trvalo, ne\u017e jsem se v prostoru zorientoval,&#8220; popsal divadeln\u00edk sv\u00e9 z\u00e1\u017eitky.<\/p>\n<p>Podobn\u011b na tom byla i jeho \u017eivotn\u00ed partnerka Vlas\u00e1kov\u00e1. &#8222;Asi jsem se cht\u011bla taky rozkoukat, ale bolely m\u011b z toho o\u010di. Tak jsem je zav\u0159ela, ale to se mi zase cht\u011blo sp\u00e1t. Potom jsem si p\u0159edstavovala, jestli bych jako nevidom\u00e1 po\u0159\u00e1d spala nebo jak bych to \u0159e\u0161ila,&#8220; prozradila here\u010dka s t\u00edm, \u017ee tma j\u00ed dost\u00e1vala do re\u017eimu klidu.<\/p>\n<p>Kladn\u00e9 z\u00e1\u017eitky si p\u0159i v\u00fdchodu z temn\u00e9ho vozidla odn\u00e1\u0161eli i horolezci, kte\u0159\u00ed na podzim m\u00ed\u0159\u00ed na osmitis\u00edcovou horu Cho-Oyu. Mezi nimi byl i nevidom\u00fd horolezec Jan \u0158\u00edha, kter\u00fd se tak stal trochu pr\u016fvodcem sv\u00fdch druh\u016f po kav\u00e1rn\u011b. Sami potom na sv\u011btle tvrdili, \u017ee p\u0159i v\u00fd\u0161lapu na velehoru, m\u016f\u017ee je klidn\u011b v\u00e9st znovu. Obavy nemaj\u00ed. D\u00edky n\u00e1v\u0161t\u011bv\u011b horolezc\u016f mohli lid\u00e9 na n\u00e1m\u011bst\u00ed M\u00edru vyzkou\u0161et, jak\u00e9 je to vyl\u00e9zat beze zraku sk\u00e1lu. Pobl\u00ed\u017e autobusu byla postavena horolezeck\u00e1 st\u011bna, na n\u00ed\u017e si mohl kdokoli zkusit vyl\u00e9zt. Ti odv\u00e1\u017en\u00ed i s p\u00e1skou p\u0159ed o\u010di, aby se v\u017eili do \u00fatrap zrakov\u011b posti\u017een\u00e9ho horolezce. Poslepu zdolat st\u011bnu si zkusil i jeden z hereck\u00fdch host\u016f Jan Dolansk\u00fd. I p\u0159es lehk\u00fd strach vylezl skoro na vrchol.<\/p>\n<p>Autobusov\u00e1 Kav\u00e1rna Potm\u011b za\u010dala na vinohradsk\u00e9m n\u00e1m\u011bst\u00ed u\u017e sv\u00e9 \u010dtvrt\u00e9 turn\u00e9 po regionech.<\/p>\n<p>Vstupn\u00e9 do \u010derno\u010dern\u00e9 kav\u00e1rny stoj\u00ed 140 korun a v\u00fdt\u011b\u017eek je ur\u010den pro sb\u00edrku Sv\u011btlu\u0161ka na pomoc nevidom\u00fdm a lidem s t\u011b\u017ek\u00fdm posti\u017een\u00edm zraku. Krom\u011b netradi\u010dn\u00edho z\u00e1\u017eitku si na pam\u00e1tku odnese ka\u017ed\u00fd n\u00e1v\u0161t\u011bvn\u00edk i hrne\u010dek a metr.<\/p>\n<p>BENEDIKT LEDERER<br \/>\nPra\u017esk\u00fd den\u00edk<br \/>\n<a href=\"http:\/\/www.prazsky.denik.cz\/\">http:\/\/www.prazsky.denik.cz\/<\/a><\/p>\n","protected":false},"excerpt":{"rendered":"<div class=\"mh-excerpt\"><p>Od nevid\u00edm do nevid\u00edm. Takov\u00e1 je otv\u00edrac\u00ed doba kav\u00e1rny, kter\u00e1 parkuje u kostela svat\u00e9 Ludmily na n\u00e1m\u011bst\u00ed M\u00edru. Dvacetimetrov\u00fd autobus se za\u010dern\u011bn\u00fdmi skly v\u0161ak d\u00e1v\u00e1 <a class=\"mh-excerpt-more\" href=\"https:\/\/www.invarena.cz\/?p=21273\" title=\"Ve v\u00fd\u0161ce i na zemi poc\u00edtili lid\u00e9 slepotu. P\u0159ijela Kav\u00e1rna Potm\u011b\">[&#8230;]<\/a><\/p>\n<\/div>","protected":false},"author":1,"featured_media":14494,"comment_status":"open","ping_status":"closed","sticky":false,"template":"","format":"standard","meta":{"footnotes":""},"categories":[9],"tags":[],"class_list":["post-21273","post","type-post","status-publish","format-standard","has-post-thumbnail","hentry","category-zpravy"],"_links":{"self":[{"href":"https:\/\/www.invarena.cz\/index.php?rest_route=\/wp\/v2\/posts\/21273","targetHints":{"allow":["GET"]}}],"collection":[{"href":"https:\/\/www.invarena.cz\/index.php?rest_route=\/wp\/v2\/posts"}],"about":[{"href":"https:\/\/www.invarena.cz\/index.php?rest_route=\/wp\/v2\/types\/post"}],"author":[{"embeddable":true,"href":"https:\/\/www.invarena.cz\/index.php?rest_route=\/wp\/v2\/users\/1"}],"replies":[{"embeddable":true,"href":"https:\/\/www.invarena.cz\/index.php?rest_route=%2Fwp%2Fv2%2Fcomments&post=21273"}],"version-history":[{"count":0,"href":"https:\/\/www.invarena.cz\/index.php?rest_route=\/wp\/v2\/posts\/21273\/revisions"}],"wp:featuredmedia":[{"embeddable":true,"href":"https:\/\/www.invarena.cz\/index.php?rest_route=\/wp\/v2\/media\/14494"}],"wp:attachment":[{"href":"https:\/\/www.invarena.cz\/index.php?rest_route=%2Fwp%2Fv2%2Fmedia&parent=21273"}],"wp:term":[{"taxonomy":"category","embeddable":true,"href":"https:\/\/www.invarena.cz\/index.php?rest_route=%2Fwp%2Fv2%2Fcategories&post=21273"},{"taxonomy":"post_tag","embeddable":true,"href":"https:\/\/www.invarena.cz\/index.php?rest_route=%2Fwp%2Fv2%2Ftags&post=21273"}],"curies":[{"name":"wp","href":"https:\/\/api.w.org\/{rel}","templated":true}]}}