{"id":21286,"date":"2015-05-16T05:01:21","date_gmt":"2015-05-16T03:01:21","guid":{"rendered":"http:\/\/www.invarena.cz\/?p=21286"},"modified":"2015-05-16T06:11:01","modified_gmt":"2015-05-16T04:11:01","slug":"znojmo-prispeje-na-pomoc-potrebnym","status":"publish","type":"post","link":"https:\/\/www.invarena.cz\/?p=21286","title":{"rendered":"Znojmo p\u0159isp\u011bje na pomoc pot\u0159ebn\u00fdm"},"content":{"rendered":"<p><strong>Zastupitel\u00e9 schv\u00e1lili miliony pro organizace, kter\u00e9 se v\u011bnuj\u00ed p\u00e9\u010di o znev\u00fdhodn\u011bn\u00e9 lidi. T\u0159eb\u00ed\u010d d\u00e1v\u00e1 dvojn\u00e1sobek <\/strong><!--more--><\/p>\n<p>\u2013 Miliony korun poskytne i letos znojemsk\u00e1 radnice organizac\u00edm a sdru\u017een\u00edm, kter\u00e9 se v\u011bnuj\u00ed pomoci pot\u0159ebn\u00fdm lidem. Nejvy\u0161\u0161\u00ed \u010d\u00e1stka putuje Oblastn\u00ed charit\u011b Znojmo. Jde o sumu jeden milion a sedm set tis\u00edc korun. T\u0159eb\u00ed\u010dsk\u00e1 radnice je je\u0161t\u011b \u0161t\u011bd\u0159ej\u0161\u00ed. M\u011bsto se srovnateln\u00fdm po\u010dtem obyvatel d\u00e1v\u00e1 charit\u011b p\u011bt a p\u016fl milionu korun. Tak\u00e9 B\u0159eclav, kter\u00e1 je co do po\u010dtu obyvatel v\u00fdrazn\u011b men\u0161\u00ed ne\u017e Znojmo, d\u00e1v\u00e1 charit\u011b a obecn\u011b na soci\u00e1ln\u00ed slu\u017eby a zdravotnictv\u00ed v\u00edce ne\u017e Znojmo. <\/p>\n<p>Dotace pro oblast soci\u00e1ln\u00ed a zdravotnictv\u00ed pro leto\u0161n\u00ed rok schv\u00e1lili znojem\u0161t\u00ed radn\u00ed a n\u00e1sledn\u011b zastupitelstvo. &#8222;Celkem p\u016fjde prost\u0159ednictv\u00edm t\u011bchto dotac\u00ed na podporu soci\u00e1ln\u00ed oblasti a zdravotnictv\u00ed \u010d\u00e1stka 4,4 milionu korun,&#8220; uvedla mluv\u010d\u00ed Znojma Zuzana Pastr\u0148\u00e1kov\u00e1. <\/p>\n<p>T\u0159eb\u00ed\u010dsk\u00e1 radnice na stejn\u00e9 slu\u017eby poskytuje v\u00edce ne\u017e dvojn\u00e1sobnou sumu. &#8222;Letos na soci\u00e1ln\u00ed slu\u017eby d\u00e1v\u00e1me v\u00edce ne\u017e dev\u011bt milion\u016f korun,&#8220; sd\u011blila mluv\u010d\u00ed t\u0159eb\u00ed\u010dsk\u00e9 radnice Irini Martakidisov\u00e1. <\/p>\n<p>Tak\u00e9 podstatn\u011b men\u0161\u00ed B\u0159eclav s rozpo\u010dtem o dv\u011b st\u011b milion\u016f korun ni\u017e\u0161\u00edm ne\u017e Znojmo poskytne pot\u0159ebn\u00fdm v\u00edce pen\u011bz. &#8222;Dotace do t\u00e9to oblasti \u010din\u00ed pro rok 2015 t\u00e9m\u011b\u0159 p\u011bt a p\u016fl milionu korun,&#8220; konstatovala mluv\u010d\u00ed b\u0159eclavsk\u00e9 radnice Eli\u0161ka Windov\u00e1. <\/p>\n<p>Nejvy\u0161\u0161\u00ed \u010d\u00e1stky dostaly oblastn\u00ed charity. Znojemsk\u00e1 z\u00edskala 1,7 milionu korun. &#8222;Je to sice o \u0161est set tis\u00edc korun m\u00e9n\u011b, ne\u017e jsme \u017e\u00e1dali, p\u0159esto jsem s v\u00fd\u0161\u00ed dotace spokojen\u00fd,&#8220; \u0159ekl \u0159editel znojemsk\u00e9 charity Ev\u017een Ad\u00e1mek. &#8222;D\u0159\u00edve jsme od Znojma dost\u00e1vali trojn\u00e1sobn\u011b m\u00e9n\u011b. Jen\u017ee a\u017e dosud jsme m\u011bli takzvan\u00e9 individu\u00e1ln\u00ed projekty na slu\u017eby prevence. A ty byly financovan\u00e9 krajsk\u00fdm \u00fa\u0159adem z evropsk\u00fdch dotac\u00ed. Toto obdob\u00ed nyn\u00ed skon\u010dilo. Vloni proto kraj motivoval obce, aby na podobn\u00e9 slu\u017eby p\u0159isp\u011bly dvaceti procenty z rozpo\u010dtu organizac\u00ed, kter\u00e9 o dotaci \u017e\u00e1daj\u00ed,&#8220; vysv\u011btlil Ad\u00e1mek.<br \/>\nT\u0159eb\u00ed\u010d d\u00e1v\u00e1 tamn\u00ed charit\u011b v\u00edce pen\u011bz ne\u017e Znojmo v\u0161em \u017eadatel\u016fm dohromady. &#8222;P\u0159\u00edsp\u011bvek pro charitu \u010din\u00ed v\u00edce ne\u017e p\u011bt a p\u016fl milionu korun,&#8220; p\u0159ibl\u00ed\u017eila mluv\u010d\u00ed Martakidisov\u00e1. O nich v\u00ed i \u0159editel znojemsk\u00e9 charity Ad\u00e1mek. &#8222;Pokou\u0161el jsem se na radnici p\u0159i jedn\u00e1n\u00edch argumentovat i t\u00edmto faktem, jen\u017ee bezv\u00fdsledn\u011b. Skute\u010dnost\u00ed v\u0161ak je, \u017ee t\u0159eb\u00ed\u010dsk\u00e1 charita, kter\u00e1 pracuje p\u0159ibli\u017en\u011b stejn\u011b dlouho jako na\u0161e, poskytuje o n\u011bco v\u00edce slu\u017eeb,&#8220; dodal Ad\u00e1mek. <\/p>\n<p>Druhou nejvy\u0161\u0161\u00ed sumu schv\u00e1lili znojem\u0161t\u00ed zastupitel\u00e9 D\u011btsk\u00e9mu centru Znojmo. &#8222;Dotace tomuto za\u0159\u00edzen\u00ed \u010din\u00ed rovn\u00fd milion korun,&#8220; sd\u011blila Pastr\u0148\u00e1kov\u00e1.<br \/>\nT\u0159i sta pades\u00e1t tis\u00edc korun dostal nakonec po p\u016fvodn\u00edch obav\u00e1ch z men\u0161\u00edho p\u0159\u00edsp\u011bvku tak\u00e9 \u010cesk\u00fd \u010derven\u00fd k\u0159\u00ed\u017e ve Znojm\u011b. &#8222;Dostali jsme pen\u00edze, o jak\u00e9 jsme \u017e\u00e1dali. Jde o \u010d\u00e1stku, kterou radnice d\u00e1vala i v minul\u00fdch letech. P\u016fvodn\u011b jsme sice m\u011bli m\u00edt o dv\u011b st\u011b tis\u00edc korun m\u00e9n\u011b, ale po porad\u011b \u010d\u00e1stku dorovnali. Jsem tedy spokojen\u00e1,&#8220; \u0159ekla \u0159editelka Oblastn\u00edho spolku \u010c\u010cK Jana \u0160erh\u00e1kov\u00e1. <\/p>\n<p>P\u016fl milionu korun p\u0159iklepli zastupitel\u00e9 znojemsk\u00e9 nemocnici, p\u0159es dv\u011b st\u011b tis\u00edc Spole\u010dnosti podan\u00e9 ruce, sto tis\u00edc Tyflocentru \u010di spole\u010dnostiADRA. Podle \u0159editele tav\u00edkovick\u00e9ho Domova u lesa Tom\u00e1\u0161e Havl\u00e1ska jde st\u00e1le v\u00fdhradn\u011b o dobrovolnost obecn\u00edch samospr\u00e1v, kter\u00e9 pen\u00edze pot\u0159ebn\u00fdm poskytuj\u00ed. &#8222;V na\u0161\u00ed republice neexistuje syst\u00e9mov\u00e9 \u0159e\u0161en\u00ed dotac\u00ed pro tyto slu\u017eby. Jde o d\u00e1rcovsk\u00fd syst\u00e9m. Soci\u00e1ln\u00ed oblast je choulostiv\u00e1 a politici st\u00e1le je\u0161t\u011b sly\u0161\u00ed na to, \u017ee by tam m\u011bli n\u011bco poslat. Obecn\u00ed zastupitel\u00e9 se pak ov\u0161em r\u00e1di pochlub\u00ed, \u017ee p\u0159isp\u011bli, co\u017e se d\u00e1 pou\u017e\u00edt p\u0159ed volbami,&#8220; konstatoval Havl\u00e1sek. &#8222;Je to zaj\u00edmav\u00e9.<br \/>\nPen\u011bz na soci\u00e1ln\u00ed slu\u017eby je m\u00e1lo a p\u0159itom se st\u00e1le rozv\u00edjej\u00ed,&#8220; uzav\u0159el Havl\u00e1sek.<br \/>\nDiskutujte na www.znojemskydenik.cz<\/p>\n<p>DALIBOR KRUTI\u0160<br \/>\nhttp:\/\/znojemsky.denik.cz\/<\/p>\n","protected":false},"excerpt":{"rendered":"<div class=\"mh-excerpt\"><p>Zastupitel\u00e9 schv\u00e1lili miliony pro organizace, kter\u00e9 se v\u011bnuj\u00ed p\u00e9\u010di o znev\u00fdhodn\u011bn\u00e9 lidi. T\u0159eb\u00ed\u010d d\u00e1v\u00e1 dvojn\u00e1sobek<\/p>\n<\/div>","protected":false},"author":1,"featured_media":600,"comment_status":"open","ping_status":"closed","sticky":false,"template":"","format":"standard","meta":{"footnotes":""},"categories":[9],"tags":[],"class_list":["post-21286","post","type-post","status-publish","format-standard","has-post-thumbnail","hentry","category-zpravy"],"_links":{"self":[{"href":"https:\/\/www.invarena.cz\/index.php?rest_route=\/wp\/v2\/posts\/21286","targetHints":{"allow":["GET"]}}],"collection":[{"href":"https:\/\/www.invarena.cz\/index.php?rest_route=\/wp\/v2\/posts"}],"about":[{"href":"https:\/\/www.invarena.cz\/index.php?rest_route=\/wp\/v2\/types\/post"}],"author":[{"embeddable":true,"href":"https:\/\/www.invarena.cz\/index.php?rest_route=\/wp\/v2\/users\/1"}],"replies":[{"embeddable":true,"href":"https:\/\/www.invarena.cz\/index.php?rest_route=%2Fwp%2Fv2%2Fcomments&post=21286"}],"version-history":[{"count":0,"href":"https:\/\/www.invarena.cz\/index.php?rest_route=\/wp\/v2\/posts\/21286\/revisions"}],"wp:featuredmedia":[{"embeddable":true,"href":"https:\/\/www.invarena.cz\/index.php?rest_route=\/wp\/v2\/media\/600"}],"wp:attachment":[{"href":"https:\/\/www.invarena.cz\/index.php?rest_route=%2Fwp%2Fv2%2Fmedia&parent=21286"}],"wp:term":[{"taxonomy":"category","embeddable":true,"href":"https:\/\/www.invarena.cz\/index.php?rest_route=%2Fwp%2Fv2%2Fcategories&post=21286"},{"taxonomy":"post_tag","embeddable":true,"href":"https:\/\/www.invarena.cz\/index.php?rest_route=%2Fwp%2Fv2%2Ftags&post=21286"}],"curies":[{"name":"wp","href":"https:\/\/api.w.org\/{rel}","templated":true}]}}